{"id":40443,"date":"2026-08-27T07:19:00","date_gmt":"2026-08-27T05:19:00","guid":{"rendered":"https:\/\/euapp01.newsmemory.com\/lamarseillaise\/news\/?p=40443"},"modified":"2026-08-31T08:22:39","modified_gmt":"2026-08-31T06:22:39","slug":"fibre-excellence-a-la-croisee-des-chemins","status":"publish","type":"post","link":"https:\/\/euapp01.newsmemory.com\/lamarseillaise\/news\/2026\/08\/27\/fibre-excellence-a-la-croisee-des-chemins\/","title":{"rendered":"Fibre Excellence \u00e0 la crois\u00e9e des chemins"},"content":{"rendered":"<div class=\"paragraph\">\n<p>La date fatidique du 28\u00a0ao\u00fbt se rapproche pour les ex-salari\u00e9s du site Fibre Excellence de Tarascon et la situation commence \u00e0 se tendre sensiblement.<\/p>\n<p>Alors que c\u2019est ce vendredi que l\u2019usine de p\u00e2te \u00e0 papier doit d\u00e9finitivement fermer ses portes, apr\u00e8s sa liquidation judiciaire le mois dernier, les travailleurs du site occupent toujours leur ancien lieu de travail. Et ce mercredi, ils se sont m\u00eame oppos\u00e9s \u00e0 la venue d\u2019une entreprise de maintenance industrielle qui doit prendre en charge la transition post-fermeture. \u00ab\u00a0<i>La pr\u00e9sence de cette entreprise ne r\u00e9pond ni aux besoins ni \u00e0 la mise en s\u00e9curit\u00e9 du site. On ne les laisse pas rentrer<\/i><i>\u00a0<\/i><i>!<\/i><i>\u00a0<\/i>\u00bb, d\u00e9nonce Jean-Michel Bulinge, d\u00e9l\u00e9gu\u00e9 syndical CGT dans l\u2019apr\u00e8s-midi. Rappelons qu\u2019apr\u00e8s la liquidation du site, les salari\u00e9s avaient \u00e9t\u00e9 rappel\u00e9s \u00e0 leurs postes pour assurer la s\u00e9curit\u00e9 de l\u2019usine class\u00e9e Seveso alors qu\u2019ils recevaient leurs lettres de licenciement. Ils avaient tir\u00e9 la sonnette d\u2019alarme sur un risque industriel r\u00e9el li\u00e9 \u00e0 cette transition (lire notre article du 24\u00a0ao\u00fbt). \u00ab\u00a0<i>Les effectifs pr\u00e9vus par le manutentionnaire ne correspondent pas aux besoins de s\u00e9curit\u00e9. Il n\u2019est pas capable de maintenir les installations en \u00e9tat<\/i><i>\u00a0<\/i>\u00bb, d\u00e9veloppe le syndicaliste. De quoi provoquer un coup de chaud sur le pays d\u2019Arles avec des tensions entre salari\u00e9s et nouveaux venus.<i> <\/i>Le tout, pilot\u00e9 par un mandataire judiciaire qui a en main le site depuis sa liquidation. \u00ab\u00a0<i>La situation est tendue, le mandataire judiciaire a menac\u00e9 de se retirer et de laisser \u00e0 l\u2019abandon le site<\/i><i>\u00a0<\/i><i>!<\/i> <i>On lui dit chiche, allons-y, la balle sera dans le camp du pr\u00e9fet<\/i><i>\u00a0<\/i><i>! Et on ne laissera pas un site Seveso rempli de produits chimiques \u00e0 l\u2019abandon<\/i><i>\u00a0<\/i>\u00bb, relate Jean-Michel Bulinge. La CGT entend d\u2019ailleurs interpeller la pr\u00e9fecture des Bouches-du-Rh\u00f4ne une nouvelle fois sur la situation \u00ab\u00a0<i>dans les deux jours \u00e0 venir<\/i><i>\u00a0<\/i>\u00bb.<\/p>\n<p>Si c\u2019est la s\u00e9curit\u00e9 du site \u00e0 l\u2019instant\u00a0T qui pr\u00e9occupe ses anciens salari\u00e9s, c\u2019est bien l\u2019avenir du site qui en d\u00e9pend. \u00ab\u00a0<i>Selon ce qui va \u00eatre fait, ou pas, les installations pourraient \u00eatre d\u00e9grad\u00e9es. Alors que les salari\u00e9s font toujours tout tourner<\/i><i>\u00a0<\/i>\u00bb, rappelle le d\u00e9l\u00e9gu\u00e9 syndical. D\u2019o\u00f9 le combat actuel pour les pr\u00e9server.<\/p>\n<\/p><\/div>\n<div class=\"intext\"> Plusieurs sc\u00e9narios possibles\n              <\/div>\n<div class=\"paragraph\">\n<p>Car m\u00eame liquid\u00e9, l\u2019usine ne restera pas en l\u2019\u00e9tat et une reprise du site est toujours possible\u00a0: \u00ab\u00a0<i>C\u2019est le mandataire judiciaire qui a la main, il peut vendre le site au plus offrant<\/i><i>\u00a0<\/i>\u00bb. En clair, plusieurs sc\u00e9narios sont sur la table\u00a0: \u00ab\u00a0<i>Un repreneur peut toujours acheter le foncier et en faire ce qu\u2019il veut&#8230; Il peut reprendre les salari\u00e9s, cr\u00e9er une activit\u00e9 diff\u00e9rente. Dans le pire des sc\u00e9narios, on se retrouve avec un ferrailleur qui va d\u00e9manteler et revendre au poids de la ferraille<\/i><i>\u00a0<\/i>\u00bb, d\u00e9veloppe Jean-Michel Bulinge.<\/p>\n<p>Ce d\u00e9bat sur l\u2019avenir du site a justement fait l\u2019objet d\u2019une longue communication de la R\u00e9gion Sud, ce mardi. \u00ab<i>\u00a0<\/i><i>Depuis la d\u00e9cision de liquidation, la priorit\u00e9 de la R\u00e9gion est de transformer cette crise industrielle en opportunit\u00e9 de r\u00e9industrialisation, tout en prot\u00e9geant les salari\u00e9s et l\u2019ensemble de la fili\u00e8re bois<\/i><i>\u00a0<\/i>\u00bb, explique la collectivit\u00e9. Avant d\u2019assurer qu\u2019elle a \u00ab\u00a0<i>diligent\u00e9 une premi\u00e8re \u00e9tude \u00e9conomique afin d\u2019organiser un tour de table d\u2019investisseurs et d\u2019industriels pour pr\u00e9server l\u2019avenir du site<\/i><i>\u00a0<\/i>\u00bb. Une \u00e9tude qui \u00ab<i>\u00a0<\/i><i>a permis de cibler les domaines strat\u00e9giques pour une reconversion<\/i><i>\u00a0<\/i><i>: BTP, logistique, \u00e9conomie circulaire<\/i><i>\u00a0<\/i>\u00bb. Forc\u00e9ment, cette piste n\u2019a pas la faveur des salari\u00e9s\u00a0: \u00ab\u00a0<i>Convertir le site co\u00fbterait 10<\/i><i>\u00a0<\/i><i>fois plus cher que trouver une solution pour reprendre l\u2019outil actuel<\/i><i>\u00a0<\/i>\u00bb. Reste que la R\u00e9gion entend poursuivre dans cette voie avec l\u2019annonce du \u00ab<i>\u00a0<\/i><i>lancement d\u2019une seconde \u00e9tude approfondie avec l\u2019agence de d\u00e9veloppement \u00e9conomique risingSUD <\/i>[entit\u00e9 de la R\u00e9gion, ndlr]\u00a0\u00bb. Autant dire que le dossier est loin d\u2019\u00eatre conclu&#8230; Et si l\u2019avenir de l\u2019usine tarasconnaise est assombri, il est un peu plus clair pour celui de son usine-s\u0153ur de Saint-Gaudens, en Haute-Garonne, rescap\u00e9e de la liquidation. Et notamment gr\u00e2ce \u00e0 l\u2019action de <a href=\"https:\/\/www.lamarseillaise.fr\/politique\/la-region-occitanie-veut-sauver-l-usine-saint-gaudens-HF20619169\">la R\u00e9gion Occitanie, dirig\u00e9e par Carole Delga (PS) qui a d\u00e9pos\u00e9 une offre de reprise avec un industriel<\/a>.<\/p>\n<\/p><\/div>\n","protected":false},"excerpt":{"rendered":"La date fatidique du 28&nbsp;ao&ucirc;t se rapproche pour les ex-salari&eacute;s du site Fibre Excellence de Tarascon et la situation commence &agrave; se tendre sensiblement.","protected":false},"author":1,"featured_media":40444,"comment_status":"open","ping_status":"open","sticky":false,"template":"","format":"standard","meta":{"footnotes":""},"categories":[3926,3925,331],"tags":[10,132,2565,409,1225,105,4279,2434,1486,1574,1586,16,4281,1131,3295,873,714,491,2430,962,111,6320,910],"news-destination":[3944],"news-source":[475],"is_homepage":[],"ta_other":[],"class_list":["post-40443","post","type-post","status-publish","format-standard","has-post-thumbnail","hentry","category-accueil-merge","category-accueil-third","category-social","tag-bouches-du-rhone","tag-communication","tag-economie-circulaire","tag-effectifs","tag-entreprise","tag-fermeture","tag-fibre-excellence","tag-installations","tag-licenciement","tag-liquidation-judiciaire","tag-logistique","tag-marseille","tag-pate-a-papier","tag-prefecture","tag-reconversion","tag-region-occitanie","tag-region-sud","tag-reindustrialisation","tag-repreneur","tag-salaries","tag-securite","tag-site-seveso","tag-travailleurs","news-destination-homepage","news-source-website"],"_links":{"self":[{"href":"https:\/\/euapp01.newsmemory.com\/lamarseillaise\/news\/wp-json\/wp\/v2\/posts\/40443","targetHints":{"allow":["GET"]}}],"collection":[{"href":"https:\/\/euapp01.newsmemory.com\/lamarseillaise\/news\/wp-json\/wp\/v2\/posts"}],"about":[{"href":"https:\/\/euapp01.newsmemory.com\/lamarseillaise\/news\/wp-json\/wp\/v2\/types\/post"}],"author":[{"embeddable":true,"href":"https:\/\/euapp01.newsmemory.com\/lamarseillaise\/news\/wp-json\/wp\/v2\/users\/1"}],"replies":[{"embeddable":true,"href":"https:\/\/euapp01.newsmemory.com\/lamarseillaise\/news\/wp-json\/wp\/v2\/comments?post=40443"}],"version-history":[{"count":1,"href":"https:\/\/euapp01.newsmemory.com\/lamarseillaise\/news\/wp-json\/wp\/v2\/posts\/40443\/revisions"}],"predecessor-version":[{"id":40445,"href":"https:\/\/euapp01.newsmemory.com\/lamarseillaise\/news\/wp-json\/wp\/v2\/posts\/40443\/revisions\/40445"}],"wp:featuredmedia":[{"embeddable":true,"href":"https:\/\/euapp01.newsmemory.com\/lamarseillaise\/news\/wp-json\/wp\/v2\/media\/40444"}],"wp:attachment":[{"href":"https:\/\/euapp01.newsmemory.com\/lamarseillaise\/news\/wp-json\/wp\/v2\/media?parent=40443"}],"wp:term":[{"taxonomy":"category","embeddable":true,"href":"https:\/\/euapp01.newsmemory.com\/lamarseillaise\/news\/wp-json\/wp\/v2\/categories?post=40443"},{"taxonomy":"post_tag","embeddable":true,"href":"https:\/\/euapp01.newsmemory.com\/lamarseillaise\/news\/wp-json\/wp\/v2\/tags?post=40443"},{"taxonomy":"news-destination","embeddable":true,"href":"https:\/\/euapp01.newsmemory.com\/lamarseillaise\/news\/wp-json\/wp\/v2\/news-destination?post=40443"},{"taxonomy":"news-source","embeddable":true,"href":"https:\/\/euapp01.newsmemory.com\/lamarseillaise\/news\/wp-json\/wp\/v2\/news-source?post=40443"},{"taxonomy":"is_homepage","embeddable":true,"href":"https:\/\/euapp01.newsmemory.com\/lamarseillaise\/news\/wp-json\/wp\/v2\/is_homepage?post=40443"},{"taxonomy":"ta_other","embeddable":true,"href":"https:\/\/euapp01.newsmemory.com\/lamarseillaise\/news\/wp-json\/wp\/v2\/ta_other?post=40443"}],"curies":[{"name":"wp","href":"https:\/\/api.w.org\/{rel}","templated":true}]}}