{"id":40440,"date":"2026-08-27T07:07:00","date_gmt":"2026-08-27T05:07:00","guid":{"rendered":"https:\/\/euapp01.newsmemory.com\/lamarseillaise\/news\/?p=40440"},"modified":"2026-08-31T07:55:47","modified_gmt":"2026-08-31T05:55:47","slug":"les-elections-senatoriales-animent-la-rentree-politique","status":"publish","type":"post","link":"https:\/\/euapp01.newsmemory.com\/lamarseillaise\/news\/2026\/08\/27\/les-elections-senatoriales-animent-la-rentree-politique\/","title":{"rendered":"Les \u00e9lections s\u00e9natoriales animent la rentr\u00e9e politique"},"content":{"rendered":"<div class=\"paragraph\">\n<p>\u00c0 un mois des s\u00e9natoriales, la seule certitude est qu\u2019il y aura forc\u00e9ment un nouveau s\u00e9nateur vauclusien. Des trois actuels, Alain Milon (LR) est le seul \u00e0 ne pas repartir, assumant le r\u00f4le de pr\u00e9sident de comit\u00e9 de soutien de son acolyte Jean-Baptiste Blanc. Lucien Stanzione (PS) postule \u00e0 nouveau dans un scrutin tr\u00e8s ind\u00e9cis.<\/p>\n<\/p><\/div>\n<div class=\"intext\"> Gros embouteillages<br \/>\n               <br \/>\u00e0 droite\n              <\/div>\n<div class=\"paragraph\">\n<p>S\u00e9nateur LR sortant, Jean-Baptiste Blanc fait figure de grand favori pour \u00eatre r\u00e9\u00e9lu. Disposant d\u2019un socle de voix de grands \u00e9lecteurs favorable, appr\u00e9ci\u00e9 dans son camp comme \u00e0 gauche, celui qui g\u00e8re aussi <br \/>la d\u00e9l\u00e9gation finances au D\u00e9partement a r\u00e9ussi \u00e0 convaincre Dominique Santoni d\u2019\u00eatre \u00e0 nouveau seconde de liste. La pr\u00e9sidente du conseil d\u00e9partemental est attendue ce jeudi soir \u00e0 Gordes pour une r\u00e9union de soutien \u00e0 Jean-Baptiste Blanc en pr\u00e9sence de G\u00e9rard Larcher, actuel pr\u00e9sident LR du S\u00e9nat. Reste \u00e0 savoir, en cas d\u2019\u00e9lection, un <br \/>sc\u00e9nario plausible, qui lui succ\u00e9derait \u00e0 la pr\u00e9sidence du D\u00e9partement. Pierre Gonzalvez, maire de L\u2019Isle-sur-la-Sorgue et pr\u00e9sident de l\u2019association des maires de Vaucluse, sera 3<sup>e<\/sup> de liste. Parti t\u00f4t en campagne, Jean-Baptiste Blanc a sillonn\u00e9 le Vaucluse tout l\u2019\u00e9t\u00e9 mettant en avant son bilan. Il se pr\u00e9vaut du soutien de la majorit\u00e9 s\u00e9natoriale, courrier \u00e0 l\u2019appui sign\u00e9 par Herv\u00e9 Marseille (UDI). Un parti dont le pr\u00e9sident vauclusien, Thomas Faure, a lui choisi la candidature d\u2019Ana\u00efs Hausmann, pr\u00e9cisant faire un \u00ab<i>\u00a0<\/i><i>choix personnel<\/i><i>\u00a0<\/i>\u00bb bien que le camp Hausmann y associe l\u2019UDI. Un embrouillamini qui a eu le don d\u2019agacer Jean-Baptiste Blanc.<\/p>\n<p>Adjointe et compagne du maire d\u2019Avignon,<a rel=\"noopener noreferrer\" href=\"https:\/\/www.lamarseillaise.fr\/politique\/olivier-galzi-veut-un-ecran-politique-encore-plus-grand-AE20350505\" target=\"_blank\"> Ana\u00efs Hausmann incarne le Bon sens des territoires, mouvement cr\u00e9\u00e9 par Olivier Galzi (DVD) et qui sera officiellement lanc\u00e9 le 10\u00a0septembre<\/a> lors d\u2019une r\u00e9union publique. Pour l\u2019heure, la composition de sa liste reste secr\u00e8te et la candidate vise plut\u00f4t le 3<sup>e<\/sup>\u00a0si\u00e8ge. Face \u00e0 son d\u00e9ficit de notori\u00e9t\u00e9 et d\u2019ancrage, Ana\u00efs Hausmann a \u00e9galement arpent\u00e9 le terrain, convaincue d\u2019\u00eatre compl\u00e9mentaire de Jean-Baptiste Blanc en jouant la carte du renouvellement. Ce vendredi, elle recevra la ministre Aurore Berg\u00e9 pour un d\u00e9jeuner de Femmes de territoire. Un nouveau cercle qu\u2019elle co-pr\u00e9side, d\u00e9corr\u00e9l\u00e9 des s\u00e9natoriales, mais dont le timing vise \u00e0 la cr\u00e9dibiliser. \u00ab\u00a0<i>Il faut faire attention aux divisions et j\u2019appellerai \u00e0 la responsabilit\u00e9 dans un d\u00e9partement o\u00f9 le RN est pr\u00e9sent<\/i>\u00a0\u00bb, pr\u00e9vient G\u00e9rard Larcher, dans <i>Vaucluse matin<\/i>. D\u2019autant que Sylvie Viala, pr\u00e9sidente du Modem, nous confirme \u00e9galement sa volont\u00e9 de d\u00e9poser une liste.<\/p>\n<\/p><\/div>\n<div class=\"intext\"> Le RN en embuscade\n              <\/div>\n<div class=\"paragraph\">\n<p>Ce morcellement \u00e0 droite et l\u2019\u00e9parpillement de listes pourraient m\u00e9caniquement profiter \u00e0 l\u2019extr\u00eame droite. Fort de victoires aux municipales, le RN esp\u00e8re glaner son 1<sup>er<\/sup>\u00a0s\u00e9nateur vauclusien, en la personne de Thierry D\u2019Aigremont son d\u00e9l\u00e9gu\u00e9 d\u00e9partemental. Sur le papier, l\u2019\u00e9tiage de grands \u00e9lecteurs n\u2019est pas tout \u00e0 fait suffisant pour y parvenir mais une victoire ne serait pas en soi une surprise. Mi-ao\u00fbt, il a adress\u00e9 une lettre aux \u00e9lus, tapant sur ses adversaires dont les partis sont affaiblis au national.<\/p>\n<\/p><\/div>\n<div class=\"intext\"> \u00c0 gauche, Lucien Stanzione en difficult\u00e9, LFI y sera aussi\n              <\/div>\n<div class=\"paragraph\">\n<p>S\u00e9nateur (PS) sortant, Lucien Stanzione n\u2019a pas abandonn\u00e9<a rel=\"noopener noreferrer\" href=\"https:\/\/www.lamarseillaise.fr\/politique\/lucien-stanzione-s-avance-vers-les-senatoriales-JB20569246\" target=\"_blank\"> l\u2019id\u00e9e de conserver son si\u00e8ge mais \u00ab\u00a0<i>la bataille sera difficile<\/i>\u00a0\u00bb<\/a>. Avec les pertes \u00e0 gauche d\u2019Avignon et Carpentras, il mise surtout sur son exp\u00e9rience et son r\u00e9seau aupr\u00e8s des \u00e9lus acquis depuis six ans pour rempiler au palais du Luxembourg. Contrairement \u00e0 2020, sa liste ne sera pas une addition de partis. Selon nos informations, confirm\u00e9s par les int\u00e9ress\u00e9s, Sandrine Raymond, maire de Saint-Pierre-de-Vassols, et Philippe Armengol, maire de Velleron, devraient \u00eatre num\u00e9ros 2 et 3 de la liste. Enfin, LFI a d\u00e9sign\u00e9 <a rel=\"noopener noreferrer\" href=\"https:\/\/www.lamarseillaise.fr\/politique\/en-vaucluse-lfi-s-attelle-aussi-a-composer-sa-liste-pour-les-senatoriales-KG20379672\" target=\"_blank\">Julien Gautier, \u00e9lu d\u2019opposition \u00e0 la Tour d\u2019Aigues <\/a>comme candidat Vaucluse <br \/>en commun, aux c\u00f4t\u00e9s <br \/>de l\u2019Avignonnaise Mathilde Louvain.<\/p>\n<\/p><\/div>\n","protected":false},"excerpt":{"rendered":"&Agrave; un mois des s&eacute;natoriales, la seule certitude est qu&rsquo;il y aura forc&eacute;ment un nouveau s&eacute;nateur vauclusien. Des trois actuels, Alain Milon (LR) est le seul &agrave; ne pas repartir, assumant le r&ocirc;le de &#8230;","protected":false},"author":1,"featured_media":40441,"comment_status":"open","ping_status":"open","sticky":false,"template":"","format":"standard","meta":{"footnotes":""},"categories":[3926,3925,330],"tags":[495,5612,174,193,642,433,387,540,3949,435,665,3176,4914,580,543,439,5195,137,171],"news-destination":[3944],"news-source":[475],"is_homepage":[],"ta_other":[],"class_list":["post-40440","post","type-post","status-publish","format-standard","has-post-thumbnail","hentry","category-accueil-merge","category-accueil-third","category-politique","tag-495","tag-aurore-berge","tag-avignon","tag-conseil-departemental","tag-droite","tag-elections","tag-femmes","tag-gauche","tag-gerard-larcher","tag-les-republicains","tag-lr","tag-lucien-stanzione","tag-olivier-galzi","tag-parti-socialiste","tag-ps","tag-rn","tag-senatoriales","tag-territoire","tag-vaucluse","news-destination-homepage","news-source-website"],"_links":{"self":[{"href":"https:\/\/euapp01.newsmemory.com\/lamarseillaise\/news\/wp-json\/wp\/v2\/posts\/40440","targetHints":{"allow":["GET"]}}],"collection":[{"href":"https:\/\/euapp01.newsmemory.com\/lamarseillaise\/news\/wp-json\/wp\/v2\/posts"}],"about":[{"href":"https:\/\/euapp01.newsmemory.com\/lamarseillaise\/news\/wp-json\/wp\/v2\/types\/post"}],"author":[{"embeddable":true,"href":"https:\/\/euapp01.newsmemory.com\/lamarseillaise\/news\/wp-json\/wp\/v2\/users\/1"}],"replies":[{"embeddable":true,"href":"https:\/\/euapp01.newsmemory.com\/lamarseillaise\/news\/wp-json\/wp\/v2\/comments?post=40440"}],"version-history":[{"count":1,"href":"https:\/\/euapp01.newsmemory.com\/lamarseillaise\/news\/wp-json\/wp\/v2\/posts\/40440\/revisions"}],"predecessor-version":[{"id":40442,"href":"https:\/\/euapp01.newsmemory.com\/lamarseillaise\/news\/wp-json\/wp\/v2\/posts\/40440\/revisions\/40442"}],"wp:featuredmedia":[{"embeddable":true,"href":"https:\/\/euapp01.newsmemory.com\/lamarseillaise\/news\/wp-json\/wp\/v2\/media\/40441"}],"wp:attachment":[{"href":"https:\/\/euapp01.newsmemory.com\/lamarseillaise\/news\/wp-json\/wp\/v2\/media?parent=40440"}],"wp:term":[{"taxonomy":"category","embeddable":true,"href":"https:\/\/euapp01.newsmemory.com\/lamarseillaise\/news\/wp-json\/wp\/v2\/categories?post=40440"},{"taxonomy":"post_tag","embeddable":true,"href":"https:\/\/euapp01.newsmemory.com\/lamarseillaise\/news\/wp-json\/wp\/v2\/tags?post=40440"},{"taxonomy":"news-destination","embeddable":true,"href":"https:\/\/euapp01.newsmemory.com\/lamarseillaise\/news\/wp-json\/wp\/v2\/news-destination?post=40440"},{"taxonomy":"news-source","embeddable":true,"href":"https:\/\/euapp01.newsmemory.com\/lamarseillaise\/news\/wp-json\/wp\/v2\/news-source?post=40440"},{"taxonomy":"is_homepage","embeddable":true,"href":"https:\/\/euapp01.newsmemory.com\/lamarseillaise\/news\/wp-json\/wp\/v2\/is_homepage?post=40440"},{"taxonomy":"ta_other","embeddable":true,"href":"https:\/\/euapp01.newsmemory.com\/lamarseillaise\/news\/wp-json\/wp\/v2\/ta_other?post=40440"}],"curies":[{"name":"wp","href":"https:\/\/api.w.org\/{rel}","templated":true}]}}