{"id":40435,"date":"2026-08-27T07:18:00","date_gmt":"2026-08-27T05:18:00","guid":{"rendered":"https:\/\/euapp01.newsmemory.com\/lamarseillaise\/news\/?p=40435"},"modified":"2026-08-31T08:22:39","modified_gmt":"2026-08-31T06:22:39","slug":"la-region-occitanie-veut-sauver-lusine-saint-gaudens","status":"publish","type":"post","link":"https:\/\/euapp01.newsmemory.com\/lamarseillaise\/news\/2026\/08\/27\/la-region-occitanie-veut-sauver-lusine-saint-gaudens\/","title":{"rendered":"La R\u00e9gion Occitanie veut sauver l\u2019usine Saint-Gaudens"},"content":{"rendered":"<div class=\"paragraph\">\n<p>\u00ab <i>N<\/i><i>ous avons fait la moiti\u00e9 du chemin et allons poursuivre le travail jusqu\u2019\u00e0 la prochaine audience du Tribunal de commerce, le 8<\/i><i>\u00a0<\/i><i>septembre. Rien n\u2019est gagn\u00e9. Mais une dynamique est engag\u00e9e. J\u2019irai jusqu\u2019au bout pour donner un avenir industriel durable \u00e0 Saint-Gaudens, \u00e0 ses salari\u00e9s et \u00e0 la fili\u00e8re p\u00e2te \u00e0 papier fran\u00e7aise<\/i>\u00a0\u00bb<i>. <\/i>D\u00e9termin\u00e9e \u00e0 ne pas voir s\u2019\u00e9teindre l\u2019emploi industriel, la pr\u00e9sidente de la R\u00e9gion Occitanie, Carole Delga (PS), a d\u00e9pos\u00e9 lundi, via l\u2019agence r\u00e9gionale des investissements strat\u00e9giques de la collectivit\u00e9 (Aris), une \u00ab\u00a0offre consolid\u00e9e\u00a0\u00bb de reprise pour la deuxi\u00e8me usine du groupe Fibre Excellence situ\u00e9e \u00e0 Saint-Gaudens en Haute-Garonne.<\/p>\n<\/p><\/div>\n<div class=\"intext\"> Le groupe Soprema<br \/>\n               <br \/>autour de la table\n              <\/div>\n<div class=\"paragraph\">\n<p>Contrairement au site proven\u00e7al de Tarascon, le tribunal de commerce de Toulouse a laiss\u00e9 un sursis aux quelque 300\u00a0travailleurs occitans. L\u2019offre pilot\u00e9e par la R\u00e9gion Occitanie comprend \u00ab\u00a0<i>90<\/i><i>\u00a0<\/i><i>millions d\u2019euros d\u2019investissement boucl\u00e9s, un business plan solide et plusieurs industriels autour de la table<\/i>\u00a0\u00bb, pr\u00e9cise Carole Delga. Parmi eux, l\u2019entreprise Soprema, un groupe ind\u00e9pendant alsacien au chiffre d\u2019affaires de 5,2\u00a0milliards d\u2019euros en\u00a02025, sp\u00e9cialis\u00e9 \u00ab\u00a0dans le domaine de l\u2019\u00e9tanch\u00e9it\u00e9, mais \u00e9galement comme un sp\u00e9cialiste de la couverture, des sous-couches phoniques et de l\u2019isolation\u00a0\u00bb, comme l\u2019indique le site de l\u2019entreprise dont le si\u00e8ge est \u00e0 Strasbourg. Soprema emploie 5\u00a0700\u00a0salari\u00e9s en France, plus de 13\u00a0000 dans le monde.<\/p>\n<p>\u00ab\u00a0<i>Je garde aussi pour ambition d\u2019offrir des perspectives pour le site de Tarascon<\/i>\u00a0\u00bb a aussi d\u00e9clar\u00e9 la pr\u00e9sidente de la R\u00e9gion Occitanie.<\/p>\n<\/p><\/div>\n","protected":false},"excerpt":{"rendered":"&laquo; Nous avons fait la moiti&eacute; du chemin et allons poursuivre le travail jusqu&rsquo;&agrave; la prochaine audience du Tribunal de commerce, le 8&nbsp;septembre. Rien n&rsquo;est gagn&eacute;. Mais une dynamique est engag&eacute;e. &#8230;","protected":false},"author":1,"featured_media":40436,"comment_status":"open","ping_status":"open","sticky":false,"template":"","format":"standard","meta":{"footnotes":""},"categories":[3926,3925,330,331],"tags":[10,879,1225,4279,624,519,284,4281,86,3316,962,1740,244,2374],"news-destination":[3944],"news-source":[475],"is_homepage":[],"ta_other":[],"class_list":["post-40435","post","type-post","status-publish","format-standard","has-post-thumbnail","hentry","category-accueil-merge","category-accueil-third","category-politique","category-social","tag-bouches-du-rhone","tag-carole-delga","tag-entreprise","tag-fibre-excellence","tag-industrie","tag-investissements","tag-occitanie","tag-pate-a-papier","tag-region","tag-reprise","tag-salaries","tag-tarascon","tag-tribunal-de-commerce","tag-usine","news-destination-homepage","news-source-website"],"_links":{"self":[{"href":"https:\/\/euapp01.newsmemory.com\/lamarseillaise\/news\/wp-json\/wp\/v2\/posts\/40435","targetHints":{"allow":["GET"]}}],"collection":[{"href":"https:\/\/euapp01.newsmemory.com\/lamarseillaise\/news\/wp-json\/wp\/v2\/posts"}],"about":[{"href":"https:\/\/euapp01.newsmemory.com\/lamarseillaise\/news\/wp-json\/wp\/v2\/types\/post"}],"author":[{"embeddable":true,"href":"https:\/\/euapp01.newsmemory.com\/lamarseillaise\/news\/wp-json\/wp\/v2\/users\/1"}],"replies":[{"embeddable":true,"href":"https:\/\/euapp01.newsmemory.com\/lamarseillaise\/news\/wp-json\/wp\/v2\/comments?post=40435"}],"version-history":[{"count":1,"href":"https:\/\/euapp01.newsmemory.com\/lamarseillaise\/news\/wp-json\/wp\/v2\/posts\/40435\/revisions"}],"predecessor-version":[{"id":40437,"href":"https:\/\/euapp01.newsmemory.com\/lamarseillaise\/news\/wp-json\/wp\/v2\/posts\/40435\/revisions\/40437"}],"wp:featuredmedia":[{"embeddable":true,"href":"https:\/\/euapp01.newsmemory.com\/lamarseillaise\/news\/wp-json\/wp\/v2\/media\/40436"}],"wp:attachment":[{"href":"https:\/\/euapp01.newsmemory.com\/lamarseillaise\/news\/wp-json\/wp\/v2\/media?parent=40435"}],"wp:term":[{"taxonomy":"category","embeddable":true,"href":"https:\/\/euapp01.newsmemory.com\/lamarseillaise\/news\/wp-json\/wp\/v2\/categories?post=40435"},{"taxonomy":"post_tag","embeddable":true,"href":"https:\/\/euapp01.newsmemory.com\/lamarseillaise\/news\/wp-json\/wp\/v2\/tags?post=40435"},{"taxonomy":"news-destination","embeddable":true,"href":"https:\/\/euapp01.newsmemory.com\/lamarseillaise\/news\/wp-json\/wp\/v2\/news-destination?post=40435"},{"taxonomy":"news-source","embeddable":true,"href":"https:\/\/euapp01.newsmemory.com\/lamarseillaise\/news\/wp-json\/wp\/v2\/news-source?post=40435"},{"taxonomy":"is_homepage","embeddable":true,"href":"https:\/\/euapp01.newsmemory.com\/lamarseillaise\/news\/wp-json\/wp\/v2\/is_homepage?post=40435"},{"taxonomy":"ta_other","embeddable":true,"href":"https:\/\/euapp01.newsmemory.com\/lamarseillaise\/news\/wp-json\/wp\/v2\/ta_other?post=40435"}],"curies":[{"name":"wp","href":"https:\/\/api.w.org\/{rel}","templated":true}]}}