{"id":40431,"date":"2026-08-27T07:03:00","date_gmt":"2026-08-27T05:03:00","guid":{"rendered":"https:\/\/euapp01.newsmemory.com\/lamarseillaise\/news\/?p=40431"},"modified":"2026-08-31T07:55:47","modified_gmt":"2026-08-31T05:55:47","slug":"une-rentree-universitaire-toute-politique","status":"publish","type":"post","link":"https:\/\/euapp01.newsmemory.com\/lamarseillaise\/news\/2026\/08\/27\/une-rentree-universitaire-toute-politique\/","title":{"rendered":"Une rentr\u00e9e universitaire toute politique"},"content":{"rendered":"<div class=\"paragraph\">\n<p>Ce mercredi 26\u00a0ao\u00fbt France Universit\u00e9s a rassembl\u00e9 une cinquantaine de pr\u00e9sidents d\u2019\u00e9tablissement \u00e0 l\u2019occasion de son assembl\u00e9e g\u00e9n\u00e9rale de rentr\u00e9e sur le campus de la Porte d\u2019Italie.<\/p>\n<p>L\u2019occasion de mettre en avant les grands d\u00e9fis auxquels doit r\u00e9pondre l\u2019enseignement sup\u00e9rieur fran\u00e7ais, mais aussi les investissements insuffisamment \u00e0 la hauteur des enjeux pour y parvenir. Et de se projeter sur les mois \u00e0 venir, avec notamment l\u2019\u00e9ch\u00e9ance de l\u2019\u00e9lection pr\u00e9sidentielle.<\/p>\n<p>\u00ab\u00a0<i>C\u2019est aussi pour les universit\u00e9s l\u2019occasion de r\u00e9fl\u00e9chir, de d\u00e9battre de mani\u00e8re \u00e0 pouvoir rencontrer les futurs candidats <\/i>[\u00e0 l\u2019\u00e9lection pr\u00e9sidentielle, ndlr]<i>. Et de voir comment ils se saisissent des propositions qu\u2019on fera dans les prochaines semaines, dans les prochains mois<\/i><i>\u00a0<\/i>\u00bb, pr\u00e9cise Lamri Adoui, le pr\u00e9sident de France Universit\u00e9s. Une d\u00e9marche d\u2019importance lorsqu\u2019on sait qu\u2019\u00e0 l\u2019extr\u00eame droite on en est encore \u00e0 s\u2019interroger sur le r\u00f4le de ces \u00e9tablissements sup\u00e9rieurs \u00ab\u00a0<i>bastions de la d\u00e9mocratie<\/i><i>\u00a0<\/i>\u00bb, et \u00e0 les attaquer.<\/p>\n<p>Et de poursuivre\u00a0: \u00ab\u00a0<i>L\u2019\u00e9t\u00e9 a d\u00e9montr\u00e9 combien on avait besoin finalement de sciences et quelque part d\u2019universit\u00e9, que ce soit en recherche ou en formation<\/i><i>\u00a0<\/i>\u00bb. Les ph\u00e9nom\u00e8nes extr\u00eames auxquels on a assist\u00e9, comme les \u00e9pisodes de canicule et les m\u00e9ga-feux ne pouvant que nous inciter \u00e0 travailler sur les enjeux de ressources en eau et de transition \u00e9cologique, explique-t-il. Et il en va de m\u00eame en mati\u00e8re de cybers\u00e9curit\u00e9, de souverainet\u00e9 nationale ou de comp\u00e9titivit\u00e9 \u00e9conomique.<\/p>\n<p>\u00ab<i>\u00a0<\/i><i>Il n\u2019y a pas de puissance fondamentale telle que la France sans une recherche qui soit une recherche forte<\/i>\u00a0\u00bb, insiste-t-il.<\/p>\n<p>Des sujets \u00e9minemment politiques qui doivent faire vivre le d\u00e9bat et aider \u00e0 d\u00e9terminer les orientations de demain.<\/p>\n<p>Quant \u00e0 la question cruciale du financement ou plut\u00f4t du sous-investissement chronique des universit\u00e9s, le constat est clair\u00a0: \u00ab\u00a0<i>la situation est pr\u00e9occupante de fa\u00e7on g\u00e9n\u00e9rale et alarmante pour un certain nombre d\u2019\u00e9tablissements<\/i><i>\u00a0<\/i>\u00bb, a rappel\u00e9 le pr\u00e9sident de France Universit\u00e9s.<\/p>\n<\/p><\/div>\n<div class=\"intext\"> \u00ab\u00a0Un choix de soci\u00e9t\u00e9\u00a0\u00bb\n              <\/div>\n<div class=\"paragraph\">\n<p>Certes, les subventions augmentent &#8211;\u00a0un tout petit peu\u00a0&#8211; tous les ans, mais les transferts de charges suppl\u00e9mentaires sont tels qu\u2019en r\u00e9alit\u00e9, les budgets sont \u00e0 la baisse. Et de pr\u00e9venir\u00a0: \u00ab\u00a0S<i>i rien n\u2019\u00e9volue dans les prochaines ann\u00e9es, il est tr\u00e8s clair que toutes les universit\u00e9s seront d\u00e9ficitaires \u00e0 l\u2019horizon 2030<\/i><i>\u00a0<\/i>\u00bb.<\/p>\n<p>Et comme personne ne sait aujourd\u2019hui de quoi sera faite la repr\u00e9sentation nationale, et quel budget sera vot\u00e9 en 2027, ni dans quelles conditions il sera vot\u00e9, mieux vaut continuer de marteler le message, poursuit Lamri Adoui, de mani\u00e8re \u00e0 ce personne n\u2019ignore les enjeux.<\/p>\n<p>Parce que la seule solution, lorsqu\u2019il n\u2019y a plus de financements suffisants, \u00ab<i>\u00a0<\/i><i>c\u2019est de r\u00e9duire les activit\u00e9s de formation et de recherche<\/i><i>\u00a0<\/i>\u00bb, pr\u00e9vient \u00e0 son tour le pr\u00e9sident de l\u2019universit\u00e9 de Toulon Xavier Leroux. Ce qui n\u2019est pas sans cons\u00e9quence sur la soci\u00e9t\u00e9 que l\u2019on veut construire. Et de pr\u00e9ciser\u00a0: \u00ab<i>\u00a0<\/i><i>A Toulon nous ne sommes pas d\u00e9ficitaires, mais on a d\u00fb politiquement, strat\u00e9giquement faire des choix en interne que j\u2019aurais voulu ne pas avoir \u00e0 faire, mais il fallait les faire pour pouvoir continuer d\u2019avancer<\/i>\u00a0\u00bb.<\/p>\n<p>\u00c0 travers le sort r\u00e9serv\u00e9 \u00e0 l\u2019universit\u00e9, ce pilier de la d\u00e9mocratie, et \u00e0 son 1,8\u00a0million d\u2019\u00e9tudiants, \u00ab\u00a0<i>c\u2019est un choix de soci\u00e9t\u00e9<\/i><i>\u00a0<\/i>\u00bb qui est en train de se dessiner.<\/p>\n<p>France Universit\u00e9s qui pr\u00e9voit de consacrer une partie de ses \u00e9changes de ce jeudi \u00e0 l\u2019\u00e9lection pr\u00e9sidentielle, indique que le 15\u00a0octobre prochain un grand colloque va porter sur la place de l\u2019universit\u00e9 dans la soci\u00e9t\u00e9. Et comment on pense son r\u00f4le dans le paysage de demain. \u00ab\u00a0<i>\u00c7a sera pour nous l\u2019occasion de faire conna\u00eetre un certain nombre de nos propositions<\/i>\u00a0\u00bb, conclut le pr\u00e9sident de l\u2019association. De quoi nourrir la r\u00e9flexion de cette rentr\u00e9e \u00e9tudiante et politique<i>.<\/i><\/p>\n<\/p><\/div>\n","protected":false},"excerpt":{"rendered":"Ce mercredi 26&nbsp;ao&ucirc;t France Universit&eacute;s a rassembl&eacute; une cinquantaine de pr&eacute;sidents d&rsquo;&eacute;tablissement &agrave; l&rsquo;occasion de son assembl&eacute;e g&eacute;n&eacute;rale de rentr&eacute;e sur le campus &#8230;","protected":false},"author":1,"featured_media":40432,"comment_status":"open","ping_status":"open","sticky":false,"template":"","format":"standard","meta":{"footnotes":""},"categories":[3926,3925,20],"tags":[4612,716,597,1615,31],"news-destination":[3944],"news-source":[475],"is_homepage":[],"ta_other":[],"class_list":["post-40431","post","type-post","status-publish","format-standard","has-post-thumbnail","hentry","category-accueil-merge","category-accueil-third","category-societe","tag-enseignement-superieur","tag-rentree","tag-toulon","tag-universite","tag-var","news-destination-homepage","news-source-website"],"_links":{"self":[{"href":"https:\/\/euapp01.newsmemory.com\/lamarseillaise\/news\/wp-json\/wp\/v2\/posts\/40431","targetHints":{"allow":["GET"]}}],"collection":[{"href":"https:\/\/euapp01.newsmemory.com\/lamarseillaise\/news\/wp-json\/wp\/v2\/posts"}],"about":[{"href":"https:\/\/euapp01.newsmemory.com\/lamarseillaise\/news\/wp-json\/wp\/v2\/types\/post"}],"author":[{"embeddable":true,"href":"https:\/\/euapp01.newsmemory.com\/lamarseillaise\/news\/wp-json\/wp\/v2\/users\/1"}],"replies":[{"embeddable":true,"href":"https:\/\/euapp01.newsmemory.com\/lamarseillaise\/news\/wp-json\/wp\/v2\/comments?post=40431"}],"version-history":[{"count":1,"href":"https:\/\/euapp01.newsmemory.com\/lamarseillaise\/news\/wp-json\/wp\/v2\/posts\/40431\/revisions"}],"predecessor-version":[{"id":40433,"href":"https:\/\/euapp01.newsmemory.com\/lamarseillaise\/news\/wp-json\/wp\/v2\/posts\/40431\/revisions\/40433"}],"wp:featuredmedia":[{"embeddable":true,"href":"https:\/\/euapp01.newsmemory.com\/lamarseillaise\/news\/wp-json\/wp\/v2\/media\/40432"}],"wp:attachment":[{"href":"https:\/\/euapp01.newsmemory.com\/lamarseillaise\/news\/wp-json\/wp\/v2\/media?parent=40431"}],"wp:term":[{"taxonomy":"category","embeddable":true,"href":"https:\/\/euapp01.newsmemory.com\/lamarseillaise\/news\/wp-json\/wp\/v2\/categories?post=40431"},{"taxonomy":"post_tag","embeddable":true,"href":"https:\/\/euapp01.newsmemory.com\/lamarseillaise\/news\/wp-json\/wp\/v2\/tags?post=40431"},{"taxonomy":"news-destination","embeddable":true,"href":"https:\/\/euapp01.newsmemory.com\/lamarseillaise\/news\/wp-json\/wp\/v2\/news-destination?post=40431"},{"taxonomy":"news-source","embeddable":true,"href":"https:\/\/euapp01.newsmemory.com\/lamarseillaise\/news\/wp-json\/wp\/v2\/news-source?post=40431"},{"taxonomy":"is_homepage","embeddable":true,"href":"https:\/\/euapp01.newsmemory.com\/lamarseillaise\/news\/wp-json\/wp\/v2\/is_homepage?post=40431"},{"taxonomy":"ta_other","embeddable":true,"href":"https:\/\/euapp01.newsmemory.com\/lamarseillaise\/news\/wp-json\/wp\/v2\/ta_other?post=40431"}],"curies":[{"name":"wp","href":"https:\/\/api.w.org\/{rel}","templated":true}]}}