{"id":40428,"date":"2026-08-27T06:40:00","date_gmt":"2026-08-27T04:40:00","guid":{"rendered":"https:\/\/euapp01.newsmemory.com\/lamarseillaise\/news\/?p=40428"},"modified":"2026-08-27T10:08:51","modified_gmt":"2026-08-27T08:08:51","slug":"le-budget-a-los-des-universites","status":"publish","type":"post","link":"https:\/\/euapp01.newsmemory.com\/lamarseillaise\/news\/2026\/08\/27\/le-budget-a-los-des-universites\/","title":{"rendered":"Le budget \u00e0 l\u2019os des Universit\u00e9s"},"content":{"rendered":"<div class=\"paragraph\">\n<p>Les universit\u00e9s fran\u00e7aises vont mal\u00a0; financi\u00e8rement s\u2019entend. Le futur budget de la Nation redressera-t-il la barre\u00a0? Rien n\u2019est moins s\u00fbr. Le plafond pr\u00e9visionnel\u00a02027 du budget de l\u2019enseignement sup\u00e9rieur et de la recherche est fix\u00e9 \u00e0 31,8\u00a0milliards d\u2019euros, soit une l\u00e9g\u00e8re hausse \u00e0 peine au-dessus de l\u2019inflation, donn\u00e9e fluctuante s\u2019il en est. Il ne sera donc, sans surprise, absolument pas au niveau des d\u00e9fis que doivent relever les universit\u00e9s d\u00e9j\u00e0 \u00e9trangl\u00e9es comme le r\u00e9v\u00e8le le rapport issu des Assises du financement des universit\u00e9s, rendu public le 24\u00a0juin.<\/p>\n<p><b>Ouvrir le d\u00e9bat d\u00e9mocratique<\/b><\/p>\n<p>De plus, ce budget, selon le gouvernement, \u00ab\u00a0<i>confortera les moyens des grands op\u00e9rateurs de recherche, notamment le CEA (Commissariat \u00e0 l\u2019\u00e9nergie atomique et aux \u00e9nergies alternatives), le CNRS (Centre national <\/i><i>de la recherche scientifique),<\/i><i> le Cnes (Centre national d\u2019\u00e9tudes spatiales), ainsi que ceux d\u00e9di\u00e9s \u00e0 la vie \u00e9tudiante<\/i>\u00a0\u00bb. Des \u00e9tudiants menac\u00e9s de voir leur aide au logement r\u00e9duite.<\/p>\n<p>Cerise sur le maigre g\u00e2teau budg\u00e9taire, faute de majorit\u00e9 pour la macronie \u00e0 l\u2019Assembl\u00e9e nationale, la loi de finances 2027 pourrait ne pas \u00eatre vot\u00e9e \u00e0 huit mois de l\u2019\u00e9lection pr\u00e9sidentielle et laisser place \u00e0 une loi sp\u00e9ciale reconduisant le pr\u00e9c\u00e9dent budget.<\/p>\n<p>Une ann\u00e9e \u00ab\u00a0blanche\u00a0\u00bb\u00a0? Plut\u00f4t \u00ab\u00a0noire\u00a0\u00bb pour le service public de l\u2019enseignement sup\u00e9rieur et de la recherche. Aussi, la d\u00e9cision des pr\u00e9sidents d\u2019universit\u00e9s de se m\u00ealer du d\u00e9bat lors de la campagne pr\u00e9sidentielle, est une bonne nouvelle\u00a0: le d\u00e9bat d\u00e9mocratique doit s\u2019ouvrir et, parmi les enjeux du scrutin, la question des moyens publics pour les universit\u00e9s n\u2019est pas la moindre.<\/p>\n<\/p><\/div>\n","protected":false},"excerpt":{"rendered":"Les universit&eacute;s fran&ccedil;aises vont mal&nbsp;; financi&egrave;rement s&rsquo;entend. Le futur budget de la Nation redressera-t-il la barre&nbsp;? Rien n&rsquo;est moins s&ucirc;r. Le plafond pr&eacute;visionnel&nbsp;2027 du budget de &#8230;","protected":false},"author":1,"featured_media":40429,"comment_status":"open","ping_status":"open","sticky":false,"template":"","format":"standard","meta":{"footnotes":""},"categories":[332],"tags":[430,822,1372,4612,572,528,1027,2520],"news-destination":[],"news-source":[475],"is_homepage":[],"ta_other":[],"class_list":["post-40428","post","type-post","status-publish","format-standard","has-post-thumbnail","hentry","category-edito","tag-budget","tag-coupes-budgetaires","tag-editoriaux","tag-enseignement-superieur","tag-france","tag-gouvernement","tag-inflation","tag-universites","news-source-website"],"_links":{"self":[{"href":"https:\/\/euapp01.newsmemory.com\/lamarseillaise\/news\/wp-json\/wp\/v2\/posts\/40428","targetHints":{"allow":["GET"]}}],"collection":[{"href":"https:\/\/euapp01.newsmemory.com\/lamarseillaise\/news\/wp-json\/wp\/v2\/posts"}],"about":[{"href":"https:\/\/euapp01.newsmemory.com\/lamarseillaise\/news\/wp-json\/wp\/v2\/types\/post"}],"author":[{"embeddable":true,"href":"https:\/\/euapp01.newsmemory.com\/lamarseillaise\/news\/wp-json\/wp\/v2\/users\/1"}],"replies":[{"embeddable":true,"href":"https:\/\/euapp01.newsmemory.com\/lamarseillaise\/news\/wp-json\/wp\/v2\/comments?post=40428"}],"version-history":[{"count":1,"href":"https:\/\/euapp01.newsmemory.com\/lamarseillaise\/news\/wp-json\/wp\/v2\/posts\/40428\/revisions"}],"predecessor-version":[{"id":40430,"href":"https:\/\/euapp01.newsmemory.com\/lamarseillaise\/news\/wp-json\/wp\/v2\/posts\/40428\/revisions\/40430"}],"wp:featuredmedia":[{"embeddable":true,"href":"https:\/\/euapp01.newsmemory.com\/lamarseillaise\/news\/wp-json\/wp\/v2\/media\/40429"}],"wp:attachment":[{"href":"https:\/\/euapp01.newsmemory.com\/lamarseillaise\/news\/wp-json\/wp\/v2\/media?parent=40428"}],"wp:term":[{"taxonomy":"category","embeddable":true,"href":"https:\/\/euapp01.newsmemory.com\/lamarseillaise\/news\/wp-json\/wp\/v2\/categories?post=40428"},{"taxonomy":"post_tag","embeddable":true,"href":"https:\/\/euapp01.newsmemory.com\/lamarseillaise\/news\/wp-json\/wp\/v2\/tags?post=40428"},{"taxonomy":"news-destination","embeddable":true,"href":"https:\/\/euapp01.newsmemory.com\/lamarseillaise\/news\/wp-json\/wp\/v2\/news-destination?post=40428"},{"taxonomy":"news-source","embeddable":true,"href":"https:\/\/euapp01.newsmemory.com\/lamarseillaise\/news\/wp-json\/wp\/v2\/news-source?post=40428"},{"taxonomy":"is_homepage","embeddable":true,"href":"https:\/\/euapp01.newsmemory.com\/lamarseillaise\/news\/wp-json\/wp\/v2\/is_homepage?post=40428"},{"taxonomy":"ta_other","embeddable":true,"href":"https:\/\/euapp01.newsmemory.com\/lamarseillaise\/news\/wp-json\/wp\/v2\/ta_other?post=40428"}],"curies":[{"name":"wp","href":"https:\/\/api.w.org\/{rel}","templated":true}]}}