{"id":40425,"date":"2026-08-27T07:49:00","date_gmt":"2026-08-27T05:49:00","guid":{"rendered":"https:\/\/euapp01.newsmemory.com\/lamarseillaise\/news\/?p=40425"},"modified":"2026-08-31T08:22:39","modified_gmt":"2026-08-31T06:22:39","slug":"vaincre-agen-et-demarrer-du-bon-pied-pour-provence","status":"publish","type":"post","link":"https:\/\/euapp01.newsmemory.com\/lamarseillaise\/news\/2026\/08\/27\/vaincre-agen-et-demarrer-du-bon-pied-pour-provence\/","title":{"rendered":"[Maj] Vaincre Agen et d\u00e9marrer du bon pied pour Provence Rugby"},"content":{"rendered":"<div class=\"paragraph\">\n<p>Les souvenirs du frustrant access match contre Perpignan sont d\u00e9sormais lointains et Provence Rugby n\u00e9gocie en ce moment un nouveau virage dans son histoire. Annonc\u00e9s grands favoris de la saison de Pro D2, les Aixois d\u00e9marrent, ce jeudi soir, le premier de leurs trente travaux vers le titre de champion.<\/p>\n<p>Pour l\u2019ouverture de l\u2019exercice 2026-2027, le SU Agen est le premier adversaire des Proven\u00e7aux. Sur le papier, ce concurrent venu du Lot-et-Garonne a tout du pi\u00e8ge. Cette semaine, Philippe Saint-Andr\u00e9 a rappel\u00e9 tous les tracas caus\u00e9s par les pensionnaires du stade Armandie l\u2019an pass\u00e9. <i>\u00ab<\/i><i>\u00a0<\/i><i>Jeudi, nous avons un match tr\u00e8s important contre Agen. C\u2019est la seule \u00e9quipe, la saison derni\u00e8re, \u00e0 nous battre chez elle et ils sont \u00e9galement venus gagner ici.<\/i><i>\u00a0<\/i><i>\u00bb<\/i><\/p>\n<p><i><\/i><\/p>\n<\/p><\/div>\n<div class=\"intext\"> \u00ab\u00a0Il ne faudra pas se poser de questions\u00a0\u00bb\n              <\/div>\n<div class=\"paragraph\">\n<p>En effet, le SUA s\u2019\u00e9tait impos\u00e9 27-23 chez eux avant de d\u00e9barquer \u00e0 Maurice-David pour l\u2019emporter 24-22. Un succ\u00e8s obtenu lorsque les Aixois \u00e9taient dans une spirale n\u00e9gative (5\u00a0d\u00e9faites cons\u00e9cutives). La derni\u00e8re victoire \u00e0 domicile contre Agen remonte \u00e0 2024, il y a presque deux ans jour pour jour, le 30 ao\u00fbt. L\u00e9o Drouet et Adrien Lap\u00e8gue \u00e9taient d\u00e9j\u00e0 marqueurs d\u2019essais lors de cette soir\u00e9e.<\/p>\n<p>Les deux \u00e9quipes ne se d\u00e9couvrent pas du tout puisqu\u2019elles ont toujours \u00e9t\u00e9 de vieilles connaissances, souvent adversaires de haut de tableau en Pro D2. Par ailleurs, l\u2019Argentin Mauricio Reggiardo entame sa seconde saison \u00e0 la t\u00eate du club agenais, lui qui a pass\u00e9 les quatre ann\u00e9es pr\u00e9c\u00e9dentes \u00e0 Aix-en-Provence. Autant dire qu\u2019il conna\u00eet sur le bout des doigts son concurrent de la semaine.<\/p>\n<p>Andres Zafra a \u00e9t\u00e9 officiellement intronis\u00e9 capitaine pour la saison \u00e0 venir et le joueur colombien voit sa formation pr\u00eate \u00e0 se confronter au championnat. <i>\u00ab<\/i><i>\u00a0<\/i><i>Je trouve qu\u2019on a fait une tr\u00e8s bonne pr\u00e9pa. Les nouveaux sont arriv\u00e9s un peu plus t\u00f4t que les autres, ils se sont tr\u00e8s bien int\u00e9gr\u00e9s. Les anciens, on a tout fait pour qu\u2019ils se sentent bien. On a bien boss\u00e9 physiquement et techniquement, <\/i>d\u00e9taillait le deuxi\u00e8me ligne<i>. Il y a des nouveaux joueurs qui vont nous apporter de l\u2019exp\u00e9rience, de la nouveaut\u00e9, plein de bonnes choses. Comme Philippe l\u2019a dit, il va falloir bien d\u00e9marrer par rapport \u00e0 l\u2019ann\u00e9e derni\u00e8re. Je pense qu\u2019on a un peu de pression parce que c\u2019est le premier match, on est favoris, mais jeudi soir \u00e0 21h, il ne faudra pas se poser de questions.<\/i><i>\u00a0<\/i><i>\u00bb<\/i><\/p>\n<p>Dans le premier groupe de la saison, nous retrouvons six recrues, dont quatre sont titulaires. La premi\u00e8re ligne est enti\u00e8rement remodel\u00e9e avec Pontanier, Giudicelli et Cotet align\u00e9s. Romain Trouilloud est lui plac\u00e9 \u00e0 l\u2019ouverture.<\/p>\n<\/p><\/div>\n<div class=\"paragraph\">\n<p><i><b><\/b><\/i><\/p>\n<p><i><b>1<\/b><\/i><i><b><sup>\u00e8re<\/sup><\/b><\/i><i><b> journ\u00e9e de Pro D2<\/b><\/i><\/p>\n<p>Stade Maurice-David (21h)<\/p>\n<p>Arbitre\u00a0: Thibault Santamaria<\/p>\n<p><b>Provence Rugby<\/b>\u00a0: Vareiro &#8211; Lapegue, Bituniyata, Finau, Colombet &#8211; Trouilloud, Coville &#8211; Tuisue, Gambini, Harrison &#8211; Youyoutte, Zafra &#8211; Cotet, Giudicelli, Pontanier<\/p>\n<p><b>Agen<\/b><b>\u00a0<\/b>: Dupichot &#8211; Laloi, Muscarditz, Ramoka, Etcheverry &#8211; Soulan, Bellot- Matakaiongo, Lebian, Tolofua &#8211; Demotte, Delemarle &#8211; Heiland, Socino, Lombard Buret<\/p>\n<\/p><\/div>\n<div class=\"paragraph\">\n<p><b>Denis Philipon revient sur le coup Wembanyama<\/b><\/p>\n<p>\u00c0 l\u2019occasion du point presse organis\u00e9 lundi au stade Maurice-David, le pr\u00e9sident Denis Philipon est revenu sur le passage de la star du basket Victor Wembanyama. Le g\u00e9ant de 2m24 s\u2019\u00e9tait entra\u00een\u00e9 cinq jours \u00e0 Aix.<\/p>\n<p><i>\u00ab \u00c7a a \u00e9t\u00e9 fait par connexion. Ne me demandez pas tous les d\u00e9tails. \u00c7a, ce sont les secrets de notre cuisine et de la force de notre \u00e9quipe. Victor avait plusieurs possibilit\u00e9s et il a choisi la Provence. C\u2019est le gendre id\u00e9al. En plus, il a tout le reste. Au-del\u00e0 de ses 2,24m, il est intelligent, il est modeste, il est plein d\u2019humilit\u00e9 \u00bb<\/i>, rapportait le pr\u00e9sident. Le club compte sortir les images de sa venue au cours du mois de septembre, s\u2019il obtient toutes les autorisations n\u00e9cessaires. Une question de droit d\u2019images.<\/p>\n<p>P.G.<\/p>\n<\/p><\/div>\n","protected":false},"excerpt":{"rendered":"Les souvenirs du frustrant access match contre Perpignan sont d&eacute;sormais lointains et Provence Rugby n&eacute;gocie en ce moment un nouveau virage dans son histoire. Annonc&eacute;s grands favoris de la saison de Pro D2, les Aixois &#8230;","protected":false},"author":1,"featured_media":40426,"comment_status":"open","ping_status":"open","sticky":false,"template":"","format":"standard","meta":{"footnotes":""},"categories":[3926,3925,7],"tags":[556,10,1021,1020,904],"news-destination":[3944],"news-source":[475],"is_homepage":[],"ta_other":[],"class_list":["post-40425","post","type-post","status-publish","format-standard","has-post-thumbnail","hentry","category-accueil-merge","category-accueil-third","category-sports","tag-aix-en-provence","tag-bouches-du-rhone","tag-pro-d2","tag-provence-rugby","tag-rugby","news-destination-homepage","news-source-website"],"_links":{"self":[{"href":"https:\/\/euapp01.newsmemory.com\/lamarseillaise\/news\/wp-json\/wp\/v2\/posts\/40425","targetHints":{"allow":["GET"]}}],"collection":[{"href":"https:\/\/euapp01.newsmemory.com\/lamarseillaise\/news\/wp-json\/wp\/v2\/posts"}],"about":[{"href":"https:\/\/euapp01.newsmemory.com\/lamarseillaise\/news\/wp-json\/wp\/v2\/types\/post"}],"author":[{"embeddable":true,"href":"https:\/\/euapp01.newsmemory.com\/lamarseillaise\/news\/wp-json\/wp\/v2\/users\/1"}],"replies":[{"embeddable":true,"href":"https:\/\/euapp01.newsmemory.com\/lamarseillaise\/news\/wp-json\/wp\/v2\/comments?post=40425"}],"version-history":[{"count":2,"href":"https:\/\/euapp01.newsmemory.com\/lamarseillaise\/news\/wp-json\/wp\/v2\/posts\/40425\/revisions"}],"predecessor-version":[{"id":40453,"href":"https:\/\/euapp01.newsmemory.com\/lamarseillaise\/news\/wp-json\/wp\/v2\/posts\/40425\/revisions\/40453"}],"wp:featuredmedia":[{"embeddable":true,"href":"https:\/\/euapp01.newsmemory.com\/lamarseillaise\/news\/wp-json\/wp\/v2\/media\/40426"}],"wp:attachment":[{"href":"https:\/\/euapp01.newsmemory.com\/lamarseillaise\/news\/wp-json\/wp\/v2\/media?parent=40425"}],"wp:term":[{"taxonomy":"category","embeddable":true,"href":"https:\/\/euapp01.newsmemory.com\/lamarseillaise\/news\/wp-json\/wp\/v2\/categories?post=40425"},{"taxonomy":"post_tag","embeddable":true,"href":"https:\/\/euapp01.newsmemory.com\/lamarseillaise\/news\/wp-json\/wp\/v2\/tags?post=40425"},{"taxonomy":"news-destination","embeddable":true,"href":"https:\/\/euapp01.newsmemory.com\/lamarseillaise\/news\/wp-json\/wp\/v2\/news-destination?post=40425"},{"taxonomy":"news-source","embeddable":true,"href":"https:\/\/euapp01.newsmemory.com\/lamarseillaise\/news\/wp-json\/wp\/v2\/news-source?post=40425"},{"taxonomy":"is_homepage","embeddable":true,"href":"https:\/\/euapp01.newsmemory.com\/lamarseillaise\/news\/wp-json\/wp\/v2\/is_homepage?post=40425"},{"taxonomy":"ta_other","embeddable":true,"href":"https:\/\/euapp01.newsmemory.com\/lamarseillaise\/news\/wp-json\/wp\/v2\/ta_other?post=40425"}],"curies":[{"name":"wp","href":"https:\/\/api.w.org\/{rel}","templated":true}]}}