{"id":40421,"date":"2026-08-26T20:19:00","date_gmt":"2026-08-26T18:19:00","guid":{"rendered":"https:\/\/euapp01.newsmemory.com\/lamarseillaise\/news\/?p=40421"},"modified":"2026-08-31T07:55:47","modified_gmt":"2026-08-31T05:55:47","slug":"marseille-senvole-a-new-york-sans-escale-europeenne","status":"publish","type":"post","link":"https:\/\/euapp01.newsmemory.com\/lamarseillaise\/news\/2026\/08\/26\/marseille-senvole-a-new-york-sans-escale-europeenne\/","title":{"rendered":"Marseille s\u2019envole \u00e0 New York sans escale europ\u00e9enne"},"content":{"rendered":"<div class=\"paragraph\">\n<p>U<i>n jour historique pour notre a\u00e9roport qui accueille pour la premi\u00e8re fois une compagnie am\u00e9ricaine sur notre territoire. Cette nouvelle ligne va g\u00e9n\u00e9rer d\u2019importantes retomb\u00e9es \u00e9conomiques, avec une augmentation attendue du nombre de visiteurs am\u00e9ricains en Provence, en provenance non seulement de New York mais aussi de tous les \u00c9tats-Unis<\/i>\u00a0\u00bb, s\u2019est f\u00e9licit\u00e9 Julien Coffinier, pr\u00e9sident du directoire.<\/p>\n<p>Apr\u00e8s Paris et Nice, puis Toulouse qui ouvre une ligne saisonni\u00e8re \u00e0 l\u2019\u00e9t\u00e9 prochain, Marseille deviendra la 4<sup>e<\/sup>\u00a0ville fran\u00e7aise \u00e0 b\u00e9n\u00e9ficier d\u2019une connexion a\u00e9rienne directe avec les \u00c9tats-Unis, avec une dur\u00e9e de vol estim\u00e9e \u00e0\u00a09h15. United Airlines op\u00e9rera la liaison entre Marseille-Provence et Newark Liberty (EWR), l\u2019un des grands hubs de la r\u00e9gion new-yorkaise, en A321XLR \u00ab\u00a0Born to Explore\u00a0\u00bb, \u00ab\u00a0<i>un avion de derni\u00e8re g\u00e9n\u00e9ration de 150<\/i><i>\u00a0<\/i><i>si\u00e8ges dont 20<\/i><i>\u00a0<\/i><i>suites avec si\u00e8ge-lit et porte privative<\/i><i>\u00a0<\/i>\u00bb, pr\u00e9cise la compagnie am\u00e9ricaine. Les billets sont en vente depuis ce mardi.<\/p>\n<\/p><\/div>\n<div class=\"intext\"> Dans les deux sens\n              <\/div>\n<div class=\"paragraph\">\n<p>Cette nouvelle ligne est une ouverture strat\u00e9gique motiv\u00e9e par la progression de la fr\u00e9quentation des touristes am\u00e9ricains. En\u00a02025, les \u00c9tats-Unis constituaient le troisi\u00e8me bassin \u00e9metteur international de la destination marseillaise. Ils sont pr\u00e8s de\u00a0800\u00a0000 \u00e0 s\u00e9journer chaque ann\u00e9e en Provence pour une dur\u00e9e moyenne de 8,4\u00a0jours \u00ab\u00a0<i>g\u00e9n\u00e9rant pr\u00e8s d\u2019un milliard d\u2019euros de retomb\u00e9es \u00e9conomiques directes pour le territoire<\/i>\u00a0\u00bb indique la direction de la R\u00e9gion\u00a0Sud. \u00ab\u00a0<i>Plus de 500<\/i><i>\u00a0<\/i><i>000<\/i><i>\u00a0<\/i><i>nuit\u00e9es am\u00e9ricaines ont \u00e9t\u00e9 enregistr\u00e9es en<\/i><i>\u00a0<\/i><i>2025 et la tendance se poursuit en<\/i><i>\u00a0<\/i><i>2026 avec une hausse de 22% au premier trimestre<\/i><i>\u00a0<\/i>\u00bb, pr\u00e9cise la collectivit\u00e9 qui y voit \u00ab\u00a0<i>une nouvelle preuve de notre attractivit\u00e9 internationale<\/i><i>\u00a0<\/i>\u00bb.<\/p>\n<p>\u00ab\u00a0<i>C\u2019est la preuve que Marseille attire et s\u00e9duit toujours plus en s\u2019imposant d\u00e9sormais comme une porte d\u2019entr\u00e9e incontournable en France et en M\u00e9diterran\u00e9e<\/i>\u00a0\u00bb a aussi salu\u00e9 Arnaud Drouot, le pr\u00e9sident de l\u2019Office du tourisme, des Loisirs et des Congr\u00e8s de Marseille. La ligne est aussi une nouvelle porte d\u2019entr\u00e9e aux \u00c9tats-Unis pour les Marseillais. \u00ab\u00a0<i>Elle favorisera les \u00e9changes touristiques<\/i>\u00a0\u00bb a-t-il pr\u00e9cis\u00e9, la Ville voulant \u00ab<i>\u00a0<\/i><i>poursuivre son travail de fond pour porter et encourager un tourisme \u00e9quilibr\u00e9, durable et b\u00e9n\u00e9fique aux Marseillais<\/i><i>\u00a0<\/i>\u00bb.<\/p>\n<p>Si les Am\u00e9ricains semblent \u00ab\u00a0<i>appr\u00e9cier l\u2019authenticit\u00e9 marseillaise<\/i><i>\u00a0<\/i>\u00bb, il reste \u00e0 souhaiter que cette nouvelle porte d\u2019entr\u00e9e sur la M\u00e9diterran\u00e9e ne s\u2019ouvre pas sur celles des Airbnb. Sur fond de crise du logement, quand pr\u00e8s d\u2019un appartement sur dix en centre-ville est d\u00e9di\u00e9 \u00e0 des meubl\u00e9s touristiques, la ville a d\u00fb r\u00e9agir en adoptant une s\u00e9rie de mesures durcissant les r\u00e8gles pour encadrer leur location.<\/p>\n<\/p><\/div>\n","protected":false},"excerpt":{"rendered":"&laquo; Un jour historique pour notre a&eacute;roport qui accueille pour la premi&egrave;re fois une compagnie am&eacute;ricaine sur notre territoire. Cette nouvelle ligne va g&eacute;n&eacute;rer d&rsquo;importantes retomb&eacute;es &#8230;","protected":false},"author":1,"featured_media":40422,"comment_status":"open","ping_status":"open","sticky":false,"template":"","format":"standard","meta":{"footnotes":""},"categories":[3926,3925,20],"tags":[986,4635,10,276,16,895,347,3374],"news-destination":[3944],"news-source":[475],"is_homepage":[],"ta_other":[],"class_list":["post-40421","post","type-post","status-publish","format-standard","has-post-thumbnail","hentry","category-accueil-merge","category-accueil-third","category-societe","tag-aeroport","tag-avion","tag-bouches-du-rhone","tag-etats-unis","tag-marseille","tag-provence","tag-tourisme","tag-vols","news-destination-homepage","news-source-website"],"_links":{"self":[{"href":"https:\/\/euapp01.newsmemory.com\/lamarseillaise\/news\/wp-json\/wp\/v2\/posts\/40421","targetHints":{"allow":["GET"]}}],"collection":[{"href":"https:\/\/euapp01.newsmemory.com\/lamarseillaise\/news\/wp-json\/wp\/v2\/posts"}],"about":[{"href":"https:\/\/euapp01.newsmemory.com\/lamarseillaise\/news\/wp-json\/wp\/v2\/types\/post"}],"author":[{"embeddable":true,"href":"https:\/\/euapp01.newsmemory.com\/lamarseillaise\/news\/wp-json\/wp\/v2\/users\/1"}],"replies":[{"embeddable":true,"href":"https:\/\/euapp01.newsmemory.com\/lamarseillaise\/news\/wp-json\/wp\/v2\/comments?post=40421"}],"version-history":[{"count":8,"href":"https:\/\/euapp01.newsmemory.com\/lamarseillaise\/news\/wp-json\/wp\/v2\/posts\/40421\/revisions"}],"predecessor-version":[{"id":40875,"href":"https:\/\/euapp01.newsmemory.com\/lamarseillaise\/news\/wp-json\/wp\/v2\/posts\/40421\/revisions\/40875"}],"wp:featuredmedia":[{"embeddable":true,"href":"https:\/\/euapp01.newsmemory.com\/lamarseillaise\/news\/wp-json\/wp\/v2\/media\/40422"}],"wp:attachment":[{"href":"https:\/\/euapp01.newsmemory.com\/lamarseillaise\/news\/wp-json\/wp\/v2\/media?parent=40421"}],"wp:term":[{"taxonomy":"category","embeddable":true,"href":"https:\/\/euapp01.newsmemory.com\/lamarseillaise\/news\/wp-json\/wp\/v2\/categories?post=40421"},{"taxonomy":"post_tag","embeddable":true,"href":"https:\/\/euapp01.newsmemory.com\/lamarseillaise\/news\/wp-json\/wp\/v2\/tags?post=40421"},{"taxonomy":"news-destination","embeddable":true,"href":"https:\/\/euapp01.newsmemory.com\/lamarseillaise\/news\/wp-json\/wp\/v2\/news-destination?post=40421"},{"taxonomy":"news-source","embeddable":true,"href":"https:\/\/euapp01.newsmemory.com\/lamarseillaise\/news\/wp-json\/wp\/v2\/news-source?post=40421"},{"taxonomy":"is_homepage","embeddable":true,"href":"https:\/\/euapp01.newsmemory.com\/lamarseillaise\/news\/wp-json\/wp\/v2\/is_homepage?post=40421"},{"taxonomy":"ta_other","embeddable":true,"href":"https:\/\/euapp01.newsmemory.com\/lamarseillaise\/news\/wp-json\/wp\/v2\/ta_other?post=40421"}],"curies":[{"name":"wp","href":"https:\/\/api.w.org\/{rel}","templated":true}]}}