{"id":40418,"date":"2026-08-26T20:37:00","date_gmt":"2026-08-26T18:37:00","guid":{"rendered":"https:\/\/euapp01.newsmemory.com\/lamarseillaise\/news\/?p=40418"},"modified":"2026-08-31T07:55:47","modified_gmt":"2026-08-31T05:55:47","slug":"un-ex-boxeur-blesse-par-balles-a-marseille","status":"publish","type":"post","link":"https:\/\/euapp01.newsmemory.com\/lamarseillaise\/news\/2026\/08\/26\/un-ex-boxeur-blesse-par-balles-a-marseille\/","title":{"rendered":"[Maj] Un ex-boxeur bless\u00e9 par balles \u00e0 Marseille"},"content":{"rendered":"<div class=\"paragraph\">\n<p>Deux hommes casqu\u00e9s ont tir\u00e9 depuis leur scooter en direction de la tour Bel Horizon, qui abrite un important point de deal, dans le quartier de Saint-Lazare (3<sup>e<\/sup>) ce mardi 25\u00a0ao\u00fbt vers 22h30 a-t-on appris de source polici\u00e8re. L\u2019\u00e9quipage touche un homme de 51\u00a0ans. Pris en charge par les marins-pompiers, son pronostic vital est engag\u00e9. Selon nos sources, il s\u2019agit fort probablement de l\u2019ex boxeur professionnel, Badar M\u2019Baye. Un colosse de 1,91\u00a0m, cat\u00e9gorie poids lourds, aur\u00e9ol\u00e9 de 12\u00a0victoires sur 20\u00a0combats, men\u00e9s au cours de sa courte carri\u00e8re de\u00a01997 \u00e0\u00a02003 sur les rings de la r\u00e9gion.<\/p>\n<\/p><\/div>\n<div class=\"intext\"> En conditionnelle\n              <\/div>\n<div class=\"paragraph\">\n<p>\u00ab\u00a0Black Thunder\u00a0\u00bb, litt\u00e9ralement le \u00ab\u00a0tonnerre noir\u00a0\u00bb, d\u2019origine s\u00e9n\u00e9galaise, est arriv\u00e9 \u00e0 Campagne L\u00e9v\u00eaque (15<sup>e<\/sup>) \u00e0 l\u2019adolescence, et s\u2019\u00e9tait recas\u00e9 chef de la s\u00e9curit\u00e9 \u00e0 Grand Littoral. Mais visiblement impulsif, sous l\u2019emprise de l\u2019alcool, il avait d\u00e9coch\u00e9 une s\u00e9rie de crochets fatale \u00e0 un cinquantenaire, \u00e0 la sortie d\u2019un bar \u00e0 Noailles en\u00a02018. Il sera condamn\u00e9 deux ans plus tard \u00e0 dix ans de prison. Il \u00e9tait en libert\u00e9 conditionnelle depuis peu. L\u2019enqu\u00eate, confi\u00e9e \u00e0 la direction de la criminalit\u00e9 organis\u00e9e et sp\u00e9cialis\u00e9e, doit permettre d\u2019\u00e9claircir les circonstances du drame.<\/p>\n<p>Reste que si son entourage reconna\u00eet qu\u2019il pouvait consommer de la coca\u00efne, il assure que l\u2019ex-sportif n\u2019avait pas de lien avec le narcotrafic. Mieux, il voulait s\u2019engager aux c\u00f4t\u00e9s des jeunes, nous affirme-t-on. Il aurait \u00e9t\u00e9 l\u00e0, au mauvais endroit, au mauvais moment&#8230;<\/p>\n<\/p><\/div>\n","protected":false},"excerpt":{"rendered":"Deux hommes casqu&eacute;s ont tir&eacute; depuis leur scooter en direction de la tour Bel Horizon, qui abrite un important point de deal, dans le quartier de Saint-Lazare (3e) ce mardi 25&nbsp;ao&ucirc;t vers 22h30 a-t-on appris de source &#8230;","protected":false},"author":1,"featured_media":40419,"comment_status":"open","ping_status":"open","sticky":false,"template":"","format":"standard","meta":{"footnotes":""},"categories":[3926,3925,20],"tags":[10,2058,59,2197,2799,16,268,1031,700,111],"news-destination":[3944],"news-source":[475],"is_homepage":[],"ta_other":[],"class_list":["post-40418","post","type-post","status-publish","format-standard","has-post-thumbnail","hentry","category-accueil-merge","category-accueil-third","category-societe","tag-bouches-du-rhone","tag-cocaine","tag-jeunes","tag-liberte","tag-marins-pompiers","tag-marseille","tag-narcotrafic","tag-prison","tag-quartier","tag-securite","news-destination-homepage","news-source-website"],"_links":{"self":[{"href":"https:\/\/euapp01.newsmemory.com\/lamarseillaise\/news\/wp-json\/wp\/v2\/posts\/40418","targetHints":{"allow":["GET"]}}],"collection":[{"href":"https:\/\/euapp01.newsmemory.com\/lamarseillaise\/news\/wp-json\/wp\/v2\/posts"}],"about":[{"href":"https:\/\/euapp01.newsmemory.com\/lamarseillaise\/news\/wp-json\/wp\/v2\/types\/post"}],"author":[{"embeddable":true,"href":"https:\/\/euapp01.newsmemory.com\/lamarseillaise\/news\/wp-json\/wp\/v2\/users\/1"}],"replies":[{"embeddable":true,"href":"https:\/\/euapp01.newsmemory.com\/lamarseillaise\/news\/wp-json\/wp\/v2\/comments?post=40418"}],"version-history":[{"count":2,"href":"https:\/\/euapp01.newsmemory.com\/lamarseillaise\/news\/wp-json\/wp\/v2\/posts\/40418\/revisions"}],"predecessor-version":[{"id":40446,"href":"https:\/\/euapp01.newsmemory.com\/lamarseillaise\/news\/wp-json\/wp\/v2\/posts\/40418\/revisions\/40446"}],"wp:featuredmedia":[{"embeddable":true,"href":"https:\/\/euapp01.newsmemory.com\/lamarseillaise\/news\/wp-json\/wp\/v2\/media\/40419"}],"wp:attachment":[{"href":"https:\/\/euapp01.newsmemory.com\/lamarseillaise\/news\/wp-json\/wp\/v2\/media?parent=40418"}],"wp:term":[{"taxonomy":"category","embeddable":true,"href":"https:\/\/euapp01.newsmemory.com\/lamarseillaise\/news\/wp-json\/wp\/v2\/categories?post=40418"},{"taxonomy":"post_tag","embeddable":true,"href":"https:\/\/euapp01.newsmemory.com\/lamarseillaise\/news\/wp-json\/wp\/v2\/tags?post=40418"},{"taxonomy":"news-destination","embeddable":true,"href":"https:\/\/euapp01.newsmemory.com\/lamarseillaise\/news\/wp-json\/wp\/v2\/news-destination?post=40418"},{"taxonomy":"news-source","embeddable":true,"href":"https:\/\/euapp01.newsmemory.com\/lamarseillaise\/news\/wp-json\/wp\/v2\/news-source?post=40418"},{"taxonomy":"is_homepage","embeddable":true,"href":"https:\/\/euapp01.newsmemory.com\/lamarseillaise\/news\/wp-json\/wp\/v2\/is_homepage?post=40418"},{"taxonomy":"ta_other","embeddable":true,"href":"https:\/\/euapp01.newsmemory.com\/lamarseillaise\/news\/wp-json\/wp\/v2\/ta_other?post=40418"}],"curies":[{"name":"wp","href":"https:\/\/api.w.org\/{rel}","templated":true}]}}