{"id":40414,"date":"2026-08-27T17:55:00","date_gmt":"2026-08-27T15:55:00","guid":{"rendered":"https:\/\/euapp01.newsmemory.com\/lamarseillaise\/news\/?p=40414"},"modified":"2026-08-29T08:43:47","modified_gmt":"2026-08-29T06:43:47","slug":"senatoriales-lfi-joue-la-carte-de-la-rupture-dans-la-gard","status":"publish","type":"post","link":"https:\/\/euapp01.newsmemory.com\/lamarseillaise\/news\/2026\/08\/27\/senatoriales-lfi-joue-la-carte-de-la-rupture-dans-la-gard\/","title":{"rendered":"[S\u00e9natoriales] LFI joue la carte de la rupture dans le Gard"},"content":{"rendered":"<div class=\"paragraph\">\n<p>Faute de Jardins de la Fontaine, refus\u00e9s pour l\u2019occasion, c\u2019est dans la p\u00e9nombre du Caf\u00e9 Olive que LFI a lanc\u00e9 le 25\u00a0ao\u00fbt sa campagne s\u00e9natoriale. Mais dans les mots, aucun clair-obscur. \u00ab\u00a0<i>Avec le PS, plus rien n\u2019est possible<\/i>\u00a0\u00bb, tranche Charles M\u00e9nard, coordinateur d\u00e9partemental du mouvement. Apr\u00e8s la Nupes et le Nouveau Front populaire, les insoumis assurent avoir encore \u00ab\u00a0<i>tendu la main<\/i>\u00a0\u00bb. Sans succ\u00e8s. Le PCF a choisi la liste conduite par le socialiste Denis Bouad. Charles M\u00e9nard fustige ainsi une \u00ab\u00a0<i>vieille gauche institutionnelle<\/i><i>\u00a0<\/i>\u00bb soucieuse, selon lui, avant tout de \u00ab\u00a0<i>se maintenir<\/i>\u00a0\u00bb.<\/p>\n<p>La liste insoumise sera donc men\u00e9e par Jean-Baptiste Thibaud, adjoint au maire du Vigan, ancien chercheur au CNRS et ing\u00e9nieur agronome. \u00c0 ses c\u00f4t\u00e9s\u00a0: Marie-Pierre Vaselli, Xavier Segura, Audrey Bonnet et Christophe Cl\u00e9ment. \u00ab\u00a0<i>Je n\u2019ai pas une ambition politique d\u00e9vorante<\/i><i>\u00a0<\/i>\u00bb, assure la t\u00eate de liste, mais la volont\u00e9 de porter \u00ab<b>\u00a0<\/b><i>un vrai projet politique de gauche<\/i><b>\u00a0<\/b><b>\u00bb<\/b>, avec l\u2019\u00e9cologie comme \u00ab\u00a0<i>axe central<\/i>\u00a0\u00bb.<\/p>\n<\/p><\/div>\n<div class=\"intext\"> Une campagne<br \/>\n               <br \/>qui d\u00e9passe le S\u00e9nat\n              <\/div>\n<div class=\"paragraph\">\n<p>Au programme\u00a0: davantage de moyens pour les communes, les services publics, le Sdis et l\u2019ONF, lutte contre les d\u00e9serts m\u00e9dicaux, gestion publique de l\u2019eau ou encore abrogation de la retraite \u00e0 64\u00a0ans. LFI veut aussi revoir le ZAN pour ne pas p\u00e9naliser les petites communes.<\/p>\n<p>Mais le fond programmatique est vite rattrap\u00e9 par la bataille interne \u00e0 la gauche. Jean-Baptiste Thibaud accuse le PS de \u00ab\u00a0<i>sauver les gouvernements successifs<\/i>\u00a0\u00bb et de voter des mesures \u00ab\u00a0<i>antisociales<\/i>\u00a0\u00bb. Marie-Pierre Vaselli va plus loin\u00a0: \u00ab\u00a0<i>Ils ne sont plus \u00e0 gauche, et m\u00eame \u00e0 droite, voire un peu plus \u00e0 droite que \u00e7a.<\/i>\u00a0\u00bb<\/p>\n<p>Dans un scrutin o\u00f9 LFI reconna\u00eet elle-m\u00eame partir avec peu de grands \u00e9lecteurs, la candidature semble donc aussi servir un autre objectif\u00a0: affirmer sa place dans le paysage politique gardois. Mais \u00e0 force de concentrer les coups sur le PS et ses anciens partenaires, une question affleure d\u00e9j\u00e0 au-del\u00e0 des s\u00e9natoriales\u00a0: \u00e0 l\u2019approche de la pr\u00e9sidentielle de 2027, la gauche peut-elle se permettre de se tromper d\u2019ennemi\u00a0? Alors que l\u2019extr\u00eame droite continue de progresser dans le Gard comme ailleurs, la strat\u00e9gie de la rupture permanente pourrait finir par peser bien plus lourd que le seul r\u00e9sultat du 27\u00a0septembre.<\/p>\n<\/p><\/div>\n","protected":false},"excerpt":{"rendered":"Faute de Jardins de la Fontaine, refus&eacute;s pour l&rsquo;occasion, c&rsquo;est dans la p&eacute;nombre du Caf&eacute; Olive que LFI a lanc&eacute; le 25&nbsp;ao&ucirc;t sa campagne s&eacute;natoriale. Mais dans les mots, aucun clair-obscur. &#8230;","protected":false},"author":1,"featured_media":40415,"comment_status":"open","ping_status":"open","sticky":false,"template":"","format":"standard","meta":{"footnotes":""},"categories":[918,3926,3925,330],"tags":[5306,1434,238,540,541,241,250,543,5195,751,581],"news-destination":[3944],"news-source":[475],"is_homepage":[],"ta_other":[],"class_list":["post-40414","post","type-post","status-publish","format-standard","has-post-thumbnail","hentry","category-accueil","category-accueil-merge","category-accueil-third","category-politique","tag-denis-bouad","tag-ecologie","tag-gard","tag-gauche","tag-lfi","tag-nimes","tag-pcf","tag-ps","tag-senatoriales","tag-service-public","tag-union-de-la-gauche","news-destination-homepage","news-source-website"],"_links":{"self":[{"href":"https:\/\/euapp01.newsmemory.com\/lamarseillaise\/news\/wp-json\/wp\/v2\/posts\/40414","targetHints":{"allow":["GET"]}}],"collection":[{"href":"https:\/\/euapp01.newsmemory.com\/lamarseillaise\/news\/wp-json\/wp\/v2\/posts"}],"about":[{"href":"https:\/\/euapp01.newsmemory.com\/lamarseillaise\/news\/wp-json\/wp\/v2\/types\/post"}],"author":[{"embeddable":true,"href":"https:\/\/euapp01.newsmemory.com\/lamarseillaise\/news\/wp-json\/wp\/v2\/users\/1"}],"replies":[{"embeddable":true,"href":"https:\/\/euapp01.newsmemory.com\/lamarseillaise\/news\/wp-json\/wp\/v2\/comments?post=40414"}],"version-history":[{"count":3,"href":"https:\/\/euapp01.newsmemory.com\/lamarseillaise\/news\/wp-json\/wp\/v2\/posts\/40414\/revisions"}],"predecessor-version":[{"id":40671,"href":"https:\/\/euapp01.newsmemory.com\/lamarseillaise\/news\/wp-json\/wp\/v2\/posts\/40414\/revisions\/40671"}],"wp:featuredmedia":[{"embeddable":true,"href":"https:\/\/euapp01.newsmemory.com\/lamarseillaise\/news\/wp-json\/wp\/v2\/media\/40415"}],"wp:attachment":[{"href":"https:\/\/euapp01.newsmemory.com\/lamarseillaise\/news\/wp-json\/wp\/v2\/media?parent=40414"}],"wp:term":[{"taxonomy":"category","embeddable":true,"href":"https:\/\/euapp01.newsmemory.com\/lamarseillaise\/news\/wp-json\/wp\/v2\/categories?post=40414"},{"taxonomy":"post_tag","embeddable":true,"href":"https:\/\/euapp01.newsmemory.com\/lamarseillaise\/news\/wp-json\/wp\/v2\/tags?post=40414"},{"taxonomy":"news-destination","embeddable":true,"href":"https:\/\/euapp01.newsmemory.com\/lamarseillaise\/news\/wp-json\/wp\/v2\/news-destination?post=40414"},{"taxonomy":"news-source","embeddable":true,"href":"https:\/\/euapp01.newsmemory.com\/lamarseillaise\/news\/wp-json\/wp\/v2\/news-source?post=40414"},{"taxonomy":"is_homepage","embeddable":true,"href":"https:\/\/euapp01.newsmemory.com\/lamarseillaise\/news\/wp-json\/wp\/v2\/is_homepage?post=40414"},{"taxonomy":"ta_other","embeddable":true,"href":"https:\/\/euapp01.newsmemory.com\/lamarseillaise\/news\/wp-json\/wp\/v2\/ta_other?post=40414"}],"curies":[{"name":"wp","href":"https:\/\/api.w.org\/{rel}","templated":true}]}}