{"id":40411,"date":"2026-08-26T11:28:00","date_gmt":"2026-08-26T09:28:00","guid":{"rendered":"https:\/\/euapp01.newsmemory.com\/lamarseillaise\/news\/?p=40411"},"modified":"2026-08-26T12:07:16","modified_gmt":"2026-08-26T10:07:16","slug":"cest-lete-lecture-voyages-extraordinaires","status":"publish","type":"post","link":"https:\/\/euapp01.newsmemory.com\/lamarseillaise\/news\/2026\/08\/26\/cest-lete-lecture-voyages-extraordinaires\/","title":{"rendered":"[C\u2019est l\u2019\u00e9t\u00e9] Lecture : \u00ab Voyages extraordinaires \u00bb"},"content":{"rendered":"<div class=\"paragraph\">\n<p>Ne nous demandez pas devant quel animal il nous a plu de nous arr\u00eater. Notre amour pour toutes les esp\u00e8ces qui racontent la grande aventure de la biodiversit\u00e9 fait que nous n\u2019avons aucune pr\u00e9f\u00e9rence. Si Jules Verne \u00e9crivit que son regard s\u2019attendait \u00e0 toutes les surprises, et son imagination \u00e0 tous les \u00e9tonnements, il en est de m\u00eame pour ceux qui entrent dans ce livre, jalonn\u00e9 de 45\u00a0illustrations, que nous classons parmi les plus instructifs de l\u2019ann\u00e9e.<\/p>\n<\/p><\/div>\n<div class=\"paragraph\">\n<p><i>Laffont 22,90<\/i><i>\u00a0<\/i><i>euros.<\/i><\/p>\n<\/p><\/div>\n","protected":false},"excerpt":{"rendered":"Ne nous demandez pas devant quel animal il nous a plu de nous arr&ecirc;ter. Notre amour pour toutes les esp&egrave;ces qui racontent la grande aventure de la biodiversit&eacute; fait que nous n&rsquo;avons aucune pr&eacute;f&eacute;rence. Si Jules &#8230;","protected":false},"author":1,"featured_media":40412,"comment_status":"open","ping_status":"open","sticky":false,"template":"","format":"standard","meta":{"footnotes":""},"categories":[32],"tags":[3097,84,6085,572,6319,1293,1248,1244],"news-destination":[],"news-source":[475],"is_homepage":[],"ta_other":[],"class_list":["post-40411","post","type-post","status-publish","format-standard","has-post-thumbnail","hentry","category-culture","tag-aventure","tag-biodiversite","tag-cest-lete","tag-france","tag-histoire-naturelle","tag-lecture","tag-livre","tag-livres","news-source-website"],"_links":{"self":[{"href":"https:\/\/euapp01.newsmemory.com\/lamarseillaise\/news\/wp-json\/wp\/v2\/posts\/40411","targetHints":{"allow":["GET"]}}],"collection":[{"href":"https:\/\/euapp01.newsmemory.com\/lamarseillaise\/news\/wp-json\/wp\/v2\/posts"}],"about":[{"href":"https:\/\/euapp01.newsmemory.com\/lamarseillaise\/news\/wp-json\/wp\/v2\/types\/post"}],"author":[{"embeddable":true,"href":"https:\/\/euapp01.newsmemory.com\/lamarseillaise\/news\/wp-json\/wp\/v2\/users\/1"}],"replies":[{"embeddable":true,"href":"https:\/\/euapp01.newsmemory.com\/lamarseillaise\/news\/wp-json\/wp\/v2\/comments?post=40411"}],"version-history":[{"count":1,"href":"https:\/\/euapp01.newsmemory.com\/lamarseillaise\/news\/wp-json\/wp\/v2\/posts\/40411\/revisions"}],"predecessor-version":[{"id":40413,"href":"https:\/\/euapp01.newsmemory.com\/lamarseillaise\/news\/wp-json\/wp\/v2\/posts\/40411\/revisions\/40413"}],"wp:featuredmedia":[{"embeddable":true,"href":"https:\/\/euapp01.newsmemory.com\/lamarseillaise\/news\/wp-json\/wp\/v2\/media\/40412"}],"wp:attachment":[{"href":"https:\/\/euapp01.newsmemory.com\/lamarseillaise\/news\/wp-json\/wp\/v2\/media?parent=40411"}],"wp:term":[{"taxonomy":"category","embeddable":true,"href":"https:\/\/euapp01.newsmemory.com\/lamarseillaise\/news\/wp-json\/wp\/v2\/categories?post=40411"},{"taxonomy":"post_tag","embeddable":true,"href":"https:\/\/euapp01.newsmemory.com\/lamarseillaise\/news\/wp-json\/wp\/v2\/tags?post=40411"},{"taxonomy":"news-destination","embeddable":true,"href":"https:\/\/euapp01.newsmemory.com\/lamarseillaise\/news\/wp-json\/wp\/v2\/news-destination?post=40411"},{"taxonomy":"news-source","embeddable":true,"href":"https:\/\/euapp01.newsmemory.com\/lamarseillaise\/news\/wp-json\/wp\/v2\/news-source?post=40411"},{"taxonomy":"is_homepage","embeddable":true,"href":"https:\/\/euapp01.newsmemory.com\/lamarseillaise\/news\/wp-json\/wp\/v2\/is_homepage?post=40411"},{"taxonomy":"ta_other","embeddable":true,"href":"https:\/\/euapp01.newsmemory.com\/lamarseillaise\/news\/wp-json\/wp\/v2\/ta_other?post=40411"}],"curies":[{"name":"wp","href":"https:\/\/api.w.org\/{rel}","templated":true}]}}