{"id":40408,"date":"2026-08-26T11:32:00","date_gmt":"2026-08-26T09:32:00","guid":{"rendered":"https:\/\/euapp01.newsmemory.com\/lamarseillaise\/news\/?p=40408"},"modified":"2026-08-26T12:07:16","modified_gmt":"2026-08-26T10:07:16","slug":"mama-stock-9-ans-de-fete-et-de-militantisme-culturel","status":"publish","type":"post","link":"https:\/\/euapp01.newsmemory.com\/lamarseillaise\/news\/2026\/08\/26\/mama-stock-9-ans-de-fete-et-de-militantisme-culturel\/","title":{"rendered":"Mama Stock : 9 ans de f\u00eate et de militantisme culturel"},"content":{"rendered":"<div class=\"paragraph\">\n<p>\u00ab <i>N<\/i><i>\u00e9 dans les jardins et autour d\u2019une \u00e9quipe de copains<\/i><i>\u00a0<\/i><i>\u00bb<\/i> comme le rappelle Patrick Simonetti, b\u00e9n\u00e9vole historique et aujourd\u2019hui responsable b\u00e9n\u00e9vole, en 9\u00a0ans Mama Stock a grandi sans perdre son ADN.<\/p>\n<p>Pour Julien Fortier, codirecteur de projet, cette neuvi\u00e8me \u00e9dition refl\u00e8te toujours cette volont\u00e9 de culture pour tous. La programmation m\u00ealera ainsi rap, rock, musiques berb\u00e8res, Balkans, dub et sound system. Sophie les Bas Bleus, Dizzy Sounds, Anzul Project, ShazaLaKazoo, La Cercleuse, Melan et Soom T se succ\u00e9deront sur la sc\u00e8ne principale. La sc\u00e8ne dub, elle, r\u00e9unira les collectifs Assoya, South Attack et Salvatge Sound.<\/p>\n<p>Mama Stock ne se limite pas aux concerts\u00a0: march\u00e9 artisanal, espace Kidz, live painting, expositions, friperie solidaire \u00e0 prix libre investiront le site. C\u2019est aussi un grand village associatif. Avec cette \u00e9dition qui soutient particuli\u00e8rement l\u2019antenne H\u00e9rault de SOS M\u00e9diterran\u00e9e France pour sensibiliser le public au sauvetage en mer. <i>\u00ab<\/i><i>\u00a0<\/i><i>C\u2019est une mani\u00e8re de rappeler que la f\u00eate peut \u00eatre consciente.<\/i><i>\u00a0<\/i><i>\u00bb <\/i>Autre nouveaut\u00e9 cette ann\u00e9e\u00a0: le 28\u00a0ao\u00fbt \u00e0 14h15, une projection de Tous au Larzac sera propos\u00e9e en partenariat avec le What a Trip! Festival.<\/p>\n<p><b>Une aventure port\u00e9e par les b\u00e9n\u00e9voles<\/b><\/p>\n<p>Cette diversit\u00e9 repose sur une forte mobilisation b\u00e9n\u00e9vole. Environ 138 personnes sont engag\u00e9es cette ann\u00e9e, dont 85 \u00e0 90% de nouveaux venus. <i>\u00ab<\/i><i>\u00a0<\/i><i>Nous avons une \u00e9quipe de copains qui arrive \u00e0 faire un truc g\u00e9ant \u00bb, <\/i>souligne Patrick Simonetti. Or le festival \u00e9tant autofinanc\u00e9 \u00e0 plus de 90 %, ce mod\u00e8le devient toutefois plus difficile \u00e0 maintenir. <i>\u00ab<\/i><i>\u00a0<\/i><i>L\u2019ensemble des charges a augment\u00e9 avec le co\u00fbt de la vie et c\u2019est inenvisageable de tout r\u00e9percuter sur les festivaliers<\/i><i>\u00a0<\/i><i>\u00bb<\/i>, explique Julien Fortier. La gratuit\u00e9 impose donc de <i>\u00ab<\/i><i>\u00a0<\/i><i>bricoler<\/i><i>\u00a0<\/i><i>\u00bb<\/i> et de s\u2019accrocher au sens du projet. <i>\u00ab<\/i><i>\u00a0<\/i><i>Maintenir le projet selon ses modalit\u00e9s actuelles s\u2019av\u00e8re \u00eatre, ann\u00e9e apr\u00e8s ann\u00e9e, un acte toujours plus militant<\/i><i>\u00a0<\/i><i>\u00bb.<\/i><\/p>\n<p><b><span class=\"mln_small-caps_mln\">Am\u00e9lia Siapo<\/span><\/b><\/p>\n<\/p><\/div>\n","protected":false},"excerpt":{"rendered":"&laquo; N&eacute; dans les jardins et autour d&rsquo;une &eacute;quipe de copains&nbsp;&raquo; comme le rappelle Patrick Simonetti, b&eacute;n&eacute;vole historique et aujourd&rsquo;hui responsable b&eacute;n&eacute;vole, en 9&nbsp;ans Mama Stock a &#8230;","protected":false},"author":1,"featured_media":40409,"comment_status":"open","ping_status":"open","sticky":false,"template":"","format":"standard","meta":{"footnotes":""},"categories":[32],"tags":[1277,1881,1059,138,919,400,329,466,239,1134,1079,240,284,997,3189,1258],"news-destination":[],"news-source":[475],"is_homepage":[],"ta_other":[],"class_list":["post-40408","post","type-post","status-publish","format-standard","has-post-thumbnail","hentry","category-culture","tag-animations","tag-artisanat","tag-arts","tag-associations","tag-cinema","tag-concerts","tag-festival","tag-fete","tag-herault","tag-marche","tag-militantisme","tag-montpellier","tag-occitanie","tag-programmation","tag-rap","tag-rock","news-source-website"],"_links":{"self":[{"href":"https:\/\/euapp01.newsmemory.com\/lamarseillaise\/news\/wp-json\/wp\/v2\/posts\/40408","targetHints":{"allow":["GET"]}}],"collection":[{"href":"https:\/\/euapp01.newsmemory.com\/lamarseillaise\/news\/wp-json\/wp\/v2\/posts"}],"about":[{"href":"https:\/\/euapp01.newsmemory.com\/lamarseillaise\/news\/wp-json\/wp\/v2\/types\/post"}],"author":[{"embeddable":true,"href":"https:\/\/euapp01.newsmemory.com\/lamarseillaise\/news\/wp-json\/wp\/v2\/users\/1"}],"replies":[{"embeddable":true,"href":"https:\/\/euapp01.newsmemory.com\/lamarseillaise\/news\/wp-json\/wp\/v2\/comments?post=40408"}],"version-history":[{"count":1,"href":"https:\/\/euapp01.newsmemory.com\/lamarseillaise\/news\/wp-json\/wp\/v2\/posts\/40408\/revisions"}],"predecessor-version":[{"id":40410,"href":"https:\/\/euapp01.newsmemory.com\/lamarseillaise\/news\/wp-json\/wp\/v2\/posts\/40408\/revisions\/40410"}],"wp:featuredmedia":[{"embeddable":true,"href":"https:\/\/euapp01.newsmemory.com\/lamarseillaise\/news\/wp-json\/wp\/v2\/media\/40409"}],"wp:attachment":[{"href":"https:\/\/euapp01.newsmemory.com\/lamarseillaise\/news\/wp-json\/wp\/v2\/media?parent=40408"}],"wp:term":[{"taxonomy":"category","embeddable":true,"href":"https:\/\/euapp01.newsmemory.com\/lamarseillaise\/news\/wp-json\/wp\/v2\/categories?post=40408"},{"taxonomy":"post_tag","embeddable":true,"href":"https:\/\/euapp01.newsmemory.com\/lamarseillaise\/news\/wp-json\/wp\/v2\/tags?post=40408"},{"taxonomy":"news-destination","embeddable":true,"href":"https:\/\/euapp01.newsmemory.com\/lamarseillaise\/news\/wp-json\/wp\/v2\/news-destination?post=40408"},{"taxonomy":"news-source","embeddable":true,"href":"https:\/\/euapp01.newsmemory.com\/lamarseillaise\/news\/wp-json\/wp\/v2\/news-source?post=40408"},{"taxonomy":"is_homepage","embeddable":true,"href":"https:\/\/euapp01.newsmemory.com\/lamarseillaise\/news\/wp-json\/wp\/v2\/is_homepage?post=40408"},{"taxonomy":"ta_other","embeddable":true,"href":"https:\/\/euapp01.newsmemory.com\/lamarseillaise\/news\/wp-json\/wp\/v2\/ta_other?post=40408"}],"curies":[{"name":"wp","href":"https:\/\/api.w.org\/{rel}","templated":true}]}}