{"id":40405,"date":"2026-08-26T11:44:00","date_gmt":"2026-08-26T09:44:00","guid":{"rendered":"https:\/\/euapp01.newsmemory.com\/lamarseillaise\/news\/?p=40405"},"modified":"2026-08-26T12:07:16","modified_gmt":"2026-08-26T10:07:16","slug":"haribo-les-communistes-du-14e-remettent-un-cheque-de-soutien-aux-grevistes","status":"publish","type":"post","link":"https:\/\/euapp01.newsmemory.com\/lamarseillaise\/news\/2026\/08\/26\/haribo-les-communistes-du-14e-remettent-un-cheque-de-soutien-aux-grevistes\/","title":{"rendered":"Haribo : les communistes du 14e remettent un ch\u00e8que de soutien aux gr\u00e9vistes"},"content":{"rendered":"<div class=\"paragraph\">\n<p>\u00ab <i>On est venu leur redire qu\u2019on se tenait \u00e0 leur disposition selon leurs besoins et que nous sommes attach\u00e9s \u00e0 la pr\u00e9servation de ce site historique de notre secteur <\/i>\u00bb, relate Marion Honde, secr\u00e9taire de la section. Les militants ont ainsi remis un ch\u00e8que de 300 euros \u00e0 la CGT de l\u2019usine. Pour rappel, les salari\u00e9s d\u2019Haribo ont r\u00e9alis\u00e9 plus de 7 semaines de gr\u00e8ve cet \u00e9t\u00e9 pour une augmentation de salaire. \u00ab <i>Nous sommes pass\u00e9s \u00e0 de nombreuses reprises sur le piquet de gr\u00e8ve, nous avons \u00e9crit une lettre \u00e0 la direction d\u2019Haribo, et nous les soutenons toujours <\/i>\u00bb, mart\u00e8le Marion Honde.<\/p>\n<\/p><\/div>\n","protected":false},"excerpt":{"rendered":"&laquo; On est venu leur redire qu&rsquo;on se tenait &agrave; leur disposition selon leurs besoins et que nous sommes attach&eacute;s &agrave; la pr&eacute;servation de ce site historique de notre secteur &raquo;, relate Marion Honde, &#8230;","protected":false},"author":1,"featured_media":40406,"comment_status":"open","ping_status":"open","sticky":false,"template":"","format":"standard","meta":{"footnotes":""},"categories":[331],"tags":[10,113,876,1045,16,250,1025,393,2374],"news-destination":[],"news-source":[475],"is_homepage":[],"ta_other":[],"class_list":["post-40405","post","type-post","status-publish","format-standard","has-post-thumbnail","hentry","category-social","tag-bouches-du-rhone","tag-cgt","tag-greve","tag-hausse-des-salaires","tag-marseille","tag-pcf","tag-salaires","tag-soutien","tag-usine","news-source-website"],"_links":{"self":[{"href":"https:\/\/euapp01.newsmemory.com\/lamarseillaise\/news\/wp-json\/wp\/v2\/posts\/40405","targetHints":{"allow":["GET"]}}],"collection":[{"href":"https:\/\/euapp01.newsmemory.com\/lamarseillaise\/news\/wp-json\/wp\/v2\/posts"}],"about":[{"href":"https:\/\/euapp01.newsmemory.com\/lamarseillaise\/news\/wp-json\/wp\/v2\/types\/post"}],"author":[{"embeddable":true,"href":"https:\/\/euapp01.newsmemory.com\/lamarseillaise\/news\/wp-json\/wp\/v2\/users\/1"}],"replies":[{"embeddable":true,"href":"https:\/\/euapp01.newsmemory.com\/lamarseillaise\/news\/wp-json\/wp\/v2\/comments?post=40405"}],"version-history":[{"count":1,"href":"https:\/\/euapp01.newsmemory.com\/lamarseillaise\/news\/wp-json\/wp\/v2\/posts\/40405\/revisions"}],"predecessor-version":[{"id":40407,"href":"https:\/\/euapp01.newsmemory.com\/lamarseillaise\/news\/wp-json\/wp\/v2\/posts\/40405\/revisions\/40407"}],"wp:featuredmedia":[{"embeddable":true,"href":"https:\/\/euapp01.newsmemory.com\/lamarseillaise\/news\/wp-json\/wp\/v2\/media\/40406"}],"wp:attachment":[{"href":"https:\/\/euapp01.newsmemory.com\/lamarseillaise\/news\/wp-json\/wp\/v2\/media?parent=40405"}],"wp:term":[{"taxonomy":"category","embeddable":true,"href":"https:\/\/euapp01.newsmemory.com\/lamarseillaise\/news\/wp-json\/wp\/v2\/categories?post=40405"},{"taxonomy":"post_tag","embeddable":true,"href":"https:\/\/euapp01.newsmemory.com\/lamarseillaise\/news\/wp-json\/wp\/v2\/tags?post=40405"},{"taxonomy":"news-destination","embeddable":true,"href":"https:\/\/euapp01.newsmemory.com\/lamarseillaise\/news\/wp-json\/wp\/v2\/news-destination?post=40405"},{"taxonomy":"news-source","embeddable":true,"href":"https:\/\/euapp01.newsmemory.com\/lamarseillaise\/news\/wp-json\/wp\/v2\/news-source?post=40405"},{"taxonomy":"is_homepage","embeddable":true,"href":"https:\/\/euapp01.newsmemory.com\/lamarseillaise\/news\/wp-json\/wp\/v2\/is_homepage?post=40405"},{"taxonomy":"ta_other","embeddable":true,"href":"https:\/\/euapp01.newsmemory.com\/lamarseillaise\/news\/wp-json\/wp\/v2\/ta_other?post=40405"}],"curies":[{"name":"wp","href":"https:\/\/api.w.org\/{rel}","templated":true}]}}