{"id":40384,"date":"2026-08-26T10:20:00","date_gmt":"2026-08-26T08:20:00","guid":{"rendered":"https:\/\/euapp01.newsmemory.com\/lamarseillaise\/news\/?p=40384"},"modified":"2026-08-30T21:03:08","modified_gmt":"2026-08-30T19:03:08","slug":"cest-lete-a-la-croix-des-oiseaux-la-culture-comme-levier","status":"publish","type":"post","link":"https:\/\/euapp01.newsmemory.com\/lamarseillaise\/news\/2026\/08\/26\/cest-lete-a-la-croix-des-oiseaux-la-culture-comme-levier\/","title":{"rendered":"[C\u2019est l\u2019\u00e9t\u00e9] \u00c0 la Croix des Oiseaux, la culture comme levier"},"content":{"rendered":"<div class=\"paragraph\">\n<p>Au c\u0153ur du quartier, le grand b\u00e2timent blanc de l\u2019Espace social et culturel la Croix des Oiseaux tr\u00f4ne et attise la curiosit\u00e9 des passants. Et pendant ces mois estivaux, l\u2019activit\u00e9 du lieu, coinc\u00e9 entre la Rocade Charles de\u00a0Gaulle et les remparts d\u2019Avignon, a \u00e9t\u00e9 rythm\u00e9e par les \u00e9v\u00e8nements ext\u00e9rieurs, notamment le Festival.<\/p>\n<p>Sorties, rencontres, voyage ou encore radio associative au programme. Mais attention, ce \u00ab\u00a0<i>n\u2019est pas un catalogue d\u2019activit\u00e9s<\/i><i>\u00a0<\/i>\u00bb, assure Jean-Michel P\u00e9lissier, directeur de la structure. Mais plut\u00f4t \u00ab\u00a0<i>une forme de parcours qui s\u2019inscrit dans la dur\u00e9e<\/i>\u00a0\u00bb, insiste-t-il. Des sortes d\u2019itin\u00e9raires culturels qui tournent autour des grands \u00e9v\u00e8nements de la Cit\u00e9 des Papes, les Festivals. Car des dispositifs ext\u00e9rieurs, avec qui le centre social travaille, fleurissent d\u2019ann\u00e9e en ann\u00e9e et permettent une immersion de plus en plus pouss\u00e9e au sein des \u00e9v\u00e8nements. Tout d\u2019abord le IN, avec les parcours Premi\u00e8res Fois, et le OFF proposent tous deux des invitations ou des tarifs r\u00e9duits pour de nombreuses repr\u00e9sentations. Au total, l\u2019\u00e9tablissement a re\u00e7u pas moins de 200\u00a0billets pendant les trois semaines de juillet. \u00ab\u00a0<i>Au vu des prix bas, ce n\u2019est pas vraiment l\u2019argent le probl\u00e8me. Mais c\u2019est un public qui n\u2019a pas l\u2019habitude d\u2019aller seul au th\u00e9\u00e2tre. Les codes ne sont pas les m\u00eames. Alors que l\u00e0, s\u2019ils savent qu\u2019il y a plusieurs personnes qui viennent, c\u2019est plus motivant<\/i>\u00a0\u00bb, confie Florian Dacheux, coordinateur m\u00e9dia au sein du centre social. Pour certains spectacles, une poign\u00e9e de membres du centre ont \u00e9galement pu \u00e9changer avec les metteurs en sc\u00e8ne et les artistes. Comme pour <i>Mon fr\u00e8re<\/i>, \u00e9crit par Fran\u00e7ois Gremaud avec et pour son fr\u00e8re sourd. \u00ab\u00a0<i>C\u2019est fondamental ce qu\u2019il se passe avant, pendant et apr\u00e8s ces rencontres au niveau humain. La plus-value est vraiment l\u00e0<\/i><i>\u00a0<\/i>\u00bb, d\u00e9taille Jean-Michel P\u00e9lissier.<\/p>\n<\/p><\/div>\n<div class=\"intext\"> Radio et politique\n              <\/div>\n<div class=\"paragraph\">\n<p>Plusieurs jeunes du centre ont \u00e9galement particip\u00e9 au dispositif Making Waves. Avec des jeunes adultes de tous horizons, ils ont anim\u00e9 plusieurs \u00e9missions de radio sur l\u2019actualit\u00e9 pendant le Festival. Le centre social avait d\u00e9j\u00e0 sa propre radio associative \u00ab\u00a0<i>mais l\u00e0, c\u2019est un plus gros dispositif<\/i>\u00a0\u00bb, ajoute le directeur. Un moment pour les jeunes \u00ab\u00a0<i>de parler librement de leurs difficult\u00e9s d\u2019acc\u00e9der aux pratiques culturelles<\/i>\u00a0\u00bb. Comme avec la venue de la pr\u00e9sidente de l\u2019Assembl\u00e9e nationale Ya\u00ebl Braun-Pivet le jeudi 23\u00a0juillet dernier. \u00ab\u00a0<i>Les politiques n\u2019ont pas l\u2019habitude de cette fra\u00eecheur et \u00e7a permet des \u00e9changes de fond sur des r\u00e9alit\u00e9s concr\u00e8tes<\/i>\u00a0\u00bb, abonde Jean-Michel P\u00e9lissier.<\/p>\n<p>Pour autant, le centre social n\u2019oublie pas ses autres activit\u00e9s pour ses quelque 1\u00a0500\u00a0adh\u00e9rents. Hors p\u00e9riode de coupure, pendant deux semaines en ao\u00fbt, les sorties et les clubs loisirs continuent de tourner. Mais aussi avec l\u2019objectif de \u00ab<i>\u00a0<\/i><i>redonner une vie de quartier<\/i>\u00a0\u00bb, poursuivent les deux membres. Avec par exemple l\u2019installation d\u2019un march\u00e9 solidaire et aussi l\u2019Escale, un espace d\u00e9di\u00e9 aux s\u00e9niors. Sans oublier les nombreux b\u00e9n\u00e9voles et salari\u00e9s impliqu\u00e9s. Dont Hassan Mouloudi, salari\u00e9 de l\u2019association depuis plus de 23\u00a0ans, d\u00e9c\u00e9d\u00e9 r\u00e9cemment, qui a notamment permis de coordonner les parcours d\u2019apprentissage de la langue.<\/p>\n<\/p><\/div>\n","protected":false},"excerpt":{"rendered":"Au c&oelig;ur du quartier, le grand b&acirc;timent blanc de l&rsquo;Espace social et culturel la Croix des Oiseaux tr&ocirc;ne et attise la curiosit&eacute; des passants. Et pendant ces mois estivaux, l&rsquo;activit&eacute; du lieu, coinc&eacute; &#8230;","protected":false},"author":1,"featured_media":40385,"comment_status":"open","ping_status":"open","sticky":false,"template":"","format":"standard","meta":{"footnotes":""},"categories":[3926,3925,20],"tags":[100,174,6085,501,1774,35,336,59,700,1267,171,5819],"news-destination":[3944],"news-source":[475],"is_homepage":[],"ta_other":[],"class_list":["post-40384","post","type-post","status-publish","format-standard","has-post-thumbnail","hentry","category-accueil-merge","category-accueil-third","category-societe","tag-activites","tag-avignon","tag-cest-lete","tag-centre-social","tag-centres-sociaux","tag-culture","tag-ete","tag-jeunes","tag-quartier","tag-radio","tag-vaucluse","tag-yael-braun-pivet","news-destination-homepage","news-source-website"],"_links":{"self":[{"href":"https:\/\/euapp01.newsmemory.com\/lamarseillaise\/news\/wp-json\/wp\/v2\/posts\/40384","targetHints":{"allow":["GET"]}}],"collection":[{"href":"https:\/\/euapp01.newsmemory.com\/lamarseillaise\/news\/wp-json\/wp\/v2\/posts"}],"about":[{"href":"https:\/\/euapp01.newsmemory.com\/lamarseillaise\/news\/wp-json\/wp\/v2\/types\/post"}],"author":[{"embeddable":true,"href":"https:\/\/euapp01.newsmemory.com\/lamarseillaise\/news\/wp-json\/wp\/v2\/users\/1"}],"replies":[{"embeddable":true,"href":"https:\/\/euapp01.newsmemory.com\/lamarseillaise\/news\/wp-json\/wp\/v2\/comments?post=40384"}],"version-history":[{"count":1,"href":"https:\/\/euapp01.newsmemory.com\/lamarseillaise\/news\/wp-json\/wp\/v2\/posts\/40384\/revisions"}],"predecessor-version":[{"id":40386,"href":"https:\/\/euapp01.newsmemory.com\/lamarseillaise\/news\/wp-json\/wp\/v2\/posts\/40384\/revisions\/40386"}],"wp:featuredmedia":[{"embeddable":true,"href":"https:\/\/euapp01.newsmemory.com\/lamarseillaise\/news\/wp-json\/wp\/v2\/media\/40385"}],"wp:attachment":[{"href":"https:\/\/euapp01.newsmemory.com\/lamarseillaise\/news\/wp-json\/wp\/v2\/media?parent=40384"}],"wp:term":[{"taxonomy":"category","embeddable":true,"href":"https:\/\/euapp01.newsmemory.com\/lamarseillaise\/news\/wp-json\/wp\/v2\/categories?post=40384"},{"taxonomy":"post_tag","embeddable":true,"href":"https:\/\/euapp01.newsmemory.com\/lamarseillaise\/news\/wp-json\/wp\/v2\/tags?post=40384"},{"taxonomy":"news-destination","embeddable":true,"href":"https:\/\/euapp01.newsmemory.com\/lamarseillaise\/news\/wp-json\/wp\/v2\/news-destination?post=40384"},{"taxonomy":"news-source","embeddable":true,"href":"https:\/\/euapp01.newsmemory.com\/lamarseillaise\/news\/wp-json\/wp\/v2\/news-source?post=40384"},{"taxonomy":"is_homepage","embeddable":true,"href":"https:\/\/euapp01.newsmemory.com\/lamarseillaise\/news\/wp-json\/wp\/v2\/is_homepage?post=40384"},{"taxonomy":"ta_other","embeddable":true,"href":"https:\/\/euapp01.newsmemory.com\/lamarseillaise\/news\/wp-json\/wp\/v2\/ta_other?post=40384"}],"curies":[{"name":"wp","href":"https:\/\/api.w.org\/{rel}","templated":true}]}}