{"id":40378,"date":"2026-08-26T09:45:00","date_gmt":"2026-08-26T07:45:00","guid":{"rendered":"https:\/\/euapp01.newsmemory.com\/lamarseillaise\/news\/?p=40378"},"modified":"2026-08-26T10:10:57","modified_gmt":"2026-08-26T08:10:57","slug":"cest-lete-la-pre-rentree-au-grand-air-a-malaucene","status":"publish","type":"post","link":"https:\/\/euapp01.newsmemory.com\/lamarseillaise\/news\/2026\/08\/26\/cest-lete-la-pre-rentree-au-grand-air-a-malaucene\/","title":{"rendered":"[C\u2019est l\u2019\u00e9t\u00e9] La pr\u00e9-rentr\u00e9e au grand air \u00e0 Malauc\u00e8ne"},"content":{"rendered":"<div class=\"paragraph\">\n<p>Et si, avant de retrouver cartables et cahiers, vous preniez le temps de ralentir sous les arbres\u00a0? Ce jeudi apr\u00e8s-midi, l\u2019ancien camping du Grozeau, \u00e0 Malauc\u00e8ne, se transforme en terrain de jeu et de d\u00e9couverte pour une pr\u00e9-rentr\u00e9e pas comme les autres.<\/p>\n<p>Au programme\u00a0: grimpe dans les arbres d\u00e8s 7\u00a0ans, lecture perch\u00e9e, hamac et coin d\u00e9tente au sol. Les enfants pourront aussi laisser parler leur imagination avec un atelier de dessin autour du th\u00e8me de l\u2019arbre, tandis qu\u2019une pause fra\u00eecheur est pr\u00e9vue avec des boissons aux plantes.<\/p>\n<p>Cette parenth\u00e8se est propos\u00e9e gratuitement par l\u2019association Copains des Bois qui invite petits et grands \u00e0 renouer avec la nature \u00e0 travers des activit\u00e9s p\u00e9dagogiques. L\u2019objectif\u00a0: passer davantage de temps dehors, partager, explorer et se reconnecter aux autres et \u00e0 son environnement. Pour cette pr\u00e9-rentr\u00e9e, le collectif s\u2019associe \u00e0 Sous la C\u00eeme, structure bas\u00e9e \u00e0 Vaison-la-Romaine, sp\u00e9cialis\u00e9e dans la grimpe d\u2019arbres et les animations nature en famille. L\u2019\u00e9v\u00e9nement est gratuit, sur r\u00e9servation.<\/p>\n<\/p><\/div>\n<div class=\"paragraph\">\n<p><i>De 16h \u00e0 19h.<\/i><\/p>\n<p><i>Infos et r\u00e9servations sur la <a rel=\"nofollow noopener noreferrer\" href=\"https:\/\/www.facebook.com\/copainsdesbois84\" target=\"_blank\">page Facebook des Copains des Bois<\/a>.<\/i><\/p>\n<\/p><\/div>\n","protected":false},"excerpt":{"rendered":"Et si, avant de retrouver cartables et cahiers, vous preniez le temps de ralentir sous les arbres&nbsp;? Ce jeudi apr&egrave;s-midi, l&rsquo;ancien camping du Grozeau, &agrave; Malauc&egrave;ne, se transforme en terrain de jeu et de &#8230;","protected":false},"author":1,"featured_media":40379,"comment_status":"open","ping_status":"open","sticky":false,"template":"","format":"standard","meta":{"footnotes":""},"categories":[32],"tags":[100,2873,1277,2605,130,3585,6085,5238,1288,3406,2599,57,58,754,5705,1083,1293,55,938,2000,716,171],"news-destination":[],"news-source":[475],"is_homepage":[],"ta_other":[],"class_list":["post-40378","post","type-post","status-publish","format-standard","has-post-thumbnail","hentry","category-culture","tag-activites","tag-activites-de-loisirs","tag-animations","tag-arbres","tag-ateliers","tag-bois","tag-cest-lete","tag-camping","tag-decouverte","tag-dessin","tag-detente","tag-enfants","tag-famille","tag-familles","tag-fraicheur","tag-gratuit","tag-lecture","tag-loisirs","tag-nature","tag-plein-air","tag-rentree","tag-vaucluse","news-source-website"],"_links":{"self":[{"href":"https:\/\/euapp01.newsmemory.com\/lamarseillaise\/news\/wp-json\/wp\/v2\/posts\/40378","targetHints":{"allow":["GET"]}}],"collection":[{"href":"https:\/\/euapp01.newsmemory.com\/lamarseillaise\/news\/wp-json\/wp\/v2\/posts"}],"about":[{"href":"https:\/\/euapp01.newsmemory.com\/lamarseillaise\/news\/wp-json\/wp\/v2\/types\/post"}],"author":[{"embeddable":true,"href":"https:\/\/euapp01.newsmemory.com\/lamarseillaise\/news\/wp-json\/wp\/v2\/users\/1"}],"replies":[{"embeddable":true,"href":"https:\/\/euapp01.newsmemory.com\/lamarseillaise\/news\/wp-json\/wp\/v2\/comments?post=40378"}],"version-history":[{"count":1,"href":"https:\/\/euapp01.newsmemory.com\/lamarseillaise\/news\/wp-json\/wp\/v2\/posts\/40378\/revisions"}],"predecessor-version":[{"id":40380,"href":"https:\/\/euapp01.newsmemory.com\/lamarseillaise\/news\/wp-json\/wp\/v2\/posts\/40378\/revisions\/40380"}],"wp:featuredmedia":[{"embeddable":true,"href":"https:\/\/euapp01.newsmemory.com\/lamarseillaise\/news\/wp-json\/wp\/v2\/media\/40379"}],"wp:attachment":[{"href":"https:\/\/euapp01.newsmemory.com\/lamarseillaise\/news\/wp-json\/wp\/v2\/media?parent=40378"}],"wp:term":[{"taxonomy":"category","embeddable":true,"href":"https:\/\/euapp01.newsmemory.com\/lamarseillaise\/news\/wp-json\/wp\/v2\/categories?post=40378"},{"taxonomy":"post_tag","embeddable":true,"href":"https:\/\/euapp01.newsmemory.com\/lamarseillaise\/news\/wp-json\/wp\/v2\/tags?post=40378"},{"taxonomy":"news-destination","embeddable":true,"href":"https:\/\/euapp01.newsmemory.com\/lamarseillaise\/news\/wp-json\/wp\/v2\/news-destination?post=40378"},{"taxonomy":"news-source","embeddable":true,"href":"https:\/\/euapp01.newsmemory.com\/lamarseillaise\/news\/wp-json\/wp\/v2\/news-source?post=40378"},{"taxonomy":"is_homepage","embeddable":true,"href":"https:\/\/euapp01.newsmemory.com\/lamarseillaise\/news\/wp-json\/wp\/v2\/is_homepage?post=40378"},{"taxonomy":"ta_other","embeddable":true,"href":"https:\/\/euapp01.newsmemory.com\/lamarseillaise\/news\/wp-json\/wp\/v2\/ta_other?post=40378"}],"curies":[{"name":"wp","href":"https:\/\/api.w.org\/{rel}","templated":true}]}}