{"id":40375,"date":"2026-08-26T09:52:00","date_gmt":"2026-08-26T07:52:00","guid":{"rendered":"https:\/\/euapp01.newsmemory.com\/lamarseillaise\/news\/?p=40375"},"modified":"2026-08-26T10:10:56","modified_gmt":"2026-08-26T08:10:56","slug":"cest-lete-bouquet-final-de-la-tournee-dete-de-la-marseillaise-au-parc-font-obscur","status":"publish","type":"post","link":"https:\/\/euapp01.newsmemory.com\/lamarseillaise\/news\/2026\/08\/26\/cest-lete-bouquet-final-de-la-tournee-dete-de-la-marseillaise-au-parc-font-obscur\/","title":{"rendered":"[C\u2019est l\u2019\u00e9t\u00e9] Bouquet final de la tourn\u00e9e d\u2019\u00e9t\u00e9 de La Marseillaise au parc Font Obscur"},"content":{"rendered":"<div class=\"paragraph\">\n<p>Le public pourra danser une derni\u00e8re fois lors de l\u2019ultime concert de la tourn\u00e9e d\u2019\u00e9t\u00e9 de <i>La<\/i><i>\u00a0<\/i><i>Marseillaise<\/i>, ce vendredi 28\u00a0ao\u00fbt, d\u00e8s 20h15, au parc Font Obscur, dans le 14<sup>e<\/sup>\u00a0arrondissement.<\/p>\n<p>La soir\u00e9e d\u00e9butera avec le groupe Sabotaaaage. Originaires du Sud de la France, ils font des mashups de grands tubes fran\u00e7ais et internationaux.<\/p>\n<p>Get The Beatles Back, compos\u00e9 de quatre musiciens et chanteurs, rendra hommage pendant deux heures au fameux groupe britannique en faisant revivre au public la r\u00e9volutionnaire \u00e9pop\u00e9e musicale des Beatles. Ils interpr\u00e9teront les grands standards des quatre gar\u00e7ons de Liverpool, en passant de \u00ab\u00a0Yesterday\u00a0\u00bb \u00e0 \u00ab\u00a0Help!\u00a0\u00bb.<\/p>\n<\/p><\/div>\n<div class=\"intext\"> Les \u00e9v\u00e9nements de<br \/>\n               <br \/>La\u00a0Marseillaise continuent\n              <\/div>\n<div class=\"paragraph\">\n<p>La soir\u00e9e sera cl\u00f4tur\u00e9e par DJ\u00a0Bobzilla \u00e0 partir de 23h20. Le DJ, habitu\u00e9 de la tourn\u00e9e d\u2019\u00e9t\u00e9 <i>La<\/i><i>\u00a0<\/i><i>Marseillaise<\/i>, \u00ab\u00a0<i>s\u2019adapte \u00e0 ce que les gens aiment<\/i>\u00a0\u00bb. \u00ab\u00a0<i>S\u2019ils passent une bonne soir\u00e9e, je le vois \u00e0 leurs sourires, je les vois danser et c\u2019est ce qui me fait plaisir<\/i>\u00a0\u00bb, nous confiait-il.<\/p>\n<p>La tourn\u00e9e d\u2019\u00e9t\u00e9 se termine mais les \u00e9v\u00e9nements ne s\u2019arr\u00eatent pas pour autant. <i>La<\/i><i>\u00a0<\/i><i>Marseillaise<\/i> retrouvera son public lors de la <a href=\"https:\/\/www.lamarseillaise.fr\/sports\/la-breaking-cup-sur-la-scene-de-l-opera-JF20614739\">5<sup>e<\/sup><\/a><a href=\"https:\/\/www.lamarseillaise.fr\/sports\/la-breaking-cup-sur-la-scene-de-l-opera-JF20614739\">\u00a0\u00e9dition de <\/a><a href=\"https:\/\/www.lamarseillaise.fr\/sports\/la-breaking-cup-sur-la-scene-de-l-opera-JF20614739\"><i>La<\/i><i>\u00a0<\/i><\/a><a href=\"https:\/\/www.lamarseillaise.fr\/sports\/la-breaking-cup-sur-la-scene-de-l-opera-JF20614739\"><i>Marseillaise<\/i> Breaking Cup<\/a>. D\u00e8s le 7\u00a0septembre, il sera possible de venir <a href=\"https:\/\/www.lamarseillaise.fr\/culture\/entretien-mofak-le-hip-hop-c-est-pas-que-le-rap-c-est-une-culture-FF20616131\">voir les danseurs s\u2019affronter<\/a>.<\/p>\n<\/p><\/div>\n","protected":false},"excerpt":{"rendered":"Le public pourra danser une derni&egrave;re fois lors de l&rsquo;ultime concert de la tourn&eacute;e d&rsquo;&eacute;t&eacute; de La&nbsp;Marseillaise, ce vendredi 28&nbsp;ao&ucirc;t, d&egrave;s 20h15, au parc Font Obscur, dans le &#8230;","protected":false},"author":1,"featured_media":40376,"comment_status":"open","ping_status":"open","sticky":false,"template":"","format":"standard","meta":{"footnotes":""},"categories":[32],"tags":[1236,10,6085,34,400,6156,1083,1140,389,6159,16,2120,325,1291,1041,1311,1279],"news-destination":[],"news-source":[475],"is_homepage":[],"ta_other":[],"class_list":["post-40375","post","type-post","status-publish","format-standard","has-post-thumbnail","hentry","category-culture","tag-artistes","tag-bouches-du-rhone","tag-cest-lete","tag-concert","tag-concerts","tag-dj","tag-gratuit","tag-groupe","tag-hommage","tag-la-marseillaise-breaking-cup","tag-marseille","tag-marseille-14e-arrondissement","tag-musique","tag-parc","tag-sud","tag-the-beatles","tag-tournee-dete-la-marseillaise","news-source-website"],"_links":{"self":[{"href":"https:\/\/euapp01.newsmemory.com\/lamarseillaise\/news\/wp-json\/wp\/v2\/posts\/40375","targetHints":{"allow":["GET"]}}],"collection":[{"href":"https:\/\/euapp01.newsmemory.com\/lamarseillaise\/news\/wp-json\/wp\/v2\/posts"}],"about":[{"href":"https:\/\/euapp01.newsmemory.com\/lamarseillaise\/news\/wp-json\/wp\/v2\/types\/post"}],"author":[{"embeddable":true,"href":"https:\/\/euapp01.newsmemory.com\/lamarseillaise\/news\/wp-json\/wp\/v2\/users\/1"}],"replies":[{"embeddable":true,"href":"https:\/\/euapp01.newsmemory.com\/lamarseillaise\/news\/wp-json\/wp\/v2\/comments?post=40375"}],"version-history":[{"count":1,"href":"https:\/\/euapp01.newsmemory.com\/lamarseillaise\/news\/wp-json\/wp\/v2\/posts\/40375\/revisions"}],"predecessor-version":[{"id":40377,"href":"https:\/\/euapp01.newsmemory.com\/lamarseillaise\/news\/wp-json\/wp\/v2\/posts\/40375\/revisions\/40377"}],"wp:featuredmedia":[{"embeddable":true,"href":"https:\/\/euapp01.newsmemory.com\/lamarseillaise\/news\/wp-json\/wp\/v2\/media\/40376"}],"wp:attachment":[{"href":"https:\/\/euapp01.newsmemory.com\/lamarseillaise\/news\/wp-json\/wp\/v2\/media?parent=40375"}],"wp:term":[{"taxonomy":"category","embeddable":true,"href":"https:\/\/euapp01.newsmemory.com\/lamarseillaise\/news\/wp-json\/wp\/v2\/categories?post=40375"},{"taxonomy":"post_tag","embeddable":true,"href":"https:\/\/euapp01.newsmemory.com\/lamarseillaise\/news\/wp-json\/wp\/v2\/tags?post=40375"},{"taxonomy":"news-destination","embeddable":true,"href":"https:\/\/euapp01.newsmemory.com\/lamarseillaise\/news\/wp-json\/wp\/v2\/news-destination?post=40375"},{"taxonomy":"news-source","embeddable":true,"href":"https:\/\/euapp01.newsmemory.com\/lamarseillaise\/news\/wp-json\/wp\/v2\/news-source?post=40375"},{"taxonomy":"is_homepage","embeddable":true,"href":"https:\/\/euapp01.newsmemory.com\/lamarseillaise\/news\/wp-json\/wp\/v2\/is_homepage?post=40375"},{"taxonomy":"ta_other","embeddable":true,"href":"https:\/\/euapp01.newsmemory.com\/lamarseillaise\/news\/wp-json\/wp\/v2\/ta_other?post=40375"}],"curies":[{"name":"wp","href":"https:\/\/api.w.org\/{rel}","templated":true}]}}