{"id":40360,"date":"2026-08-26T09:13:00","date_gmt":"2026-08-26T07:13:00","guid":{"rendered":"https:\/\/euapp01.newsmemory.com\/lamarseillaise\/news\/?p=40360"},"modified":"2026-08-26T10:09:19","modified_gmt":"2026-08-26T08:09:19","slug":"deux-bebes-caracals-la-fierte-du-zoo-de-toulon","status":"publish","type":"post","link":"https:\/\/euapp01.newsmemory.com\/lamarseillaise\/news\/2026\/08\/26\/deux-bebes-caracals-la-fierte-du-zoo-de-toulon\/","title":{"rendered":"Deux b\u00e9b\u00e9s caracals, la fiert\u00e9 du zoo de Toulon"},"content":{"rendered":"<div class=\"paragraph\">\n<p>Une naissance extr\u00eamement rare. Depuis ils grandissent aupr\u00e8s de leurs parents et sont choy\u00e9s par les soigneurs. Tout duveteux et espi\u00e8gle, le duo de chatons est rapidement devenu l\u2019attraction du zoo. Mais bient\u00f4t, faute d\u2019espace suffisant pour leur \u00e9panouissement, ils devront quitter leurs parents pour \u00eatre transf\u00e9r\u00e9s dans un autre zoo aux Pays-Bas.<\/p>\n<\/p><\/div>\n","protected":false},"excerpt":{"rendered":"Une naissance extr&ecirc;mement rare. Depuis ils grandissent aupr&egrave;s de leurs parents et sont choy&eacute;s par les soigneurs. Tout duveteux et espi&egrave;gle, le duo de chatons est rapidement devenu l&rsquo;attraction du zoo. Mais &#8230;","protected":false},"author":1,"featured_media":40361,"comment_status":"open","ping_status":"open","sticky":false,"template":"","format":"standard","meta":{"footnotes":""},"categories":[20],"tags":[182,2332,597,31,1320],"news-destination":[],"news-source":[475],"is_homepage":[],"ta_other":[],"class_list":["post-40360","post","type-post","status-publish","format-standard","has-post-thumbnail","hentry","category-societe","tag-animaux","tag-naissance","tag-toulon","tag-var","tag-zoo","news-source-website"],"_links":{"self":[{"href":"https:\/\/euapp01.newsmemory.com\/lamarseillaise\/news\/wp-json\/wp\/v2\/posts\/40360","targetHints":{"allow":["GET"]}}],"collection":[{"href":"https:\/\/euapp01.newsmemory.com\/lamarseillaise\/news\/wp-json\/wp\/v2\/posts"}],"about":[{"href":"https:\/\/euapp01.newsmemory.com\/lamarseillaise\/news\/wp-json\/wp\/v2\/types\/post"}],"author":[{"embeddable":true,"href":"https:\/\/euapp01.newsmemory.com\/lamarseillaise\/news\/wp-json\/wp\/v2\/users\/1"}],"replies":[{"embeddable":true,"href":"https:\/\/euapp01.newsmemory.com\/lamarseillaise\/news\/wp-json\/wp\/v2\/comments?post=40360"}],"version-history":[{"count":1,"href":"https:\/\/euapp01.newsmemory.com\/lamarseillaise\/news\/wp-json\/wp\/v2\/posts\/40360\/revisions"}],"predecessor-version":[{"id":40362,"href":"https:\/\/euapp01.newsmemory.com\/lamarseillaise\/news\/wp-json\/wp\/v2\/posts\/40360\/revisions\/40362"}],"wp:featuredmedia":[{"embeddable":true,"href":"https:\/\/euapp01.newsmemory.com\/lamarseillaise\/news\/wp-json\/wp\/v2\/media\/40361"}],"wp:attachment":[{"href":"https:\/\/euapp01.newsmemory.com\/lamarseillaise\/news\/wp-json\/wp\/v2\/media?parent=40360"}],"wp:term":[{"taxonomy":"category","embeddable":true,"href":"https:\/\/euapp01.newsmemory.com\/lamarseillaise\/news\/wp-json\/wp\/v2\/categories?post=40360"},{"taxonomy":"post_tag","embeddable":true,"href":"https:\/\/euapp01.newsmemory.com\/lamarseillaise\/news\/wp-json\/wp\/v2\/tags?post=40360"},{"taxonomy":"news-destination","embeddable":true,"href":"https:\/\/euapp01.newsmemory.com\/lamarseillaise\/news\/wp-json\/wp\/v2\/news-destination?post=40360"},{"taxonomy":"news-source","embeddable":true,"href":"https:\/\/euapp01.newsmemory.com\/lamarseillaise\/news\/wp-json\/wp\/v2\/news-source?post=40360"},{"taxonomy":"is_homepage","embeddable":true,"href":"https:\/\/euapp01.newsmemory.com\/lamarseillaise\/news\/wp-json\/wp\/v2\/is_homepage?post=40360"},{"taxonomy":"ta_other","embeddable":true,"href":"https:\/\/euapp01.newsmemory.com\/lamarseillaise\/news\/wp-json\/wp\/v2\/ta_other?post=40360"}],"curies":[{"name":"wp","href":"https:\/\/api.w.org\/{rel}","templated":true}]}}