{"id":40357,"date":"2026-08-26T09:15:00","date_gmt":"2026-08-26T07:15:00","guid":{"rendered":"https:\/\/euapp01.newsmemory.com\/lamarseillaise\/news\/?p=40357"},"modified":"2026-08-26T10:09:19","modified_gmt":"2026-08-26T08:09:19","slug":"cest-lete-festival-street-food-italienne-a-la-ciotat","status":"publish","type":"post","link":"https:\/\/euapp01.newsmemory.com\/lamarseillaise\/news\/2026\/08\/26\/cest-lete-festival-street-food-italienne-a-la-ciotat\/","title":{"rendered":"[C\u2019est l\u2019\u00e9t\u00e9] Festival street food italienne \u00e0 La Ciotat"},"content":{"rendered":"<div class=\"paragraph\">\n<p>Du mercredi\u00a026 au dimanche 30\u00a0ao\u00fbt, le rendez-vous est donn\u00e9 place de l\u2019Evariste Gras pour d\u00e9couvrir un m\u00e9lange entre street food italienne et sp\u00e9cialit\u00e9s proven\u00e7ales. 14\u00a0food-trucks ainsi que des restaurateurs italiens et proven\u00e7aux seront pr\u00e9sents.<\/p>\n<p>Des ateliers de cuisine gratuits sont propos\u00e9s sur inscription sur place, ainsi que des soir\u00e9es musicales aux accents italiens. Le festival ouvre ses portes ce mercredi \u00e0 17h.<\/p>\n<p>G.C.<\/p>\n<\/p><\/div>\n","protected":false},"excerpt":{"rendered":"Du mercredi&nbsp;26 au dimanche 30&nbsp;ao&ucirc;t, le rendez-vous est donn&eacute; place de l&rsquo;Evariste Gras pour d&eacute;couvrir un m&eacute;lange entre street food italienne et sp&eacute;cialit&eacute;s proven&ccedil;ales. &#8230;","protected":false},"author":1,"featured_media":40358,"comment_status":"open","ping_status":"open","sticky":false,"template":"","format":"standard","meta":{"footnotes":""},"categories":[20],"tags":[130,10,6085,1285,329,1207,743,1334,5115,720],"news-destination":[],"news-source":[475],"is_homepage":[],"ta_other":[],"class_list":["post-40357","post","type-post","status-publish","format-standard","has-post-thumbnail","hentry","category-societe","tag-ateliers","tag-bouches-du-rhone","tag-cest-lete","tag-cuisine","tag-festival","tag-italie","tag-la-ciotat","tag-restaurateurs","tag-street-food","tag-ville","news-source-website"],"_links":{"self":[{"href":"https:\/\/euapp01.newsmemory.com\/lamarseillaise\/news\/wp-json\/wp\/v2\/posts\/40357","targetHints":{"allow":["GET"]}}],"collection":[{"href":"https:\/\/euapp01.newsmemory.com\/lamarseillaise\/news\/wp-json\/wp\/v2\/posts"}],"about":[{"href":"https:\/\/euapp01.newsmemory.com\/lamarseillaise\/news\/wp-json\/wp\/v2\/types\/post"}],"author":[{"embeddable":true,"href":"https:\/\/euapp01.newsmemory.com\/lamarseillaise\/news\/wp-json\/wp\/v2\/users\/1"}],"replies":[{"embeddable":true,"href":"https:\/\/euapp01.newsmemory.com\/lamarseillaise\/news\/wp-json\/wp\/v2\/comments?post=40357"}],"version-history":[{"count":1,"href":"https:\/\/euapp01.newsmemory.com\/lamarseillaise\/news\/wp-json\/wp\/v2\/posts\/40357\/revisions"}],"predecessor-version":[{"id":40359,"href":"https:\/\/euapp01.newsmemory.com\/lamarseillaise\/news\/wp-json\/wp\/v2\/posts\/40357\/revisions\/40359"}],"wp:featuredmedia":[{"embeddable":true,"href":"https:\/\/euapp01.newsmemory.com\/lamarseillaise\/news\/wp-json\/wp\/v2\/media\/40358"}],"wp:attachment":[{"href":"https:\/\/euapp01.newsmemory.com\/lamarseillaise\/news\/wp-json\/wp\/v2\/media?parent=40357"}],"wp:term":[{"taxonomy":"category","embeddable":true,"href":"https:\/\/euapp01.newsmemory.com\/lamarseillaise\/news\/wp-json\/wp\/v2\/categories?post=40357"},{"taxonomy":"post_tag","embeddable":true,"href":"https:\/\/euapp01.newsmemory.com\/lamarseillaise\/news\/wp-json\/wp\/v2\/tags?post=40357"},{"taxonomy":"news-destination","embeddable":true,"href":"https:\/\/euapp01.newsmemory.com\/lamarseillaise\/news\/wp-json\/wp\/v2\/news-destination?post=40357"},{"taxonomy":"news-source","embeddable":true,"href":"https:\/\/euapp01.newsmemory.com\/lamarseillaise\/news\/wp-json\/wp\/v2\/news-source?post=40357"},{"taxonomy":"is_homepage","embeddable":true,"href":"https:\/\/euapp01.newsmemory.com\/lamarseillaise\/news\/wp-json\/wp\/v2\/is_homepage?post=40357"},{"taxonomy":"ta_other","embeddable":true,"href":"https:\/\/euapp01.newsmemory.com\/lamarseillaise\/news\/wp-json\/wp\/v2\/ta_other?post=40357"}],"curies":[{"name":"wp","href":"https:\/\/api.w.org\/{rel}","templated":true}]}}