{"id":40354,"date":"2026-08-26T08:42:00","date_gmt":"2026-08-26T06:42:00","guid":{"rendered":"https:\/\/euapp01.newsmemory.com\/lamarseillaise\/news\/?p=40354"},"modified":"2026-08-30T10:36:42","modified_gmt":"2026-08-30T08:36:42","slug":"rentree-offensive-et-festive-avec-terres-de-resistance","status":"publish","type":"post","link":"https:\/\/euapp01.newsmemory.com\/lamarseillaise\/news\/2026\/08\/26\/rentree-offensive-et-festive-avec-terres-de-resistance\/","title":{"rendered":"Rentr\u00e9e offensive et festive avec Terres de r\u00e9sistance"},"content":{"rendered":"<div class=\"paragraph\">\n<p>C\u2019est la F\u00eate de l\u2019Huma locale. \u00ab\u00a0<i>\u00c0 notre \u00e9chelle, avec les moyens du bord et beaucoup d\u2019humilit\u00e9<\/i>\u00a0\u00bb, pr\u00e9cise Jeanine Incorvaia, pr\u00e9sidente des Amis de la f\u00eate, qui organise Terres de r\u00e9sistance. Cette ann\u00e9e, pour sa 24<sup>e<\/sup>\u00a0\u00e9dition, le festival aura lieu du 3\u00a0au 6\u00a0septembre au jardin du Prieur\u00e9. L\u2019occasion de se rassembler pour une rentr\u00e9e aussi festive qu\u2019offensive, de \u00ab\u00a0parler des combats en cours\u00a0\u00bb.<\/p>\n<p>\u00ab\u00a0<i>Il n\u2019y a pas que l\u2019\u00e9lection pr\u00e9sidentielle, il y a aussi pas mal de sujets sur lesquels nous r\u00e9fl\u00e9chissons, en tant que communistes, d\u2019autant plus \u00e0 l\u2019issue du congr\u00e8s ce week-end et du congr\u00e8s d\u00e9partemental avant les vacances<\/i>, affirme Jeanine Incorvaia.<i> Ce qui nous anime, c\u2019est la cavalcade d\u00e9sordonn\u00e9e et d\u00e9complex\u00e9e du lib\u00e9ralisme mondial qui met les peuples et la plan\u00e8te \u00e0 genoux.<\/i><i>\u00a0<\/i>\u00bb<\/p>\n<\/p><\/div>\n<div class=\"intext\"> Des d\u00e9bats et des concerts\n              <\/div>\n<div class=\"paragraph\">\n<p>Samedi, rendez-vous au village des associations, avec une vingtaine de structures pr\u00e9sentes. \u00ab\u00a0<i>Ce village des associations permet de montrer toutes les facettes qui peuvent s\u2019inscrire dans la r\u00e9sistance<\/i><i>\u00a0<\/i>\u00bb, souligne Francis Fournier, l\u2019un des organisateurs du festival. La section locale des Arm\u00e9niens animera un d\u00e9bat, le Secours Populaire organisera des ateliers autour des cong\u00e9s pay\u00e9s tandis que la librairie l\u2019Argonaute, les \u00e9ditions Alifbata et Yann Mad\u00e9 parleront f\u00e9minisme. Le lendemain, le grand reporter pour <i>L\u2019Humanit\u00e9<\/i> Pierre Barbancey animera un d\u00e9bat sur la situation au Moyen-Orient, avant le traditionnel meeting de la section locale communiste. Jeanine Incorvaia souligne\u00a0: \u00ab\u00a0<i>M\u00eame si on est s\u00e9rieux dans notre discours, on aime faire la f\u00eate<\/i>\u00a0\u00bb. Et pour \u00e7a, des concerts ponctueront les journ\u00e9es, entre Bazil, la fanfare Tahar Tag\u2019l, Duo K\u2019Alamit\u00e9, un tribute Bob Marley avec Axetone ou encore Massilia Reggae Club.<\/p>\n<\/p><\/div>\n","protected":false},"excerpt":{"rendered":"C&rsquo;est la F&ecirc;te de l&rsquo;Huma locale. &laquo;&nbsp;&Agrave; notre &eacute;chelle, avec les moyens du bord et beaucoup d&rsquo;humilit&eacute;&nbsp;&raquo;, pr&eacute;cise Jeanine Incorvaia, pr&eacute;sidente des Amis de la f&ecirc;te, &#8230;","protected":false},"author":1,"featured_media":40355,"comment_status":"open","ping_status":"open","sticky":false,"template":"","format":"standard","meta":{"footnotes":""},"categories":[3926,3925,32,20],"tags":[138,130,10,465,400,1269,329,6316,63,794,325,997,1729,912],"news-destination":[3944],"news-source":[475],"is_homepage":[],"ta_other":[],"class_list":["post-40354","post","type-post","status-publish","format-standard","has-post-thumbnail","hentry","category-accueil-merge","category-accueil-third","category-culture","category-societe","tag-associations","tag-ateliers","tag-bouches-du-rhone","tag-communistes","tag-concerts","tag-debats","tag-festival","tag-lhumanite","tag-martigues","tag-meeting","tag-musique","tag-programmation","tag-resistance","tag-secours-populaire","news-destination-homepage","news-source-website"],"_links":{"self":[{"href":"https:\/\/euapp01.newsmemory.com\/lamarseillaise\/news\/wp-json\/wp\/v2\/posts\/40354","targetHints":{"allow":["GET"]}}],"collection":[{"href":"https:\/\/euapp01.newsmemory.com\/lamarseillaise\/news\/wp-json\/wp\/v2\/posts"}],"about":[{"href":"https:\/\/euapp01.newsmemory.com\/lamarseillaise\/news\/wp-json\/wp\/v2\/types\/post"}],"author":[{"embeddable":true,"href":"https:\/\/euapp01.newsmemory.com\/lamarseillaise\/news\/wp-json\/wp\/v2\/users\/1"}],"replies":[{"embeddable":true,"href":"https:\/\/euapp01.newsmemory.com\/lamarseillaise\/news\/wp-json\/wp\/v2\/comments?post=40354"}],"version-history":[{"count":1,"href":"https:\/\/euapp01.newsmemory.com\/lamarseillaise\/news\/wp-json\/wp\/v2\/posts\/40354\/revisions"}],"predecessor-version":[{"id":40356,"href":"https:\/\/euapp01.newsmemory.com\/lamarseillaise\/news\/wp-json\/wp\/v2\/posts\/40354\/revisions\/40356"}],"wp:featuredmedia":[{"embeddable":true,"href":"https:\/\/euapp01.newsmemory.com\/lamarseillaise\/news\/wp-json\/wp\/v2\/media\/40355"}],"wp:attachment":[{"href":"https:\/\/euapp01.newsmemory.com\/lamarseillaise\/news\/wp-json\/wp\/v2\/media?parent=40354"}],"wp:term":[{"taxonomy":"category","embeddable":true,"href":"https:\/\/euapp01.newsmemory.com\/lamarseillaise\/news\/wp-json\/wp\/v2\/categories?post=40354"},{"taxonomy":"post_tag","embeddable":true,"href":"https:\/\/euapp01.newsmemory.com\/lamarseillaise\/news\/wp-json\/wp\/v2\/tags?post=40354"},{"taxonomy":"news-destination","embeddable":true,"href":"https:\/\/euapp01.newsmemory.com\/lamarseillaise\/news\/wp-json\/wp\/v2\/news-destination?post=40354"},{"taxonomy":"news-source","embeddable":true,"href":"https:\/\/euapp01.newsmemory.com\/lamarseillaise\/news\/wp-json\/wp\/v2\/news-source?post=40354"},{"taxonomy":"is_homepage","embeddable":true,"href":"https:\/\/euapp01.newsmemory.com\/lamarseillaise\/news\/wp-json\/wp\/v2\/is_homepage?post=40354"},{"taxonomy":"ta_other","embeddable":true,"href":"https:\/\/euapp01.newsmemory.com\/lamarseillaise\/news\/wp-json\/wp\/v2\/ta_other?post=40354"}],"curies":[{"name":"wp","href":"https:\/\/api.w.org\/{rel}","templated":true}]}}