{"id":40351,"date":"2026-08-26T08:52:00","date_gmt":"2026-08-26T06:52:00","guid":{"rendered":"https:\/\/euapp01.newsmemory.com\/lamarseillaise\/news\/?p=40351"},"modified":"2026-08-30T21:03:08","modified_gmt":"2026-08-30T19:03:08","slug":"a-marseille-la-cgt-soutient-une-factrice-menacee-de-sanctions","status":"publish","type":"post","link":"https:\/\/euapp01.newsmemory.com\/lamarseillaise\/news\/2026\/08\/26\/a-marseille-la-cgt-soutient-une-factrice-menacee-de-sanctions\/","title":{"rendered":"\u00c0 Marseille, la CGT soutient une factrice menac\u00e9e de sanctions"},"content":{"rendered":"<div class=\"paragraph\">\n<p>C\u2019est \u00ab\u00a0un dossier sensible\u00a0\u00bb qui arrive sur la table de la direction locale de La\u00a0Poste, ce mercredi. La CGT de l\u2019entreprise appelle \u00e0 un rassemblement devant son si\u00e8ge marseillais pour soutenir Aurore, une factrice du 7<sup>e<\/sup>\u00a0arrondissement, qui est convoqu\u00e9e pour un entretien potentiellement pr\u00e9alable \u00e0 sanctions dans le cadre d\u2019une instance, la commission consultative paritaire. Mais on ne parle pas ici d\u2019une simple mobilisation en soutien \u00e0 une militante syndicale qui aurait trop \u00e9lev\u00e9 la voix \u00e0 l\u2019encontre de sa direction. Car selon le syndicat, la factrice en question a en effet d\u00e9nonc\u00e9 un ensemble de \u00ab\u00a0<i>comportements \u00e0 caract\u00e8re sexiste et sexuel<\/i><i>\u00a0<\/i>\u00bb de la part d\u2019encadrants qui officiaient sur son site, ceux-ci \u00e9tant li\u00e9s \u00e0 cette proc\u00e9dure engag\u00e9e \u00e0 son encontre&#8230;<\/p>\n<p>\u00ab\u00a0<i>Elle a d\u00e9nonc\u00e9 une situation de harc\u00e8lement sexiste et sexuel vis-\u00e0-vis de deux de ses cadres<\/i><i>\u00a0<\/i><i>: remarques sur son physique, blagues graveleuses, atteintes \u00e0 la dignit\u00e9&#8230;<\/i><i>\u00a0<\/i>\u00bb, relate Karim Bouzana, d\u00e9l\u00e9gu\u00e9 syndical. Avant de d\u00e9velopper\u00a0: \u00ab\u00a0<i>La convocation \u00e0 un entretien est bas\u00e9e sur un dossier mont\u00e9 par les cadres qu\u2019elle a d\u00e9nonc\u00e9s<\/i><i>\u00a0<\/i><i>!<\/i><i>\u00a0<\/i>\u00bb. Notons tout de m\u00eame que la proc\u00e9dure \u00e0 l\u2019encontre d\u2019Aurore a d\u00e9but\u00e9 avant qu\u2019elle ne monte au cr\u00e9neau.<\/p>\n<\/p><\/div>\n<div class=\"intext\"> Une victime sanctionn\u00e9e\u00a0?\n              <\/div>\n<div class=\"paragraph\">\n<p>\u00ab<i>\u00a0<\/i><i>Elle avait d\u00e9j\u00e0 \u00e9t\u00e9 convoqu\u00e9e \u00e0 un entretien pr\u00e9alable \u00e0 sanction en mai, il n\u2019y avait pas eu de suite. Mais elle a finalement re\u00e7u une nouvelle convocation<\/i><i>\u00a0<\/i>\u00bb, explique le syndicaliste. En clair, si la direction lui reprocherait officiellement ses \u00e9tats de service, cette situation serait bien en lien avec la d\u00e9nonciation des comportements desdits cadres. En tout cas, la CGT est s\u00fbre d\u2019elle et ne compte \u00ab\u00a0pas l\u00e2cher Aurore\u00a0\u00bb. \u00ab\u00a0<i>On a 3<\/i><i>\u00a0<\/i><i>t\u00e9moignages d\u2019agents du m\u00eame site qui relatent ces propos sexistes et graves. Il y a eu une enqu\u00eate interne de La<\/i><i>\u00a0<\/i><i>Poste qui reconna\u00eet les faits mais en les minimisant. Pour la direction, ce n\u2019est pas officiellement du harc\u00e8lement mais pour nous c\u2019est bien une victime<\/i><i>\u00a0<\/i>\u00bb, mart\u00e8le Karim Bouzana. Avant de rappeler que la factrice re\u00e7oit un soutien qui d\u00e9passe le cadre de la CGT\u00a0: \u00ab\u00a0<i>Ce lundi, il y a eu une d\u00e9lib\u00e9ration vot\u00e9e en CSE extraordinaire et adopt\u00e9e \u00e0 30<\/i><i>\u00a0<\/i><i>votes favorables sur<\/i><i>\u00a0<\/i><i>31 pour la reconna\u00eetre comme lanceuse d\u2019alerte<\/i><i>\u00a0<\/i>\u00bb.<\/p>\n<\/p><\/div>\n","protected":false},"excerpt":{"rendered":"C&rsquo;est &laquo;&nbsp;un dossier sensible&nbsp;&raquo; qui arrive sur la table de la direction locale de La&nbsp;Poste, ce mercredi. La CGT de l&rsquo;entreprise appelle &agrave; un rassemblement devant son si&egrave;ge marseillais pour soutenir &#8230;","protected":false},"author":1,"featured_media":40352,"comment_status":"open","ping_status":"open","sticky":false,"template":"","format":"standard","meta":{"footnotes":""},"categories":[3926,3925,331],"tags":[10,113,1887,3719,210,16,134,6315,613,5629,2160,1090],"news-destination":[3944],"news-source":[475],"is_homepage":[],"ta_other":[],"class_list":["post-40351","post","type-post","status-publish","format-standard","has-post-thumbnail","hentry","category-accueil-merge","category-accueil-third","category-social","tag-bouches-du-rhone","tag-cgt","tag-cse","tag-facteur","tag-la-poste","tag-marseille","tag-mobilisation","tag-propos-sexistes","tag-rassemblement","tag-sexisme","tag-temoignages","tag-victime","news-destination-homepage","news-source-website"],"_links":{"self":[{"href":"https:\/\/euapp01.newsmemory.com\/lamarseillaise\/news\/wp-json\/wp\/v2\/posts\/40351","targetHints":{"allow":["GET"]}}],"collection":[{"href":"https:\/\/euapp01.newsmemory.com\/lamarseillaise\/news\/wp-json\/wp\/v2\/posts"}],"about":[{"href":"https:\/\/euapp01.newsmemory.com\/lamarseillaise\/news\/wp-json\/wp\/v2\/types\/post"}],"author":[{"embeddable":true,"href":"https:\/\/euapp01.newsmemory.com\/lamarseillaise\/news\/wp-json\/wp\/v2\/users\/1"}],"replies":[{"embeddable":true,"href":"https:\/\/euapp01.newsmemory.com\/lamarseillaise\/news\/wp-json\/wp\/v2\/comments?post=40351"}],"version-history":[{"count":1,"href":"https:\/\/euapp01.newsmemory.com\/lamarseillaise\/news\/wp-json\/wp\/v2\/posts\/40351\/revisions"}],"predecessor-version":[{"id":40353,"href":"https:\/\/euapp01.newsmemory.com\/lamarseillaise\/news\/wp-json\/wp\/v2\/posts\/40351\/revisions\/40353"}],"wp:featuredmedia":[{"embeddable":true,"href":"https:\/\/euapp01.newsmemory.com\/lamarseillaise\/news\/wp-json\/wp\/v2\/media\/40352"}],"wp:attachment":[{"href":"https:\/\/euapp01.newsmemory.com\/lamarseillaise\/news\/wp-json\/wp\/v2\/media?parent=40351"}],"wp:term":[{"taxonomy":"category","embeddable":true,"href":"https:\/\/euapp01.newsmemory.com\/lamarseillaise\/news\/wp-json\/wp\/v2\/categories?post=40351"},{"taxonomy":"post_tag","embeddable":true,"href":"https:\/\/euapp01.newsmemory.com\/lamarseillaise\/news\/wp-json\/wp\/v2\/tags?post=40351"},{"taxonomy":"news-destination","embeddable":true,"href":"https:\/\/euapp01.newsmemory.com\/lamarseillaise\/news\/wp-json\/wp\/v2\/news-destination?post=40351"},{"taxonomy":"news-source","embeddable":true,"href":"https:\/\/euapp01.newsmemory.com\/lamarseillaise\/news\/wp-json\/wp\/v2\/news-source?post=40351"},{"taxonomy":"is_homepage","embeddable":true,"href":"https:\/\/euapp01.newsmemory.com\/lamarseillaise\/news\/wp-json\/wp\/v2\/is_homepage?post=40351"},{"taxonomy":"ta_other","embeddable":true,"href":"https:\/\/euapp01.newsmemory.com\/lamarseillaise\/news\/wp-json\/wp\/v2\/ta_other?post=40351"}],"curies":[{"name":"wp","href":"https:\/\/api.w.org\/{rel}","templated":true}]}}