{"id":40344,"date":"2026-08-26T08:13:00","date_gmt":"2026-08-26T06:13:00","guid":{"rendered":"https:\/\/euapp01.newsmemory.com\/lamarseillaise\/news\/?p=40344"},"modified":"2026-08-30T10:36:42","modified_gmt":"2026-08-30T08:36:42","slug":"cest-lete-une-balade-en-kayak-inedite-pour-visiter-martigues","status":"publish","type":"post","link":"https:\/\/euapp01.newsmemory.com\/lamarseillaise\/news\/2026\/08\/26\/cest-lete-une-balade-en-kayak-inedite-pour-visiter-martigues\/","title":{"rendered":"[C\u2019est l\u2019\u00e9t\u00e9] Une balade en kayak in\u00e9dite pour visiter Martigues"},"content":{"rendered":"<div class=\"paragraph\">\n<p>Pagaie \u00e0 la main, ils sont nombreux \u00e0 avoir sillonn\u00e9 cet \u00e9t\u00e9 les eaux proven\u00e7ales. Les derni\u00e8res sorties \u00e0 ne pas manquer sont pr\u00e9vues ce mercredi 26\u00a0ao\u00fbt, avec un premier d\u00e9part \u00e0 9h30 et un second \u00e0 13h30. Du canal Baussengue au canal Galiffet, il faut compter 2h30 de d\u00e9ambulation sur l\u2019eau. \u00ab\u00a0<i>C\u2019est une fa\u00e7on ludique de d\u00e9couvrir la ville et de voir la Venise proven\u00e7ale depuis la mer<\/i>\u00a0\u00bb, r\u00e9sume Marianne Bajou, conseill\u00e8re \u00e0 l\u2019Office de tourisme de Martigues.<\/p>\n<\/p><\/div>\n<div class=\"intext\"> Une approche insolite<br \/>\n               <br \/>de la ville\n              <\/div>\n<div class=\"paragraph\">\n<p>Au-del\u00e0 d\u2019une simple balade nautique, la sortie en cano\u00eb-kayak offre un regard in\u00e9dit sur les lieux embl\u00e9matiques de Martigues. L\u2019excursion \u00ab\u00a0<i>est accompagn\u00e9e d\u2019un guide qui apprend \u00e0 faire du kayak pour ceux qui n\u2019ont pas l\u2019habitude d\u2019en faire, et qui raconte \u00e9galement l\u2019histoire de la ville<\/i>\u00a0\u00bb, pr\u00e9cise Marianne Bajou. Organis\u00e9e par groupes de huit personnes maximum, la sortie en plein air promet aux visiteurs une immersion dans les \u00ab\u00a0<i>coins sauvages et pr\u00e9serv\u00e9s de la c\u00f4te ouest de l\u2019\u00e9tang de Berre<\/i><i>\u00a0<\/i>\u00bb. Au d\u00e9part du gymnase Ald\u00e9ric Chave, le cap est ensuite dirig\u00e9 vers la plage de Ferri\u00e8res, puis les visiteurs passent sous les fameux ponts bleus surplombant le port. Le circuit se poursuit autour des canaux de Martigues, avant une halte incontournable au Miroir aux oiseaux, nich\u00e9 dans le quartier de l\u2019\u00cele, face \u00e0 l\u2019\u00e9glise Sainte Marie-Madeleine. \u00ab\u00a0<i>C\u2019est une petite \u00e9tendue d\u2019eau avec des maisons color\u00e9es et des barques traditionnelles<\/i>\u00a0\u00bb, d\u00e9crit la Marianne Bajou.<\/p>\n<p>Pas besoin d\u2019\u00eatre un pagayeur exp\u00e9riment\u00e9 pour participer \u00e0 la sortie, ouverte d\u00e8s huit ans. \u00ab\u00a0<i>Il faut simplement savoir nager et aimer pagayer<\/i><i>\u00a0<\/i><i>!<\/i><i>\u00a0<\/i>\u00bb, sourit la conseill\u00e8re de l\u2019Office de tourisme, qui tire un bilan positif de la saison\u00a0: \u00ab\u00a0<i>\u00c7a fait plusieurs ann\u00e9es qu\u2019on le fait et, cette ann\u00e9e, \u00e7a a vraiment beaucoup plu. On a eu des groupes quasiment complets tout l\u2019\u00e9t\u00e9<\/i><i>\u00a0<\/i>\u00bb. En famille ou entre amis, la derni\u00e8re occasion de d\u00e9couvrir les abords de Martigues depuis la mer se pr\u00e9sente ce mercredi 26\u00a0ao\u00fbt, avant que les kayaks ne retournent \u00e0 la berge jusqu\u2019\u00e0 la saison prochaine.<\/p>\n<p><b>Andr\u00e9a Goyard de Castro <\/b><\/p>\n<p><i>Tarif unique<\/i><i>\u00a0<\/i><i>: 30<\/i><i>\u00a0<\/i><i>euros.<\/i><\/p>\n<\/p><\/div>\n","protected":false},"excerpt":{"rendered":"Pagaie &agrave; la main, ils sont nombreux &agrave; avoir sillonn&eacute; cet &eacute;t&eacute; les eaux proven&ccedil;ales. Les derni&egrave;res sorties &agrave; ne pas manquer sont pr&eacute;vues ce mercredi 26&nbsp;ao&ucirc;t, avec un premier &#8230;","protected":false},"author":1,"featured_media":40345,"comment_status":"open","ping_status":"open","sticky":false,"template":"","format":"standard","meta":{"footnotes":""},"categories":[3926,3925,20],"tags":[2873,10,6085,4215,1174,1456,336,58,1318,280,6051,55,63,1662,97,2000,1224,1211,347,3579],"news-destination":[3944],"news-source":[475],"is_homepage":[],"ta_other":[],"class_list":["post-40344","post","type-post","status-publish","format-standard","has-post-thumbnail","hentry","category-accueil-merge","category-accueil-third","category-societe","tag-activites-de-loisirs","tag-bouches-du-rhone","tag-cest-lete","tag-canoe-kayak","tag-circuit","tag-etang-de-berre","tag-ete","tag-famille","tag-guide","tag-histoire","tag-insolite","tag-loisirs","tag-martigues","tag-office-de-tourisme","tag-patrimoine","tag-plein-air","tag-port","tag-saison","tag-tourisme","tag-venise","news-destination-homepage","news-source-website"],"_links":{"self":[{"href":"https:\/\/euapp01.newsmemory.com\/lamarseillaise\/news\/wp-json\/wp\/v2\/posts\/40344","targetHints":{"allow":["GET"]}}],"collection":[{"href":"https:\/\/euapp01.newsmemory.com\/lamarseillaise\/news\/wp-json\/wp\/v2\/posts"}],"about":[{"href":"https:\/\/euapp01.newsmemory.com\/lamarseillaise\/news\/wp-json\/wp\/v2\/types\/post"}],"author":[{"embeddable":true,"href":"https:\/\/euapp01.newsmemory.com\/lamarseillaise\/news\/wp-json\/wp\/v2\/users\/1"}],"replies":[{"embeddable":true,"href":"https:\/\/euapp01.newsmemory.com\/lamarseillaise\/news\/wp-json\/wp\/v2\/comments?post=40344"}],"version-history":[{"count":1,"href":"https:\/\/euapp01.newsmemory.com\/lamarseillaise\/news\/wp-json\/wp\/v2\/posts\/40344\/revisions"}],"predecessor-version":[{"id":40346,"href":"https:\/\/euapp01.newsmemory.com\/lamarseillaise\/news\/wp-json\/wp\/v2\/posts\/40344\/revisions\/40346"}],"wp:featuredmedia":[{"embeddable":true,"href":"https:\/\/euapp01.newsmemory.com\/lamarseillaise\/news\/wp-json\/wp\/v2\/media\/40345"}],"wp:attachment":[{"href":"https:\/\/euapp01.newsmemory.com\/lamarseillaise\/news\/wp-json\/wp\/v2\/media?parent=40344"}],"wp:term":[{"taxonomy":"category","embeddable":true,"href":"https:\/\/euapp01.newsmemory.com\/lamarseillaise\/news\/wp-json\/wp\/v2\/categories?post=40344"},{"taxonomy":"post_tag","embeddable":true,"href":"https:\/\/euapp01.newsmemory.com\/lamarseillaise\/news\/wp-json\/wp\/v2\/tags?post=40344"},{"taxonomy":"news-destination","embeddable":true,"href":"https:\/\/euapp01.newsmemory.com\/lamarseillaise\/news\/wp-json\/wp\/v2\/news-destination?post=40344"},{"taxonomy":"news-source","embeddable":true,"href":"https:\/\/euapp01.newsmemory.com\/lamarseillaise\/news\/wp-json\/wp\/v2\/news-source?post=40344"},{"taxonomy":"is_homepage","embeddable":true,"href":"https:\/\/euapp01.newsmemory.com\/lamarseillaise\/news\/wp-json\/wp\/v2\/is_homepage?post=40344"},{"taxonomy":"ta_other","embeddable":true,"href":"https:\/\/euapp01.newsmemory.com\/lamarseillaise\/news\/wp-json\/wp\/v2\/ta_other?post=40344"}],"curies":[{"name":"wp","href":"https:\/\/api.w.org\/{rel}","templated":true}]}}