{"id":40338,"date":"2026-08-27T12:33:00","date_gmt":"2026-08-27T10:33:00","guid":{"rendered":"https:\/\/euapp01.newsmemory.com\/lamarseillaise\/news\/?p=40338"},"modified":"2026-08-28T14:39:40","modified_gmt":"2026-08-28T12:39:40","slug":"intemperies-degats-materiels-dans-les-bouches-du-rhone","status":"publish","type":"post","link":"https:\/\/euapp01.newsmemory.com\/lamarseillaise\/news\/2026\/08\/27\/intemperies-degats-materiels-dans-les-bouches-du-rhone\/","title":{"rendered":"[Intemp\u00e9ries] D\u00e9gats mat\u00e9riels dans les Bouches-du-Rh\u00f4ne"},"content":{"rendered":"<div class=\"paragraph\">\n<p>Pas moins de 200\u00a0interventions ont \u00e9t\u00e9 r\u00e9alis\u00e9es avec des toitures d\u2019entrep\u00f4ts arrach\u00e9es dont celle d\u2019Amazon \u00e0 Saint-Martin-de-Crau, une chute d\u2019\u00e9chafaudage \u00e0 La\u00a0Ciotat et de nombreuses chutes d\u2019arbres avec des vents d\u00e9passant les 100\u00a0kilom\u00e8tres par heure. \u00c0 Saint-Paul-lez-Durance, une ligne de 20\u00a0000\u00a0V a \u00e9t\u00e9 endommag\u00e9e et a plong\u00e9 une grande partie de la commune dans le noir.<\/p>\n<p>La circulation des trains a \u00e9galement \u00e9t\u00e9 impact\u00e9e avec des retards de plusieurs heures, notamment entre Marseille et N\u00eemes. La desserte de Saint-Martin-de-Crau \u00e9tait toujours interrompue ce mardi 25\u00a0avril, les trains \u00e9tant d\u00e9tourn\u00e9s sur la ligne Miramas-Avignon via Cavaillon. Le retour \u00e0 la normale \u00e9tant pr\u00e9vu pour 16h.<\/p>\n<\/p><\/div>\n","protected":false},"excerpt":{"rendered":"Pas moins de 200&nbsp;interventions ont &eacute;t&eacute; r&eacute;alis&eacute;es avec des toitures d&rsquo;entrep&ocirc;ts arrach&eacute;es dont celle d&rsquo;Amazon &agrave; Saint-Martin-de-Crau, une chute d&rsquo;&eacute;chafaudage &agrave; &#8230;","protected":false},"author":1,"featured_media":0,"comment_status":"open","ping_status":"open","sticky":false,"template":"","format":"standard","meta":{"footnotes":""},"categories":[918,3926,3925,20],"tags":[4014,10,2132,2799,1202,4304,1185,1674,2674],"news-destination":[3944],"news-source":[475],"is_homepage":[],"ta_other":[],"class_list":["post-40338","post","type-post","status-publish","format-standard","hentry","category-accueil","category-accueil-merge","category-accueil-third","category-societe","tag-bataillon-des-marins-pompiers","tag-bouches-du-rhone","tag-degats","tag-marins-pompiers","tag-meteo","tag-rafales","tag-record","tag-sapeurs-pompiers","tag-vent","news-destination-homepage","news-source-website"],"_links":{"self":[{"href":"https:\/\/euapp01.newsmemory.com\/lamarseillaise\/news\/wp-json\/wp\/v2\/posts\/40338","targetHints":{"allow":["GET"]}}],"collection":[{"href":"https:\/\/euapp01.newsmemory.com\/lamarseillaise\/news\/wp-json\/wp\/v2\/posts"}],"about":[{"href":"https:\/\/euapp01.newsmemory.com\/lamarseillaise\/news\/wp-json\/wp\/v2\/types\/post"}],"author":[{"embeddable":true,"href":"https:\/\/euapp01.newsmemory.com\/lamarseillaise\/news\/wp-json\/wp\/v2\/users\/1"}],"replies":[{"embeddable":true,"href":"https:\/\/euapp01.newsmemory.com\/lamarseillaise\/news\/wp-json\/wp\/v2\/comments?post=40338"}],"version-history":[{"count":1,"href":"https:\/\/euapp01.newsmemory.com\/lamarseillaise\/news\/wp-json\/wp\/v2\/posts\/40338\/revisions"}],"predecessor-version":[{"id":40340,"href":"https:\/\/euapp01.newsmemory.com\/lamarseillaise\/news\/wp-json\/wp\/v2\/posts\/40338\/revisions\/40340"}],"wp:attachment":[{"href":"https:\/\/euapp01.newsmemory.com\/lamarseillaise\/news\/wp-json\/wp\/v2\/media?parent=40338"}],"wp:term":[{"taxonomy":"category","embeddable":true,"href":"https:\/\/euapp01.newsmemory.com\/lamarseillaise\/news\/wp-json\/wp\/v2\/categories?post=40338"},{"taxonomy":"post_tag","embeddable":true,"href":"https:\/\/euapp01.newsmemory.com\/lamarseillaise\/news\/wp-json\/wp\/v2\/tags?post=40338"},{"taxonomy":"news-destination","embeddable":true,"href":"https:\/\/euapp01.newsmemory.com\/lamarseillaise\/news\/wp-json\/wp\/v2\/news-destination?post=40338"},{"taxonomy":"news-source","embeddable":true,"href":"https:\/\/euapp01.newsmemory.com\/lamarseillaise\/news\/wp-json\/wp\/v2\/news-source?post=40338"},{"taxonomy":"is_homepage","embeddable":true,"href":"https:\/\/euapp01.newsmemory.com\/lamarseillaise\/news\/wp-json\/wp\/v2\/is_homepage?post=40338"},{"taxonomy":"ta_other","embeddable":true,"href":"https:\/\/euapp01.newsmemory.com\/lamarseillaise\/news\/wp-json\/wp\/v2\/ta_other?post=40338"}],"curies":[{"name":"wp","href":"https:\/\/api.w.org\/{rel}","templated":true}]}}