{"id":40335,"date":"2026-08-26T07:39:00","date_gmt":"2026-08-26T05:39:00","guid":{"rendered":"https:\/\/euapp01.newsmemory.com\/lamarseillaise\/news\/?p=40335"},"modified":"2026-08-30T10:36:42","modified_gmt":"2026-08-30T08:36:42","slug":"olivier-galzi-sinquiete-du-contexte-belliqueux","status":"publish","type":"post","link":"https:\/\/euapp01.newsmemory.com\/lamarseillaise\/news\/2026\/08\/26\/olivier-galzi-sinquiete-du-contexte-belliqueux\/","title":{"rendered":"Olivier Galzi s\u2019inqui\u00e8te du contexte belliqueux"},"content":{"rendered":"<div class=\"paragraph\">\n<p>Jour de f\u00eate et de souvenir, ce mardi \u00e0 Avignon. Une journ\u00e9e consacr\u00e9e au 82<sup>e<\/sup>\u00a0anniversaire de la Lib\u00e9ration de la Ville. Pour l\u2019occasion, un grand d\u00e9fil\u00e9 et exposition de v\u00e9hicules d\u2019\u00e9poque et reconstitution de costumes d\u2019Alli\u00e9s ont anim\u00e9 les rues pour faire revivre l\u2019ambiance de 1944 qui mettait fin \u00e0 deux ans d\u2019occupation. \u00ab<i>\u00a0<\/i><i>En voyant cette reconstitution depuis mon bureau de maire, qui avait d\u00e9j\u00e0 ce r\u00f4le en 1944, cela reste une immense joie que d\u2019imaginer cette Lib\u00e9ration<\/i><i>\u00a0<\/i>\u00bb, confie Olivier Galzi, \u00e0 l\u2019issue d\u2019un hommage rendu dans le p\u00e9ristyle de l\u2019H\u00f4tel de ville.<\/p>\n<p>Le maire (DVD) participait en tant que tel pour la premi\u00e8re fois \u00e0 cette c\u00e9r\u00e9monie. Avant de grimper dans une Jeep et d\u00e9filer, il appr\u00e9cie \u00ab\u00a0<i>cette r\u00e9union de g\u00e9n\u00e9rations qui permet de perp\u00e9tuer le souvenir, avec des jeunes ou une Avignonnaise, l\u00e0 aujourd\u2019hui et qui \u00e9tait pr\u00e9sente place de l\u2019Horloge le jour de la Lib\u00e9ration<\/i><i>\u00a0<\/i>\u00bb.<\/p>\n<\/p><\/div>\n<div class=\"intext\"> La \u00ab\u00a0vieille histoire\u00a0\u00bb proche de se r\u00e9p\u00e9ter\u00a0?\n              <\/div>\n<div class=\"paragraph\">\n<p>Mais Olivier Galzi n\u2019y voit pas un pass\u00e9 lointain \u00e0 jamais oubli\u00e9. \u00ab\u00a0<i>Cette journ\u00e9e n\u2019est pas seulement un souvenir mais aussi une projection sur l\u2019avenir en particulier dans l\u2019\u00e9poque actuelle<\/i>, met-il en garde. <i>Ce qu\u2019il se passe avec la Russie en Ukraine d\u00e9montre que la vieille histoire n\u2019est pas forc\u00e9ment une histoire qui ne se r\u00e9p\u00e9terait jamais, sans parler des totalitarismes et des diff\u00e9rents fascismes.<\/i><i>\u00a0<\/i>\u00bb<\/p>\n<p>Dans ce contexte belliqueux, aliment\u00e9 aussi par le chef de l\u2019\u00c9tat et le gouvernement \u00e0 coups de renfort budg\u00e9taire pour le minist\u00e8re des Arm\u00e9es ou tentative de r\u00e9surrection du service militaire, le maire y voit \u00ab\u00a0<i>une forme d\u2019inqui\u00e9tude, quand on voit les mots, les menaces, et que l\u2019on aime l\u2019histoire, il y a un certain nombre d\u2019ingr\u00e9dients r\u00e9unis pour une grande division qui d\u00e9bouche sur la violence<\/i><i>\u00a0<\/i>\u00bb. Olivier Galzi, \u00e0 son \u00ab\u00a0<i>niveau de maire<\/i>\u00a0\u00bb, plaide \u00ab\u00a0<i>pour un devoir de coh\u00e9sion et d\u2019unit\u00e9 quelle que soit notre vision politique<\/i><i>\u00a0<\/i>\u00bb. Du moins sur ce genre de c\u00e9r\u00e9monie, \u00ab\u00a0<i>moment o\u00f9 quoi qu\u2019il arrive on peut se r\u00e9unir entre Avignonnais<\/i><i>\u00a0<\/i>\u00bb. Chose souvent moins favorable lorsqu\u2019il s\u2019agit de politique municipale.<\/p>\n<\/p><\/div>\n","protected":false},"excerpt":{"rendered":"Jour de f&ecirc;te et de souvenir, ce mardi &agrave; Avignon. Une journ&eacute;e consacr&eacute;e au 82e&nbsp;anniversaire de la Lib&eacute;ration de la Ville. Pour l&rsquo;occasion, un grand d&eacute;fil&eacute; et exposition de v&eacute;hicules &#8230;","protected":false},"author":1,"featured_media":40336,"comment_status":"open","ping_status":"open","sticky":false,"template":"","format":"standard","meta":{"footnotes":""},"categories":[3926,3925,337,330,20],"tags":[495,2149,1351,174,430,2346,575,1929,680,280,389,1647,752,4914,732,3919,601,171,720],"news-destination":[3944],"news-source":[475],"is_homepage":[],"ta_other":[],"class_list":["post-40335","post","type-post","status-publish","format-standard","has-post-thumbnail","hentry","category-accueil-merge","category-accueil-third","category-international","category-politique","category-societe","tag-495","tag-anniversaire","tag-armee","tag-avignon","tag-budget","tag-ceremonie","tag-emmanuel-macron","tag-fascisme","tag-guerres","tag-histoire","tag-hommage","tag-liberation","tag-maire","tag-olivier-galzi","tag-russie","tag-service-militaire","tag-ukraine","tag-vaucluse","tag-ville","news-destination-homepage","news-source-website"],"_links":{"self":[{"href":"https:\/\/euapp01.newsmemory.com\/lamarseillaise\/news\/wp-json\/wp\/v2\/posts\/40335","targetHints":{"allow":["GET"]}}],"collection":[{"href":"https:\/\/euapp01.newsmemory.com\/lamarseillaise\/news\/wp-json\/wp\/v2\/posts"}],"about":[{"href":"https:\/\/euapp01.newsmemory.com\/lamarseillaise\/news\/wp-json\/wp\/v2\/types\/post"}],"author":[{"embeddable":true,"href":"https:\/\/euapp01.newsmemory.com\/lamarseillaise\/news\/wp-json\/wp\/v2\/users\/1"}],"replies":[{"embeddable":true,"href":"https:\/\/euapp01.newsmemory.com\/lamarseillaise\/news\/wp-json\/wp\/v2\/comments?post=40335"}],"version-history":[{"count":1,"href":"https:\/\/euapp01.newsmemory.com\/lamarseillaise\/news\/wp-json\/wp\/v2\/posts\/40335\/revisions"}],"predecessor-version":[{"id":40337,"href":"https:\/\/euapp01.newsmemory.com\/lamarseillaise\/news\/wp-json\/wp\/v2\/posts\/40335\/revisions\/40337"}],"wp:featuredmedia":[{"embeddable":true,"href":"https:\/\/euapp01.newsmemory.com\/lamarseillaise\/news\/wp-json\/wp\/v2\/media\/40336"}],"wp:attachment":[{"href":"https:\/\/euapp01.newsmemory.com\/lamarseillaise\/news\/wp-json\/wp\/v2\/media?parent=40335"}],"wp:term":[{"taxonomy":"category","embeddable":true,"href":"https:\/\/euapp01.newsmemory.com\/lamarseillaise\/news\/wp-json\/wp\/v2\/categories?post=40335"},{"taxonomy":"post_tag","embeddable":true,"href":"https:\/\/euapp01.newsmemory.com\/lamarseillaise\/news\/wp-json\/wp\/v2\/tags?post=40335"},{"taxonomy":"news-destination","embeddable":true,"href":"https:\/\/euapp01.newsmemory.com\/lamarseillaise\/news\/wp-json\/wp\/v2\/news-destination?post=40335"},{"taxonomy":"news-source","embeddable":true,"href":"https:\/\/euapp01.newsmemory.com\/lamarseillaise\/news\/wp-json\/wp\/v2\/news-source?post=40335"},{"taxonomy":"is_homepage","embeddable":true,"href":"https:\/\/euapp01.newsmemory.com\/lamarseillaise\/news\/wp-json\/wp\/v2\/is_homepage?post=40335"},{"taxonomy":"ta_other","embeddable":true,"href":"https:\/\/euapp01.newsmemory.com\/lamarseillaise\/news\/wp-json\/wp\/v2\/ta_other?post=40335"}],"curies":[{"name":"wp","href":"https:\/\/api.w.org\/{rel}","templated":true}]}}