{"id":40332,"date":"2026-08-26T07:49:00","date_gmt":"2026-08-26T05:49:00","guid":{"rendered":"https:\/\/euapp01.newsmemory.com\/lamarseillaise\/news\/?p=40332"},"modified":"2026-08-30T10:36:42","modified_gmt":"2026-08-30T08:36:42","slug":"la-mairie-de-digne-fixe-ses-priorites-pour-la-rentree-scolaire","status":"publish","type":"post","link":"https:\/\/euapp01.newsmemory.com\/lamarseillaise\/news\/2026\/08\/26\/la-mairie-de-digne-fixe-ses-priorites-pour-la-rentree-scolaire\/","title":{"rendered":"La mairie de Digne fixe ses priorit\u00e9s pour la rentr\u00e9e scolaire"},"content":{"rendered":"<div class=\"paragraph\">\n<p>\u00ab <i>V<\/i><i>u l\u2019\u00e9t\u00e9 qu\u2019on vient de passer, la priorit\u00e9 est de fl\u00e9cher les b<\/i><i>udgets pour travailler sur des syst\u00e8mes de climatisation des salles de classe plut\u00f4t que la renaturation des cours d\u2019\u00e9cole<\/i><i>\u00a0<\/i>\u00bb\u00a0: Julien Di\u00a0Benedetto, maire (SE) de Digne, a d\u00e9fini ses priorit\u00e9s pour la rentr\u00e9e scolaire mardi. \u00ab\u00a0<i>On est confront\u00e9s \u00e0 des p<\/i><i>h\u00e9nom\u00e8nes qu\u2019on connaissait en juillet-ao\u00fbt, mais d\u00e9sormais, \u00e7a d\u00e9marre fin mai et peut continuer jusqu\u2019en septembre. Les conditions d\u2019enseignement dans des salles \u00e0 30<\/i><i>\u00a0<\/i><i>degr\u00e9s, c\u2019est \u00e9pouvantable. Ce n\u2019est pas possible<\/i><i>\u00a0<\/i>\u00bb, a-t-il soulign\u00e9, \u00e9mettant l\u2019hypoth\u00e8se de privil\u00e9gier la climatisation pour am\u00e9liorer les conditions de scolarisation malgr\u00e9 un budget restreint. \u00ab\u00a0<i>L\u2019\u00e9t\u00e9 qu\u2019on vient de passer redimensionne pas mal de priorit\u00e9s et de questionnements<\/i><i>\u00a0<\/i>\u00bb, avec ses temp\u00e9ratures caniculaires, a expliqu\u00e9 l\u2019\u00e9dile de la ville pr\u00e9fecture. La mairie esp\u00e8re d\u2019ailleurs \u00ab\u00a0<i>finaliser<\/i><i>\u00a0<\/i>\u00bb ses achats de climatiseurs d\u2019ici le 30\u00a0septembre pour pouvoir pr\u00e9tendre \u00e0 un financement d\u2019EDF avant la date limite, a pr\u00e9cis\u00e9 Franck Geiger, le chef du service \u00e9ducation. EDF avait annonc\u00e9 en juin rembourser 400\u00a0euros par \u00e9quipement pour les \u00e9coles et les cr\u00e8ches. Les \u00e9tablissements peinent cependant \u00e0 s\u2019\u00e9quiper avec les ruptures de stock.<\/p>\n<\/p><\/div>\n<div class=\"intext\"> Des \u00e9tudiants en m\u00e9decine accueillis\n              <\/div>\n<div class=\"paragraph\">\n<p>Le maire de Digne a par ailleurs insist\u00e9 sur une autre de ses priorit\u00e9s\u00a0: l\u2019accueil pour la premi\u00e8re fois de 20\u00a0\u00e9tudiants en premi\u00e8re ann\u00e9e de m\u00e9decine au campus connect\u00e9, ouvert en\u00a02021, ce qui permet \u00e0 ceux qui n\u2019ont pas les moyens d\u2019aller \u00e9tudier \u00e0 Marseille d\u2019acc\u00e9der tout de m\u00eame au cursus de m\u00e9decine depuis Digne. Ce campus connect\u00e9 est pass\u00e9 \u00ab\u00a0<i>de 5<\/i><i>\u00a0<\/i><i>\u00e0 57<\/i><i>\u00a0<\/i><i>places entre<\/i><i>\u00a0<\/i><i>2021 et<\/i><i>\u00a0<\/i><i>2026<\/i><i>\u00a0<\/i>\u00bb, s\u2019est r\u00e9joui l\u2019\u00e9dile. \u00ab\u00a0<i>Cela permet \u00e0 des personnes qui n\u2019auraient pas suivi des \u00e9tudes de pouvoir le faire \u00e0 distance, donc c\u2019est une question d\u2019\u00e9galit\u00e9 de traitement vis-\u00e0-vis de l\u2019acc\u00e8s aux \u00e9tudes sup\u00e9rieures<\/i><i>\u00a0<\/i>\u00bb, a-t-il avanc\u00e9, rappelant l\u2019importance de \u00ab\u00a0<i>fid\u00e9liser<\/i><i>\u00a0<\/i>\u00bb de futurs m\u00e9decins sur le territoire dignois. <span class=\"mln_uppercase_mln\">\u00e0<\/span> l\u2019avenir, \u00ab\u00a0<i>on sera plut\u00f4t sur une augmentation du nombre d\u2019\u00e9tudiants en premi\u00e8re ann\u00e9e de m\u00e9decine, puisqu\u2019\u00e0 partir de la deuxi\u00e8me ann\u00e9e, c\u2019est forc\u00e9ment \u00e0 la facult\u00e9. Il y a des cours en TP en nombre, donc on ne pourra au niveau des infrastructures. Mais l\u2019id\u00e9e serait, si \u00e7a fonctionne bien, de pouvoir mettre en place une deuxi\u00e8me cohorte. Il va falloir d\u2019abord qu\u2019on d\u00e9montre que sur cette premi\u00e8re cohorte, on arrive \u00e0 la combler et que les r\u00e9sultats soient satisfaisants<\/i><i>\u00a0<\/i>\u00bb, a expliqu\u00e9 le chef du service \u00e9ducation. Depuis\u00a02021, le campus connect\u00e9 a permis d\u2019obtenir \u00ab\u00a0<i>des taux de r\u00e9ussite en licence<\/i><i>\u00a0<\/i><i>1 deux fois sup\u00e9rieurs \u00e0 la facult\u00e9<\/i><i>\u00a0<\/i>\u00bb, selon lui.<\/p>\n<p>La mairie s\u2019est par ailleurs f\u00e9licit\u00e9e d\u2019\u00eatre \u00ab\u00a0<i>la seule en France \u00e0 offrir une journ\u00e9e de ski \u00e0 ses \u00e9l\u00e8ves sans \u00eatre une station de ski<\/i><i>\u00a0<\/i>\u00bb, selon Franck Geiger.<\/p>\n<p>Plusieurs sanitaires, portes et rampes d\u2019acc\u00e8s pour les personnes \u00e0 mobilit\u00e9 r\u00e9duite ont \u00e9galement \u00e9t\u00e9 install\u00e9s cet \u00e9t\u00e9 dans des \u00e9coles auparavant inaccessibles.<\/p>\n<p>La ville compte aussi continuer \u00e0 investir dans des tableaux num\u00e9riques interactifs. Six ont d\u00e9j\u00e0 \u00e9t\u00e9 install\u00e9s depuis l\u2019ann\u00e9e derni\u00e8re. En attendant que toutes les classes soient \u00e9quip\u00e9es, des tableaux \u00e0 roulettes permettent de les d\u00e9placer de salle en salle.<\/p>\n<\/p><\/div>\n","protected":false},"excerpt":{"rendered":"&laquo; Vu l&rsquo;&eacute;t&eacute; qu&rsquo;on vient de passer, la priorit&eacute; est de fl&eacute;cher les budgets pour travailler sur des syst&egrave;mes de climatisation des salles de classe plut&ocirc;t que la renaturation des cours &#8230;","protected":false},"author":1,"featured_media":40333,"comment_status":"open","ping_status":"open","sticky":false,"template":"","format":"standard","meta":{"footnotes":""},"categories":[3926,3925,20],"tags":[4768,4467,430,372,1428,803,410,26,1518,258,2247,716,712,51],"news-destination":[3944],"news-source":[475],"is_homepage":[],"ta_other":[],"class_list":["post-40332","post","type-post","status-publish","format-standard","has-post-thumbnail","hentry","category-accueil-merge","category-accueil-third","category-societe","tag-alpes","tag-alpes-de-haute-provence","tag-budget","tag-canicule","tag-climatisation","tag-ecole","tag-education","tag-environnement","tag-etudiants","tag-medecine","tag-renaturation","tag-rentree","tag-rentree-scolaire","tag-societe","news-destination-homepage","news-source-website"],"_links":{"self":[{"href":"https:\/\/euapp01.newsmemory.com\/lamarseillaise\/news\/wp-json\/wp\/v2\/posts\/40332","targetHints":{"allow":["GET"]}}],"collection":[{"href":"https:\/\/euapp01.newsmemory.com\/lamarseillaise\/news\/wp-json\/wp\/v2\/posts"}],"about":[{"href":"https:\/\/euapp01.newsmemory.com\/lamarseillaise\/news\/wp-json\/wp\/v2\/types\/post"}],"author":[{"embeddable":true,"href":"https:\/\/euapp01.newsmemory.com\/lamarseillaise\/news\/wp-json\/wp\/v2\/users\/1"}],"replies":[{"embeddable":true,"href":"https:\/\/euapp01.newsmemory.com\/lamarseillaise\/news\/wp-json\/wp\/v2\/comments?post=40332"}],"version-history":[{"count":1,"href":"https:\/\/euapp01.newsmemory.com\/lamarseillaise\/news\/wp-json\/wp\/v2\/posts\/40332\/revisions"}],"predecessor-version":[{"id":40334,"href":"https:\/\/euapp01.newsmemory.com\/lamarseillaise\/news\/wp-json\/wp\/v2\/posts\/40332\/revisions\/40334"}],"wp:featuredmedia":[{"embeddable":true,"href":"https:\/\/euapp01.newsmemory.com\/lamarseillaise\/news\/wp-json\/wp\/v2\/media\/40333"}],"wp:attachment":[{"href":"https:\/\/euapp01.newsmemory.com\/lamarseillaise\/news\/wp-json\/wp\/v2\/media?parent=40332"}],"wp:term":[{"taxonomy":"category","embeddable":true,"href":"https:\/\/euapp01.newsmemory.com\/lamarseillaise\/news\/wp-json\/wp\/v2\/categories?post=40332"},{"taxonomy":"post_tag","embeddable":true,"href":"https:\/\/euapp01.newsmemory.com\/lamarseillaise\/news\/wp-json\/wp\/v2\/tags?post=40332"},{"taxonomy":"news-destination","embeddable":true,"href":"https:\/\/euapp01.newsmemory.com\/lamarseillaise\/news\/wp-json\/wp\/v2\/news-destination?post=40332"},{"taxonomy":"news-source","embeddable":true,"href":"https:\/\/euapp01.newsmemory.com\/lamarseillaise\/news\/wp-json\/wp\/v2\/news-source?post=40332"},{"taxonomy":"is_homepage","embeddable":true,"href":"https:\/\/euapp01.newsmemory.com\/lamarseillaise\/news\/wp-json\/wp\/v2\/is_homepage?post=40332"},{"taxonomy":"ta_other","embeddable":true,"href":"https:\/\/euapp01.newsmemory.com\/lamarseillaise\/news\/wp-json\/wp\/v2\/ta_other?post=40332"}],"curies":[{"name":"wp","href":"https:\/\/api.w.org\/{rel}","templated":true}]}}