{"id":40329,"date":"2026-08-26T07:51:00","date_gmt":"2026-08-26T05:51:00","guid":{"rendered":"https:\/\/euapp01.newsmemory.com\/lamarseillaise\/news\/?p=40329"},"modified":"2026-08-30T10:36:42","modified_gmt":"2026-08-30T08:36:42","slug":"le-parc-national-des-ecrins-entre-loups-et-bergers","status":"publish","type":"post","link":"https:\/\/euapp01.newsmemory.com\/lamarseillaise\/news\/2026\/08\/26\/le-parc-national-des-ecrins-entre-loups-et-bergers\/","title":{"rendered":"Le Parc national des \u00c9crins, entre loups et bergers"},"content":{"rendered":"<div class=\"paragraph\">\n<p>Ce mardi et ce mercredi, le Parc National des \u00c9crins diffuse le dernier film de Jean-Michel Bertrand, <i>Vivre avec les loups<\/i>, dans lequel le cin\u00e9aste emm\u00e8ne le public \u00e0 la rencontre d\u2019\u00e9leveurs et de bergers confront\u00e9s au pr\u00e9dateur. La s\u00e9ance, qui se d\u00e9roule au centre du Parc au Mon\u00eatier-les-Bains, est suivie d\u2019un temps de discussion entre le public un garde-moniteur du Parc. \u00ab\u00a0<i>Le dernier film de Jean-Michel Bertrand est plus ax\u00e9 sur les incidences du retour du loup sur l\u2019activit\u00e9 dans les vall\u00e9es, et il aborde les cons\u00e9quences pour les \u00e9leveurs, c\u2019est un film qui traite de cette coexistence<\/i>\u00a0\u00bb<i>, <\/i>explique Pierre Bouvet, charg\u00e9 de mission au Parc National des \u00c9crins. \u00ab\u00a0<i>Nous sommes \u00e0 l\u2019interface entre les deux mondes, d\u2019o\u00f9 le fait de faire des projections pour informer et sensibiliser les gens sur la pr\u00e9sence du loup et aussi et surtout sur les incidences li\u00e9es \u00e0 la pr\u00e9sence pastorale.<\/i>\u00a0\u00bb<i><\/i><\/p>\n<p>Une mission parfois difficile \u00e0 expliquer alors que la pr\u00e9dation du loup sur les troupeaux suscite de plus en plus la col\u00e8re d\u2019\u00e9leveurs qui voient dans cette nouvelle contrainte une menace pour l\u2019avenir du pastoralisme. \u00ab\u00a0<i>Le r\u00f4le du Parc c\u2019est la protection et la conservation de la biodiversit\u00e9, dont le loup fait partie, <\/i>explique Pierre Bouvet. <i>En revanche, c\u2019est une esp\u00e8ce qui est aussi tr\u00e8s compliqu\u00e9e \u00e0 vivre pour le monde de l\u2019\u00e9levage, et le Parc est tr\u00e8s attach\u00e9 \u00e0 cette culture du pastoralisme, qui entretient et fa\u00e7onne les paysages et qui constitue une grande part de l\u2019identit\u00e9 du Parc quand m\u00eame.<\/i>\u00a0\u00bb<\/p>\n<p>Si le Parc n\u2019intervient pas dans la politique du loup, d\u00e9cid\u00e9e au niveau de l\u2019\u00c9tat, il participe aux prospections de terrain pour d\u00e9terminer les effectifs de l\u2019animal sur le territoire fran\u00e7ais, estim\u00e9s \u00e0 environ 1\u00a0100\u00a0individus. En parall\u00e8le, les agents coop\u00e8rent aussi tout au long de l\u2019ann\u00e9e avec les \u00e9leveurs, en leur communiquant les indices de pr\u00e9sence du canid\u00e9, en recrutant chaque \u00e9t\u00e9 des bergers d\u2019appui pour aider \u00e0 surveiller les troupeaux et en aidant les communes pour installer des cabanes d\u2019alpage qui permettent aux \u00e9leveurs de rester pr\u00e8s de leur cheptel en estive. \u00ab\u00a0<i>Il y a plus de 115<\/i><i>\u00a0<\/i><i>000<\/i><i>\u00a0<\/i><i>moutons sur le Parc, o\u00f9 les alpages repr\u00e9sentent environ 40% du territoire. C\u2019est un milieu incontournable pour nous. <\/i><i><span class=\"mln_uppercase_mln\">\u00c7<\/span><\/i><i>a \u00e9tonne parfois les gens qui pensent souvent que le Parc est un espace sanctuaris\u00e9 sans activit\u00e9 humaine, ce n\u2019est pas du tout le cas<\/i><i>\u00a0<\/i>\u00bb, rappelle Pierre Bouvet.<\/p>\n<\/p><\/div>\n<div class=\"intext\"> Vingt ans apr\u00e8s, la coexistence reste un enjeu\n              <\/div>\n<div class=\"paragraph\">\n<p>Reste qu\u2019avec pr\u00e8s de 350\u00a0constats d\u2019attaques de troupeaux pour plus de 800\u00a0victimes en 2025 selon la Chambre d\u2019agriculture, la cohabitation n\u2019est pas sans heurts. M\u00eame s\u2019il reconna\u00eet que le loup reste \u00ab\u00a0<i>une menace et une pression constantes pour les \u00e9leveurs<\/i>\u00a0\u00bb, pour Pierre Bouvet, ce travail d\u2019adaptation entre loup et pastoralisme fonctionne mieux qu\u2019on ne le croit\u00a0: \u00ab\u00a0<i>Depuis plus de vingt ans que le loup est revenu dans les Hautes-Alpes, m\u00eame s\u2019il y a des tensions, en r\u00e9alit\u00e9 il y a du progr\u00e8s. On dit souvent que la pr\u00e9dation explose en France mais en fait non. Elle augmente dans les nouvelles r\u00e9gions o\u00f9 le loup revient, l\u00e0 o\u00f9 l\u2019on red\u00e9couvre ce sujet et o\u00f9 l\u2019on a plus les moyens de protection, alors que dans les Alpes elle est plut\u00f4t stable<\/i>\u00a0\u00bb.<i><\/i><\/p>\n<\/p><\/div>\n<div class=\"paragraph\">\n<p><i>Projection \u00ab<\/i><i>\u00a0<\/i><i>Vivre avec les loups<\/i><i>\u00a0<\/i><i>\u00bb le 26<\/i><i>\u00a0<\/i><i>ao\u00fbt de<\/i><i>\u00a0<\/i><i>16h \u00e0<\/i><i>\u00a0<\/i><i>17h30 au centre d\u2019accueil du Parc national des \u00c9crins, col du Lautaret, 05220 Le Mon\u00eatier-les-Bains.<\/i><\/p>\n<\/p><\/div>\n","protected":false},"excerpt":{"rendered":"Ce mardi et ce mercredi, le Parc National des &Eacute;crins diffuse le dernier film de Jean-Michel Bertrand, Vivre avec les loups, dans lequel le cin&eacute;aste emm&egrave;ne le public &agrave; la rencontre d&rsquo;&eacute;leveurs et de bergers &#8230;","protected":false},"author":1,"featured_media":40330,"comment_status":"open","ping_status":"open","sticky":false,"template":"","format":"standard","meta":{"footnotes":""},"categories":[3926,3925,333,5237,20],"tags":[4768,6026,4251,5876,1314,1434,376,1305,3092,1404,4261,78],"news-destination":[3944],"news-source":[475],"is_homepage":[],"ta_other":[],"class_list":["post-40329","post","type-post","status-publish","format-standard","has-post-thumbnail","hentry","category-accueil-merge","category-accueil-third","category-environnement","category-locale","category-societe","tag-alpes","tag-bergers","tag-brebis","tag-chasse","tag-documentaire","tag-ecologie","tag-faune-sauvage","tag-film","tag-loups","tag-parc-national","tag-pastoralisme","tag-projection","news-destination-homepage","news-source-website"],"_links":{"self":[{"href":"https:\/\/euapp01.newsmemory.com\/lamarseillaise\/news\/wp-json\/wp\/v2\/posts\/40329","targetHints":{"allow":["GET"]}}],"collection":[{"href":"https:\/\/euapp01.newsmemory.com\/lamarseillaise\/news\/wp-json\/wp\/v2\/posts"}],"about":[{"href":"https:\/\/euapp01.newsmemory.com\/lamarseillaise\/news\/wp-json\/wp\/v2\/types\/post"}],"author":[{"embeddable":true,"href":"https:\/\/euapp01.newsmemory.com\/lamarseillaise\/news\/wp-json\/wp\/v2\/users\/1"}],"replies":[{"embeddable":true,"href":"https:\/\/euapp01.newsmemory.com\/lamarseillaise\/news\/wp-json\/wp\/v2\/comments?post=40329"}],"version-history":[{"count":1,"href":"https:\/\/euapp01.newsmemory.com\/lamarseillaise\/news\/wp-json\/wp\/v2\/posts\/40329\/revisions"}],"predecessor-version":[{"id":40331,"href":"https:\/\/euapp01.newsmemory.com\/lamarseillaise\/news\/wp-json\/wp\/v2\/posts\/40329\/revisions\/40331"}],"wp:featuredmedia":[{"embeddable":true,"href":"https:\/\/euapp01.newsmemory.com\/lamarseillaise\/news\/wp-json\/wp\/v2\/media\/40330"}],"wp:attachment":[{"href":"https:\/\/euapp01.newsmemory.com\/lamarseillaise\/news\/wp-json\/wp\/v2\/media?parent=40329"}],"wp:term":[{"taxonomy":"category","embeddable":true,"href":"https:\/\/euapp01.newsmemory.com\/lamarseillaise\/news\/wp-json\/wp\/v2\/categories?post=40329"},{"taxonomy":"post_tag","embeddable":true,"href":"https:\/\/euapp01.newsmemory.com\/lamarseillaise\/news\/wp-json\/wp\/v2\/tags?post=40329"},{"taxonomy":"news-destination","embeddable":true,"href":"https:\/\/euapp01.newsmemory.com\/lamarseillaise\/news\/wp-json\/wp\/v2\/news-destination?post=40329"},{"taxonomy":"news-source","embeddable":true,"href":"https:\/\/euapp01.newsmemory.com\/lamarseillaise\/news\/wp-json\/wp\/v2\/news-source?post=40329"},{"taxonomy":"is_homepage","embeddable":true,"href":"https:\/\/euapp01.newsmemory.com\/lamarseillaise\/news\/wp-json\/wp\/v2\/is_homepage?post=40329"},{"taxonomy":"ta_other","embeddable":true,"href":"https:\/\/euapp01.newsmemory.com\/lamarseillaise\/news\/wp-json\/wp\/v2\/ta_other?post=40329"}],"curies":[{"name":"wp","href":"https:\/\/api.w.org\/{rel}","templated":true}]}}