{"id":40326,"date":"2026-08-26T07:32:00","date_gmt":"2026-08-26T05:32:00","guid":{"rendered":"https:\/\/euapp01.newsmemory.com\/lamarseillaise\/news\/?p=40326"},"modified":"2026-08-29T22:38:09","modified_gmt":"2026-08-29T20:38:09","slug":"plus-que-deux-jours-pour-imaginer-lavenir-du-faron","status":"publish","type":"post","link":"https:\/\/euapp01.newsmemory.com\/lamarseillaise\/news\/2026\/08\/26\/plus-que-deux-jours-pour-imaginer-lavenir-du-faron\/","title":{"rendered":"Plus que deux jours pour imaginer l\u2019avenir du Faron"},"content":{"rendered":"<div class=\"paragraph\">\n<p>Lanc\u00e9e par le maire (SE) Joss\u00e9 Massi le 23\u00a0juin dernier, la consultation \u00ab\u00a0Toulon et vous, le mont Faron de 2030\u00a0\u00bb invite les Toulonnais et les visiteurs \u00e0 partager leurs id\u00e9es et leurs attentes. L\u2019objectif \u00e9tant de concilier la pr\u00e9servation de la biodiversit\u00e9 avec un usage et un d\u00e9veloppement touristique raisonn\u00e9s.<\/p>\n<p>Pour participer \u00e0 cette vision du futur, cinq minutes suffisent en r\u00e9pondant \u00e0 un questionnaire en ligne sur le site de la Ville ou sur un bulletin papier, disponible dans les mairies de quartiers, \u00e0 la Maison de la mobilit\u00e9 ou encore au M\u00e9morial du Faron. Il porte sur 10\u00a0points physiques\u00a0: t\u00e9l\u00e9ph\u00e9rique, M\u00e9morial du D\u00e9barquement et de la Lib\u00e9ration en Provence, l\u2019h\u00f4tel de ville, les mairies d\u2019Honneur et de quartier, les comit\u00e9s d\u2019int\u00e9r\u00eat locaux (CIL). Le recueil des habitudes, des id\u00e9es et suggestions se fait autour de 5\u00a0grandes th\u00e9matiques\u00a0: \u00ab\u00a0le Faron et vous\u00a0\u00bb, \u00ab\u00a0votre acc\u00e8s au Mont-Faron\u00a0\u00bb, \u00ab\u00a0pr\u00e9server la nature et prot\u00e9ger le Faron du risque incendie\u00a0\u00bb, \u00ab\u00a0l\u2019accueil et les services sur le Mont-Faron\u00a0\u00bb ainsi que \u00ab\u00a0activit\u00e9s et patrimoine\u00a0\u00bb.<\/p>\n<p>Les r\u00e9sultats de cette premi\u00e8re grande consultation seront connus au d\u00e9but de l\u2019automne et feront l\u2019objet d\u2019une concertation avec<i> <\/i>\u00ab<i>\u00a0<\/i><i>les acteurs du lieu<\/i><i>\u00a0<\/i><i>: les associations, les personnes qui y travaillent, les experts du site<\/i>\u00a0\u00bb, a pr\u00e9cis\u00e9 Julien Orlandini, premier adjoint au maire. Les premi\u00e8res mesures verront le jour au printemps 2027.<\/p>\n<\/p><\/div>\n","protected":false},"excerpt":{"rendered":"Lanc&eacute;e par le maire (SE) Joss&eacute; Massi le 23&nbsp;juin dernier, la consultation &laquo;&nbsp;Toulon et vous, le mont Faron de 2030&nbsp;&raquo; invite les Toulonnais et les visiteurs &agrave; partager leurs id&eacute;es et leurs &#8230;","protected":false},"author":1,"featured_media":40327,"comment_status":"open","ping_status":"open","sticky":false,"template":"","format":"standard","meta":{"footnotes":""},"categories":[3926,3925,333,20],"tags":[84,2419,6015,3182,3961,1647,442,920,4168,938,97,136,895,668,597,347,31,720],"news-destination":[3944],"news-source":[475],"is_homepage":[],"ta_other":[],"class_list":["post-40326","post","type-post","status-publish","format-standard","has-post-thumbnail","hentry","category-accueil-merge","category-accueil-third","category-environnement","category-societe","tag-biodiversite","tag-consultation-citoyenne","tag-debarquement-de-provence","tag-josee-massi","tag-julien-orlandini","tag-liberation","tag-mairie","tag-memoire","tag-memorial","tag-nature","tag-patrimoine","tag-preservation","tag-provence","tag-quartiers","tag-toulon","tag-tourisme","tag-var","tag-ville","news-destination-homepage","news-source-website"],"_links":{"self":[{"href":"https:\/\/euapp01.newsmemory.com\/lamarseillaise\/news\/wp-json\/wp\/v2\/posts\/40326","targetHints":{"allow":["GET"]}}],"collection":[{"href":"https:\/\/euapp01.newsmemory.com\/lamarseillaise\/news\/wp-json\/wp\/v2\/posts"}],"about":[{"href":"https:\/\/euapp01.newsmemory.com\/lamarseillaise\/news\/wp-json\/wp\/v2\/types\/post"}],"author":[{"embeddable":true,"href":"https:\/\/euapp01.newsmemory.com\/lamarseillaise\/news\/wp-json\/wp\/v2\/users\/1"}],"replies":[{"embeddable":true,"href":"https:\/\/euapp01.newsmemory.com\/lamarseillaise\/news\/wp-json\/wp\/v2\/comments?post=40326"}],"version-history":[{"count":1,"href":"https:\/\/euapp01.newsmemory.com\/lamarseillaise\/news\/wp-json\/wp\/v2\/posts\/40326\/revisions"}],"predecessor-version":[{"id":40328,"href":"https:\/\/euapp01.newsmemory.com\/lamarseillaise\/news\/wp-json\/wp\/v2\/posts\/40326\/revisions\/40328"}],"wp:featuredmedia":[{"embeddable":true,"href":"https:\/\/euapp01.newsmemory.com\/lamarseillaise\/news\/wp-json\/wp\/v2\/media\/40327"}],"wp:attachment":[{"href":"https:\/\/euapp01.newsmemory.com\/lamarseillaise\/news\/wp-json\/wp\/v2\/media?parent=40326"}],"wp:term":[{"taxonomy":"category","embeddable":true,"href":"https:\/\/euapp01.newsmemory.com\/lamarseillaise\/news\/wp-json\/wp\/v2\/categories?post=40326"},{"taxonomy":"post_tag","embeddable":true,"href":"https:\/\/euapp01.newsmemory.com\/lamarseillaise\/news\/wp-json\/wp\/v2\/tags?post=40326"},{"taxonomy":"news-destination","embeddable":true,"href":"https:\/\/euapp01.newsmemory.com\/lamarseillaise\/news\/wp-json\/wp\/v2\/news-destination?post=40326"},{"taxonomy":"news-source","embeddable":true,"href":"https:\/\/euapp01.newsmemory.com\/lamarseillaise\/news\/wp-json\/wp\/v2\/news-source?post=40326"},{"taxonomy":"is_homepage","embeddable":true,"href":"https:\/\/euapp01.newsmemory.com\/lamarseillaise\/news\/wp-json\/wp\/v2\/is_homepage?post=40326"},{"taxonomy":"ta_other","embeddable":true,"href":"https:\/\/euapp01.newsmemory.com\/lamarseillaise\/news\/wp-json\/wp\/v2\/ta_other?post=40326"}],"curies":[{"name":"wp","href":"https:\/\/api.w.org\/{rel}","templated":true}]}}