{"id":40323,"date":"2026-08-26T07:39:00","date_gmt":"2026-08-26T05:39:00","guid":{"rendered":"https:\/\/euapp01.newsmemory.com\/lamarseillaise\/news\/?p=40323"},"modified":"2026-08-30T10:36:42","modified_gmt":"2026-08-30T08:36:42","slug":"le-centre-daction-sociale-daubagne-sur-le-pont-en-periode-de-canicule","status":"publish","type":"post","link":"https:\/\/euapp01.newsmemory.com\/lamarseillaise\/news\/2026\/08\/26\/le-centre-daction-sociale-daubagne-sur-le-pont-en-periode-de-canicule\/","title":{"rendered":"Le centre d\u2019action sociale d\u2019Aubagne sur le pont en p\u00e9riode de canicule"},"content":{"rendered":"<div class=\"paragraph\">\n<p>Dangereuses pour les populations vuln\u00e9rables, les vagues de chaleur peuvent s\u2019av\u00e9rer particuli\u00e8rement mena\u00e7antes pour les personnes sans domicile fixe (SDF), d\u00e9pourvues d\u2019un espace frais o\u00f9 se r\u00e9fugier. Conscient des risques encourus pour les personnes sans-abri, le Centre communal d\u2019action sociale d\u2019Aubagne (CCAS) a cet \u00e9t\u00e9 redoubl\u00e9 d\u2019efforts en p\u00e9riode de vigilance orange canicule. \u00ab\u00a0<i>Nous avons \u00e9largi nos horaires d\u2019accueil<\/i>, d\u00e9taille Elies Hannai, responsable de la Maison du partage, centre d\u2019accueil g\u00e9r\u00e9 par le CCAS. <i>En plus du matin<\/i>, <i>les locaux \u00e9taient ouverts au public l\u2019apr\u00e8s-midi de<\/i><i>\u00a0<\/i><i>14h \u00e0<\/i><i>\u00a0<\/i><i>18h. Nous avons \u00e9galement multipli\u00e9 les maraudes, avec une \u00e0 deux tourn\u00e9es en plus l\u2019apr\u00e8s-midi<\/i>\u00a0\u00bb. Eau, brumisateur, th\u00e9, caf\u00e9 ou petit en-cas&#8230; les distributions se sont donc intensifi\u00e9es pour pr\u00e9venir au mieux des risques caniculaires. Un rythme de d\u00e9placement qui a aussi permis d\u2019inviter plus de monde \u00e0 venir profiter, pour quelques heures, de la fra\u00eecheur de la Maison du partage, install\u00e9e dans un ensemble de solidarit\u00e9 regroupant le Secours populaire, les Restos du c\u0153ur, la Croix rouge et l\u2019\u00e9picerie sociale et solidaire du CCAS.<\/p>\n<\/p><\/div>\n<div class=\"intext\"> La rue tue aussi l\u2019\u00e9t\u00e9\n              <\/div>\n<div class=\"paragraph\">\n<p>Contrairement aux id\u00e9es re\u00e7ues, la rue tue presque autant l\u2019\u00e9t\u00e9 que l\u2019hiver. D\u2019apr\u00e8s les chiffres collect\u00e9s par le Collectif des morts de la rue (CMDR), entre\u00a02011 et\u00a02021, 36,5% des d\u00e9c\u00e8s de personnes SDF sont survenus en hiver (entre d\u00e9cembre et mars), contre 30,9% en \u00e9t\u00e9 (entre juin et septembre). \u00ab\u00a0<i>La saisonnalit\u00e9 montre une l\u00e9g\u00e8re pr\u00e9dominance hivernale mais les risques persistent toute l\u2019ann\u00e9e, avec notamment des d\u00e9c\u00e8s li\u00e9s \u00e0 la chaleur et \u00e0 la d\u00e9shydratation pendant les p\u00e9riodes de fortes chaleurs, particuli\u00e8rement dans les r\u00e9gions m\u00e9diterran\u00e9ennes et ultramarines<\/i><i>\u00a0<\/i>\u00bb, analyse en ce sens le rapport\u00a02024 du collectif. Et \u00e0 la probl\u00e9matique des temp\u00e9ratures s\u2019ajoute, en \u00e9t\u00e9, celle de l\u2019isolement, avec, pendant les vacances, une diminution du nombre de b\u00e9n\u00e9voles mobilis\u00e9s et des structures d\u2019accompagnement ouvertes. \u00ab\u00a0<i>\u00c0 l\u2019image de No\u00ebl, l\u2019\u00e9t\u00e9 est un moment de d\u00e9tresse morale importante. Les gens partent en vacances (&#8230;) les rues se vident progressivement, donc (&#8230;) l\u2019isolement est plus fortement ressenti<\/i>\u00a0\u00bb<i>, <\/i>d\u00e9taille dans <i>Lib\u00e9ration <\/i>Vincent Baron, coordinateur d\u2019un centre d\u2019accueil \u00e0 Montpellier. Le CMDR le rappelle cependant r\u00e9guli\u00e8rement\u00a0: \u00ab\u00a0<i>Ce ne sont pas les saisons ou les conditions climatiques qui tuent mais plut\u00f4t les mauvaises conditions de vie<\/i>\u00a0\u00bb.<i><\/i><\/p>\n<\/p><\/div>\n","protected":false},"excerpt":{"rendered":"Dangereuses pour les populations vuln&eacute;rables, les vagues de chaleur peuvent s&rsquo;av&eacute;rer particuli&egrave;rement mena&ccedil;antes pour les personnes sans domicile fixe (SDF), d&eacute;pourvues d&rsquo;un espace frais o&ugrave; se &#8230;","protected":false},"author":1,"featured_media":40324,"comment_status":"open","ping_status":"open","sticky":false,"template":"","format":"standard","meta":{"footnotes":""},"categories":[3926,3925,331,20],"tags":[1508,493,10,372,2609,102,917,4391,3062,3313,4003,260,1361,2030],"news-destination":[3944],"news-source":[475],"is_homepage":[],"ta_other":[],"class_list":["post-40323","post","type-post","status-publish","format-standard","has-post-thumbnail","hentry","category-accueil-merge","category-accueil-third","category-social","category-societe","tag-accueil","tag-aubagne","tag-bouches-du-rhone","tag-canicule","tag-ccas","tag-collectif","tag-croix-rouge","tag-maraude","tag-sans-abris","tag-sans-domicile","tag-sdf","tag-solidarite","tag-vacances","tag-vigilance-orange","news-destination-homepage","news-source-website"],"_links":{"self":[{"href":"https:\/\/euapp01.newsmemory.com\/lamarseillaise\/news\/wp-json\/wp\/v2\/posts\/40323","targetHints":{"allow":["GET"]}}],"collection":[{"href":"https:\/\/euapp01.newsmemory.com\/lamarseillaise\/news\/wp-json\/wp\/v2\/posts"}],"about":[{"href":"https:\/\/euapp01.newsmemory.com\/lamarseillaise\/news\/wp-json\/wp\/v2\/types\/post"}],"author":[{"embeddable":true,"href":"https:\/\/euapp01.newsmemory.com\/lamarseillaise\/news\/wp-json\/wp\/v2\/users\/1"}],"replies":[{"embeddable":true,"href":"https:\/\/euapp01.newsmemory.com\/lamarseillaise\/news\/wp-json\/wp\/v2\/comments?post=40323"}],"version-history":[{"count":1,"href":"https:\/\/euapp01.newsmemory.com\/lamarseillaise\/news\/wp-json\/wp\/v2\/posts\/40323\/revisions"}],"predecessor-version":[{"id":40325,"href":"https:\/\/euapp01.newsmemory.com\/lamarseillaise\/news\/wp-json\/wp\/v2\/posts\/40323\/revisions\/40325"}],"wp:featuredmedia":[{"embeddable":true,"href":"https:\/\/euapp01.newsmemory.com\/lamarseillaise\/news\/wp-json\/wp\/v2\/media\/40324"}],"wp:attachment":[{"href":"https:\/\/euapp01.newsmemory.com\/lamarseillaise\/news\/wp-json\/wp\/v2\/media?parent=40323"}],"wp:term":[{"taxonomy":"category","embeddable":true,"href":"https:\/\/euapp01.newsmemory.com\/lamarseillaise\/news\/wp-json\/wp\/v2\/categories?post=40323"},{"taxonomy":"post_tag","embeddable":true,"href":"https:\/\/euapp01.newsmemory.com\/lamarseillaise\/news\/wp-json\/wp\/v2\/tags?post=40323"},{"taxonomy":"news-destination","embeddable":true,"href":"https:\/\/euapp01.newsmemory.com\/lamarseillaise\/news\/wp-json\/wp\/v2\/news-destination?post=40323"},{"taxonomy":"news-source","embeddable":true,"href":"https:\/\/euapp01.newsmemory.com\/lamarseillaise\/news\/wp-json\/wp\/v2\/news-source?post=40323"},{"taxonomy":"is_homepage","embeddable":true,"href":"https:\/\/euapp01.newsmemory.com\/lamarseillaise\/news\/wp-json\/wp\/v2\/is_homepage?post=40323"},{"taxonomy":"ta_other","embeddable":true,"href":"https:\/\/euapp01.newsmemory.com\/lamarseillaise\/news\/wp-json\/wp\/v2\/ta_other?post=40323"}],"curies":[{"name":"wp","href":"https:\/\/api.w.org\/{rel}","templated":true}]}}