{"id":40320,"date":"2026-08-26T07:18:00","date_gmt":"2026-08-26T05:18:00","guid":{"rendered":"https:\/\/euapp01.newsmemory.com\/lamarseillaise\/news\/?p=40320"},"modified":"2026-08-29T17:24:37","modified_gmt":"2026-08-29T15:24:37","slug":"au-cap-janet-le-desamiantage-inquiete","status":"publish","type":"post","link":"https:\/\/euapp01.newsmemory.com\/lamarseillaise\/news\/2026\/08\/26\/au-cap-janet-le-desamiantage-inquiete\/","title":{"rendered":"Au Cap Janet, le d\u00e9samiantage inqui\u00e8te"},"content":{"rendered":"<div class=\"paragraph\">\n<p>L\u2019association de d\u00e9fense des locataires du Cap Janet a adress\u00e9, jeudi dernier, une mise en demeure \u00e0 leur bailleur Erilia, avec constat d\u2019huissier, exigeant que les habitants de cette r\u00e9sidence install\u00e9e sur les hauteurs de la Calade (15<sup>e<\/sup>), en surplomb du port, soient mieux prot\u00e9g\u00e9s et inform\u00e9s contre le risque amiante. En cause, les travaux de r\u00e9habilitation de la cit\u00e9 engag\u00e9s le 5\u00a0ao\u00fbt (<a href=\"https:\/\/www.lamarseillaise.fr\/societe\/le-bailleur-erilia-rafraichit-les-276-logements-de-cap-janet-NA20571792\">notre \u00e9dition du 06\/08<\/a>), sans protection suffisante des appartements contre l\u2019empoussi\u00e8rement, d\u00e9noncent les locataires.<\/p>\n<\/p><\/div>\n<div class=\"intext\"> R\u00e9unions d\u2019information\n              <\/div>\n<div class=\"paragraph\">\n<p>Les travaux pr\u00e9voient une isolation compl\u00e8te des fa\u00e7ades et des toitures, la modernisation du syst\u00e8me de chauffage, la r\u00e9novation des salles d\u2019eau. Un chantier \u00e0 15,61\u00a0millions d\u2019euros, pr\u00e9vu pour \u00eatre livr\u00e9 en mars 2028. Mais le bras de fer des habitants avec leur bailleur avait commenc\u00e9 d\u00e8s son installation, sur fond de manque de stationnement. Et de fait, lorsque les places sont immobilis\u00e9es pour les besoins du chantier, ils se mobilisent pour r\u00e9clamer qu\u2019en contrepartie, les voitures \u00e9paves qui bloquent, selon les habitants, une soixantaine de places soient retir\u00e9es. Jusqu\u2019\u00e0 bloquer les entr\u00e9es du chantier, le 19\u00a0ao\u00fbt, pour obtenir gain de cause.<\/p>\n<p>Ce m\u00eame jour, un locataire de la tour C remarque, sur la passerelle situ\u00e9e \u00e0 la hauteur de son balcon, les premiers panneaux signalisant la pr\u00e9sence d\u2019amiante. Et de filmer la fen\u00eatre ouverte de sa cuisine donnant directement sur la coursive o\u00f9 circulent les ouvriers en combinaison int\u00e9grale, sans que son appartement ne soit prot\u00e9g\u00e9 des poussi\u00e8res. \u00ab\u00a0<i>Nous ne sommes pas consid\u00e9r\u00e9s, sommes des animaux<\/i><i>\u00a0<\/i><i>\u00bb<\/i>, s\u2019\u00e9meut-il. Dans une seconde vid\u00e9o, il va \u00e0 la rencontre des ouvriers et leur demande d\u2019arr\u00eater le travail tant que les habitants ne sont pas abrit\u00e9s. \u00ab\u00a0<i>Il n\u2019y a pas d\u2019amiante<\/i><i>\u00a0<\/i>\u00bb, lui r\u00e9pond la gestionnaire de la r\u00e9sidence.<\/p>\n<p>Dans les jours qui suivent, la signalisation \u00ab\u00a0danger amiante\u00a0\u00bb est install\u00e9e sur les palissades, indiquant aux ouvriers les pr\u00e9cautions \u00e0 prendre en fonction de l\u2019empoussi\u00e8rement, selon qu\u2019il y ait moins de cinq fibres d\u2019amiante par litre&#8230; ou moins de 100\u00a0fibres. \u00ab\u00a0<i>Quand ils ont install\u00e9 le rail<\/i> [de l\u2019\u00e9chafaudage, Ndlr], <i>il n\u2019y avait aucune signalisation, <\/i>t\u00e9moigne le pr\u00e9sident de l\u2019association.<i> Ils ont cass\u00e9 les plaques de la fa\u00e7ade sans avertir les gens qu\u2019il y avait de l\u2019amiante<\/i><i>\u00a0<\/i><i>!<\/i>\u00a0\u00bb En contrebas, les d\u00e9chets du chantier sont entrepos\u00e9s sous des b\u00e2ches sur le terrain de foot, derri\u00e8re des grilles barr\u00e9es d\u2019une rubalise signalant le \u00ab\u00a0danger amiante\u00a0\u00bb. \u00ab\u00a0<i>Quand il y aura moins de soleil, les enfants vont retourner s\u2019y amuser<\/i>\u00a0\u00bb, s\u2019inqui\u00e8te Mohamed Aimeche, qui a aussi alert\u00e9 la municipalit\u00e9. Sollicit\u00e9, le bailleur promet que \u00ab\u00a0<i>le chantier de r\u00e9habilitation de Cap Janet est conduit dans le strict respect de la r\u00e9glementation<\/i><i>\u00a0<\/i><i>\u00bb. <\/i>Le plan de retrait des mat\u00e9riaux concern\u00e9s a \u00e9t\u00e9 transmis aux services de l\u2019\u00c9tat avant le d\u00e9but des travaux, leur d\u00e9pose r\u00e9alis\u00e9e par une entreprise sp\u00e9cialis\u00e9e et certifi\u00e9e pour \u00eatre plac\u00e9s dans des contenants \u00e9tanches dans une zone d\u00e9di\u00e9e avant leur traitement, \u00e9num\u00e8re le ma\u00eetre d\u2019\u0153uvre. Avec \u00ab\u00a0<i>un balisage et une s\u00e9curisation adapt\u00e9s \u00e0 l\u2019avancement du chantier<\/i><i>\u00a0<\/i><i>\u00bb, <\/i>et une attention sp\u00e9cifique sur les espaces ext\u00e9rieurs fr\u00e9quent\u00e9s par les enfants. <i>\u00ab<\/i><i>\u00a0<\/i><i>La sant\u00e9 et la s\u00e9curit\u00e9 des locataires, des riverains et des intervenants sont une priorit\u00e9 pour Erilia<\/i><i>\u00a0<\/i><i>\u00bb, <\/i>promet-il. Et de pr\u00e9ciser qu\u2019<i>\u00ab<\/i><i>\u00a0<\/i><i>une information d\u00e9taill\u00e9e sera adress\u00e9e aux locataires pour leur apporter toutes les pr\u00e9cisions utiles sur le d\u00e9roulement et la s\u00e9curisation de ces op\u00e9rations<\/i><i>\u00a0<\/i><i>\u00bb. <\/i>Le bailleur a annonc\u00e9 la tenue de permanences d\u2019information le lundi.<\/p>\n<\/p><\/div>\n","protected":false},"excerpt":{"rendered":"L&rsquo;association de d&eacute;fense des locataires du Cap Janet a adress&eacute;, jeudi dernier, une mise en demeure &agrave; leur bailleur Erilia, avec constat d&rsquo;huissier, exigeant que les habitants de cette r&eacute;sidence &#8230;","protected":false},"author":1,"featured_media":40321,"comment_status":"open","ping_status":"open","sticky":false,"template":"","format":"standard","meta":{"footnotes":""},"categories":[3926,3925,333,20],"tags":[2739,168,10,48,106,1597,16,1819,2352,157,2127,524,111,166],"news-destination":[3944],"news-source":[475],"is_homepage":[],"ta_other":[],"class_list":["post-40320","post","type-post","status-publish","format-standard","has-post-thumbnail","hentry","category-accueil-merge","category-accueil-third","category-environnement","category-societe","tag-amiante","tag-association","tag-bouches-du-rhone","tag-erilia","tag-habitants","tag-locataires","tag-marseille","tag-marseille-15e-arrondissement","tag-ouvriers","tag-rehabilitation","tag-renovation-energetique","tag-residence","tag-securite","tag-travaux","news-destination-homepage","news-source-website"],"_links":{"self":[{"href":"https:\/\/euapp01.newsmemory.com\/lamarseillaise\/news\/wp-json\/wp\/v2\/posts\/40320","targetHints":{"allow":["GET"]}}],"collection":[{"href":"https:\/\/euapp01.newsmemory.com\/lamarseillaise\/news\/wp-json\/wp\/v2\/posts"}],"about":[{"href":"https:\/\/euapp01.newsmemory.com\/lamarseillaise\/news\/wp-json\/wp\/v2\/types\/post"}],"author":[{"embeddable":true,"href":"https:\/\/euapp01.newsmemory.com\/lamarseillaise\/news\/wp-json\/wp\/v2\/users\/1"}],"replies":[{"embeddable":true,"href":"https:\/\/euapp01.newsmemory.com\/lamarseillaise\/news\/wp-json\/wp\/v2\/comments?post=40320"}],"version-history":[{"count":1,"href":"https:\/\/euapp01.newsmemory.com\/lamarseillaise\/news\/wp-json\/wp\/v2\/posts\/40320\/revisions"}],"predecessor-version":[{"id":40322,"href":"https:\/\/euapp01.newsmemory.com\/lamarseillaise\/news\/wp-json\/wp\/v2\/posts\/40320\/revisions\/40322"}],"wp:featuredmedia":[{"embeddable":true,"href":"https:\/\/euapp01.newsmemory.com\/lamarseillaise\/news\/wp-json\/wp\/v2\/media\/40321"}],"wp:attachment":[{"href":"https:\/\/euapp01.newsmemory.com\/lamarseillaise\/news\/wp-json\/wp\/v2\/media?parent=40320"}],"wp:term":[{"taxonomy":"category","embeddable":true,"href":"https:\/\/euapp01.newsmemory.com\/lamarseillaise\/news\/wp-json\/wp\/v2\/categories?post=40320"},{"taxonomy":"post_tag","embeddable":true,"href":"https:\/\/euapp01.newsmemory.com\/lamarseillaise\/news\/wp-json\/wp\/v2\/tags?post=40320"},{"taxonomy":"news-destination","embeddable":true,"href":"https:\/\/euapp01.newsmemory.com\/lamarseillaise\/news\/wp-json\/wp\/v2\/news-destination?post=40320"},{"taxonomy":"news-source","embeddable":true,"href":"https:\/\/euapp01.newsmemory.com\/lamarseillaise\/news\/wp-json\/wp\/v2\/news-source?post=40320"},{"taxonomy":"is_homepage","embeddable":true,"href":"https:\/\/euapp01.newsmemory.com\/lamarseillaise\/news\/wp-json\/wp\/v2\/is_homepage?post=40320"},{"taxonomy":"ta_other","embeddable":true,"href":"https:\/\/euapp01.newsmemory.com\/lamarseillaise\/news\/wp-json\/wp\/v2\/ta_other?post=40320"}],"curies":[{"name":"wp","href":"https:\/\/api.w.org\/{rel}","templated":true}]}}