{"id":40317,"date":"2026-08-26T07:25:00","date_gmt":"2026-08-26T05:25:00","guid":{"rendered":"https:\/\/euapp01.newsmemory.com\/lamarseillaise\/news\/?p=40317"},"modified":"2026-08-29T18:56:16","modified_gmt":"2026-08-29T16:56:16","slug":"la-justice-saisie-pour-des-conditions-de-detention-dignes","status":"publish","type":"post","link":"https:\/\/euapp01.newsmemory.com\/lamarseillaise\/news\/2026\/08\/26\/la-justice-saisie-pour-des-conditions-de-detention-dignes\/","title":{"rendered":"La justice saisie pour des conditions de d\u00e9tention dignes"},"content":{"rendered":"<div class=\"paragraph\">\n<p>Matelas au sol, surpopulation carc\u00e9rale, infestation de cafards et de rats, absence d\u2019intimit\u00e9 dans les sanitaires&#8230; Ces conditions sont celles des d\u00e9tenus de la maison d\u2019arr\u00eat d\u2019Aix-Luynes relev\u00e9es par le Contr\u00f4leur g\u00e9n\u00e9ral des lieux de privation de libert\u00e9 (CGLPL) en juin\u00a02024 et la b\u00e2tonni\u00e8re d\u2019Aix-en-Provence Monika Mahy-Ma-Somga en f\u00e9vrier\u00a02025. Une situation qui a pouss\u00e9 l\u2019Observatoire international des prisons, le Syndicat des avocats de France et l\u2019un des d\u00e9tenus \u00e0 saisir le tribunal administratif contre le garde des Sceaux et la ministre de la Sant\u00e9.<\/p>\n<p>\u00ab\u00a0<i>On se trouve face \u00e0 une situation avec un \u00e9t\u00e9 caniculaire abominable, et une suroccupation carc\u00e9rale qui bat des records tous les jours. Donc, l\u2019urgence, c\u2019est<\/i> <i>maintenant<\/i>\u00a0\u00bb, insiste M<sup>e<\/sup>\u00a0Nicolas Chambardon, repr\u00e9sentant les demandeurs, lors d\u2019un r\u00e9f\u00e9r\u00e9-libert\u00e9 \u00e9tudi\u00e9 en audience ce mardi. Cette proc\u00e9dure permet au juge de prendre en urgence des mesures pour pr\u00e9server l\u2019exercice d\u2019une libert\u00e9 fondamentale en cas d\u2019atteinte grave et manifestement ill\u00e9gale \u00e0 celle-ci par l\u2019administration.<\/p>\n<p>Les requ\u00e9rants exigent ainsi des mesures pr\u00e9cises et ex\u00e9cutables dans de brefs d\u00e9lais. Ils demandent\u00a0: la r\u00e9paration des interphones dans les cellules pour permettre aux d\u00e9tenus d\u2019appeler \u00e0 l\u2019aide, le recensement des lits sur le sol et l\u2019attribution de vrais lits, des interventions contre les nuisibles ou encore la mise en place d\u2019une cloison autour des sanitaires pour l\u2019intimit\u00e9 des personnes incarc\u00e9r\u00e9es. Les demandeurs souhaitent \u00e9galement une astreinte si les mesures ne sont pas mises en place.<\/p>\n<\/p><\/div>\n<div class=\"intext\"> Des mesures rapides\n              <\/div>\n<div class=\"paragraph\">\n<p>Un moyen d\u2019am\u00e9liorer au plus vite les conditions de vie des personnes incarc\u00e9r\u00e9es. \u00ab\u00a0<i>C\u2019est \u00e9galement am\u00e9liorer les conditions de travail des surveillants<\/i><i>\u00a0<\/i>\u00bb, insiste Monika Mahy-Ma-Somga, l\u2019ex-b\u00e2tonni\u00e8re d\u2019Aix-en-Provence qui a visit\u00e9 la maison d\u2019arr\u00eat en\u00a02025.<\/p>\n<p>Les injonctions ont toutes \u00e9t\u00e9 rejet\u00e9es par les repr\u00e9sentants du minist\u00e8re de la Sant\u00e9, des Familles, de l\u2019Autonomie et des Personnes handicap\u00e9es ainsi que le minist\u00e8re de la Justice. Ces derniers ont estim\u00e9, lors de l\u2019audience, que l\u2019urgence n\u2019est pas qualifi\u00e9e, puisque la situation est connue et suivie depuis un certain temps. Ils affirment que la plupart des mesures demand\u00e9es ont \u00e9t\u00e9 pr\u00e9vues et que la surpopulation carc\u00e9rale a \u00e9t\u00e9 r\u00e9duite depuis l\u2019ouverture de Beaumettes\u00a03, bien qu\u2019\u00e0 141%.<\/p>\n<p>Le juge devrait rendre son avis jeudi 3\u00a0septembre. Un autre r\u00e9f\u00e9r\u00e9-libert\u00e9 contre les Baumettes sera entendu le 28\u00a0ao\u00fbt \u00e0 14h au tribunal administratif de Marseille.<\/p>\n<\/p><\/div>\n<div class=\"intext\"> Eva Janus\n              <\/div>\n","protected":false},"excerpt":{"rendered":"Matelas au sol, surpopulation carc&eacute;rale, infestation de cafards et de rats, absence d&rsquo;intimit&eacute; dans les sanitaires&#8230; Ces conditions sont celles des d&eacute;tenus de la maison d&rsquo;arr&ecirc;t d&rsquo;Aix-Luynes &#8230;","protected":false},"author":1,"featured_media":40318,"comment_status":"open","ping_status":"open","sticky":false,"template":"","format":"standard","meta":{"footnotes":""},"categories":[3926,3925,20],"tags":[556,10,2152,1629,200,2579,1031,1981,1542,790],"news-destination":[3944],"news-source":[475],"is_homepage":[],"ta_other":[],"class_list":["post-40317","post","type-post","status-publish","format-standard","has-post-thumbnail","hentry","category-accueil-merge","category-accueil-third","category-societe","tag-aix-en-provence","tag-bouches-du-rhone","tag-detention","tag-digne","tag-justice","tag-matelas","tag-prison","tag-surpopulation-carcerale","tag-syndicat-des-avocats-de-france","tag-tribunal-administratif","news-destination-homepage","news-source-website"],"_links":{"self":[{"href":"https:\/\/euapp01.newsmemory.com\/lamarseillaise\/news\/wp-json\/wp\/v2\/posts\/40317","targetHints":{"allow":["GET"]}}],"collection":[{"href":"https:\/\/euapp01.newsmemory.com\/lamarseillaise\/news\/wp-json\/wp\/v2\/posts"}],"about":[{"href":"https:\/\/euapp01.newsmemory.com\/lamarseillaise\/news\/wp-json\/wp\/v2\/types\/post"}],"author":[{"embeddable":true,"href":"https:\/\/euapp01.newsmemory.com\/lamarseillaise\/news\/wp-json\/wp\/v2\/users\/1"}],"replies":[{"embeddable":true,"href":"https:\/\/euapp01.newsmemory.com\/lamarseillaise\/news\/wp-json\/wp\/v2\/comments?post=40317"}],"version-history":[{"count":1,"href":"https:\/\/euapp01.newsmemory.com\/lamarseillaise\/news\/wp-json\/wp\/v2\/posts\/40317\/revisions"}],"predecessor-version":[{"id":40319,"href":"https:\/\/euapp01.newsmemory.com\/lamarseillaise\/news\/wp-json\/wp\/v2\/posts\/40317\/revisions\/40319"}],"wp:featuredmedia":[{"embeddable":true,"href":"https:\/\/euapp01.newsmemory.com\/lamarseillaise\/news\/wp-json\/wp\/v2\/media\/40318"}],"wp:attachment":[{"href":"https:\/\/euapp01.newsmemory.com\/lamarseillaise\/news\/wp-json\/wp\/v2\/media?parent=40317"}],"wp:term":[{"taxonomy":"category","embeddable":true,"href":"https:\/\/euapp01.newsmemory.com\/lamarseillaise\/news\/wp-json\/wp\/v2\/categories?post=40317"},{"taxonomy":"post_tag","embeddable":true,"href":"https:\/\/euapp01.newsmemory.com\/lamarseillaise\/news\/wp-json\/wp\/v2\/tags?post=40317"},{"taxonomy":"news-destination","embeddable":true,"href":"https:\/\/euapp01.newsmemory.com\/lamarseillaise\/news\/wp-json\/wp\/v2\/news-destination?post=40317"},{"taxonomy":"news-source","embeddable":true,"href":"https:\/\/euapp01.newsmemory.com\/lamarseillaise\/news\/wp-json\/wp\/v2\/news-source?post=40317"},{"taxonomy":"is_homepage","embeddable":true,"href":"https:\/\/euapp01.newsmemory.com\/lamarseillaise\/news\/wp-json\/wp\/v2\/is_homepage?post=40317"},{"taxonomy":"ta_other","embeddable":true,"href":"https:\/\/euapp01.newsmemory.com\/lamarseillaise\/news\/wp-json\/wp\/v2\/ta_other?post=40317"}],"curies":[{"name":"wp","href":"https:\/\/api.w.org\/{rel}","templated":true}]}}