{"id":40314,"date":"2026-08-26T07:30:00","date_gmt":"2026-08-26T05:30:00","guid":{"rendered":"https:\/\/euapp01.newsmemory.com\/lamarseillaise\/news\/?p=40314"},"modified":"2026-08-29T22:24:54","modified_gmt":"2026-08-29T20:24:54","slug":"une-demi-rentree-pour-enzo-autiste-non-verbal","status":"publish","type":"post","link":"https:\/\/euapp01.newsmemory.com\/lamarseillaise\/news\/2026\/08\/26\/une-demi-rentree-pour-enzo-autiste-non-verbal\/","title":{"rendered":"Une demi rentr\u00e9e pour Enzo, autiste non verbal"},"content":{"rendered":"<div class=\"paragraph\">\n<p>\u00ab<i> C<\/i><i>ette ann\u00e9e, Enzo va pouvoir aller \u00e0 l\u2019institut m\u00e9dico-\u00e9ducatif (IME), mais une journ\u00e9e seulement<\/i><i>\u00a0<\/i>\u00bb. C\u2019est la maigre victoire qu\u2019a obtenue Magali Orengo pour son fils de 16\u00a0ans, autiste s\u00e9v\u00e8re et non verbal, apr\u00e8s deux ans d\u2019attente et de bataille administrative.<\/p>\n<p>Enzo \u00e9tait pourtant scolaris\u00e9 dans un IME depuis ses 6\u00a0ans lorsqu\u2019ils habitaient \u00e0 Arles. Mais, en\u00a02023, sa m\u00e8re doit d\u00e9m\u00e9nager, \u00e0 Peyrolles-en-Provence, pour se rapprocher de son p\u00e8re dont la sant\u00e9 se d\u00e9grade. \u00ab \u00c0<i> partir de 2021, j\u2019ai commenc\u00e9 \u00e0 pr\u00e9parer le d\u00e9m\u00e9nagement, \u00e0 contacter des IME pour Enzo<\/i>, explique la m\u00e8re de famille. <i>Il est sur les listes d\u2019attente depuis 2022<\/i> <i>ou 2023 suivant les instituts.<\/i><i>\u00a0<\/i>\u00bb<\/p>\n<p>Ce n\u2019est pourtant que cette ann\u00e9e que son adolescent fera sa rentr\u00e9e dans l\u2019un de ces centres. Mais ce ne sera qu\u2019un jour. \u00ab\u00a0<i>Ils ne pourront pas le prendre plus parce qu\u2019ils n\u2019ont que 10<\/i><i>\u00a0<\/i><i>places pour autistes \u00e0 l\u2019IME, et la liste d\u2019attente sur cette unit\u00e9 est \u00e9norme<\/i>\u00a0\u00bb, se d\u00e9sole la quarantenaire.<\/p>\n<\/p><\/div>\n<div class=\"intext\"> Manque de socialisation\n              <\/div>\n<div class=\"paragraph\">\n<p>Le manque de scolarisation impacte fortement Enzo. \u00ab\u00a0<i>Il a r\u00e9gress\u00e9 au niveau de l\u2019autonomie. Pour l\u2019habillage ou le d\u00e9shabillage par exemple. Avant il pouvait remonter son pantalon et sa protection tout seul, maintenant il ne fait plus rien<\/i>, explique-t-elle. <i>Et il manque de socialisation avec d\u2019autres enfants<\/i>\u00a0\u00bb. Elle regrette \u00e9galement qu\u2019il ne puisse pas \u00eatre mieux accompagn\u00e9 par des professionnels \u00ab<i>\u00a0<\/i><i>parce qu\u2019avec moi, il y a beaucoup d\u2019affects<\/i>\u00a0\u00bb, insiste-t-elle.<\/p>\n<p>Car depuis leur d\u00e9m\u00e9nagement, c\u2019est Magali qui s\u2019occupe presque \u00e0 plein temps d\u2019Enzo. Elle a d\u00fb arr\u00eater son activit\u00e9 d\u2019accompagnante d\u2019\u00e9l\u00e8ve en situation de handicap (AESH) pour rester avec lui. \u00ab<i>\u00a0<\/i><i>Il n\u2019a aucune autonomie<\/i><i>\u00a0<\/i><i>: il n\u2019a aucune conscience des dangers, je dois toujours lui tenir la main quand on sort<\/i>\u00a0\u00bb, raconte sa m\u00e8re qui a donc pris un cong\u00e9 pr\u00e9sence parentale.<\/p>\n<p>Depuis l\u2019ann\u00e9e derni\u00e8re, l\u2019adolescent est pris en charge par des \u00e9ducateurs sp\u00e9cialis\u00e9s deux fois par semaine. Financ\u00e9es par la Maison d\u00e9partementale des personnes handicap\u00e9es (MDPH), ces deux journ\u00e9es par semaine permettent \u00e0 l\u2019adolescent de faire des sorties que sa m\u00e8re n\u2019aurait pu lui offrir. Elles ne permettent cependant pas \u00e0 sa m\u00e8re de reprendre son activit\u00e9 mais lui offrent un peu de r\u00e9pit\u00a0: \u00ab\u00a0<i>parce que quand je suis avec lui je dois \u00eatre en ultravigilance<\/i>\u00a0\u00bb.<\/p>\n<p>Magali esp\u00e8re tout de m\u00eame pouvoir trouver une place pour son fils dans l\u2019unit\u00e9 adulte, quand Enzo sera majeur. \u00ab\u00a0<i>J\u2019ai plus d\u2019espoir pour l\u2019IME. J\u2019ai donc d\u00e9j\u00e0 fait les demandes pour les unit\u00e9s adulte<\/i>, confie-t-elle. <i>Et on m\u2019a dit que j\u2019avais bien fait de le faire aussi t\u00f4t<\/i>\u00a0\u00bb.<\/p>\n<\/p><\/div>\n<div class=\"intext\"> Trois ans d\u2019attente<br \/>\n               <br \/>en moyenne\n              <\/div>\n<div class=\"paragraph\">\n<p>Un parcours du combattant qu\u2019elle n\u2019est pas la seule \u00e0 devoir traverser. Cette ann\u00e9e encore, l\u2019Union nationale des associations de parents, de personnes handicap\u00e9es mentales et de leurs amis (Unapei) a lanc\u00e9 sa campagne <i>#jaipas\u00e9cole mais tout peut changer<\/i>, pour mettre en lumi\u00e8re tous ces enfants laiss\u00e9s sans solution de scolarisation.<\/p>\n<p>Bien que l\u2019association note une am\u00e9lioration, encore des milliers d\u2019enfants se retrouvent sans place adapt\u00e9e \u00e0 leur handicap pour la rentr\u00e9e 2026-2027. Et quand ils le sont, c\u2019est majoritairement moins de douze heures par semaine. La campagne r\u00e9v\u00e8le \u00e9galement que \u00ab\u00a0<i>le d\u00e9lai d\u2019attente pour acc\u00e9der \u00e0 un accompagnement adapt\u00e9, s\u2019\u00e9l\u00e8ve d\u00e9sormais \u00e0 trois ans<\/i>\u00a0\u00bb, laissant ces minots et leurs parents sans solution.<\/p>\n<p>La scolarisation est pourtant garantie par la Convention internationale des droits des enfants, dont l\u2019article\u00a023 stipule le droit des enfants handicap\u00e9s \u00e0 avoir acc\u00e8s \u00e0 une \u00e9ducation qui r\u00e9ponde \u00e0 leurs besoins particuliers. Une convention sign\u00e9e et ratifi\u00e9e en\u00a01990 par l\u2019\u00c9tat fran\u00e7ais.<\/p>\n<\/p><\/div>\n","protected":false},"excerpt":{"rendered":"&laquo; Cette ann&eacute;e, Enzo va pouvoir aller &agrave; l&rsquo;institut m&eacute;dico-&eacute;ducatif (IME), mais une journ&eacute;e seulement&nbsp;&raquo;. C&rsquo;est la maigre victoire qu&rsquo;a obtenue Magali Orengo pour son fils de &#8230;","protected":false},"author":1,"featured_media":40315,"comment_status":"open","ping_status":"open","sticky":false,"template":"","format":"standard","meta":{"footnotes":""},"categories":[3926,3925,20],"tags":[1667,1234,138,422,10,150,3015,803,5669,410,1066,4050],"news-destination":[3944],"news-source":[475],"is_homepage":[],"ta_other":[],"class_list":["post-40314","post","type-post","status-publish","format-standard","has-post-thumbnail","hentry","category-accueil-merge","category-accueil-third","category-societe","tag-aesh","tag-arles","tag-associations","tag-autisme","tag-bouches-du-rhone","tag-demenagement","tag-droits-des-enfants","tag-ecole","tag-educateurs-specialises","tag-education","tag-handicap","tag-peyrolles-en-provence","news-destination-homepage","news-source-website"],"_links":{"self":[{"href":"https:\/\/euapp01.newsmemory.com\/lamarseillaise\/news\/wp-json\/wp\/v2\/posts\/40314","targetHints":{"allow":["GET"]}}],"collection":[{"href":"https:\/\/euapp01.newsmemory.com\/lamarseillaise\/news\/wp-json\/wp\/v2\/posts"}],"about":[{"href":"https:\/\/euapp01.newsmemory.com\/lamarseillaise\/news\/wp-json\/wp\/v2\/types\/post"}],"author":[{"embeddable":true,"href":"https:\/\/euapp01.newsmemory.com\/lamarseillaise\/news\/wp-json\/wp\/v2\/users\/1"}],"replies":[{"embeddable":true,"href":"https:\/\/euapp01.newsmemory.com\/lamarseillaise\/news\/wp-json\/wp\/v2\/comments?post=40314"}],"version-history":[{"count":1,"href":"https:\/\/euapp01.newsmemory.com\/lamarseillaise\/news\/wp-json\/wp\/v2\/posts\/40314\/revisions"}],"predecessor-version":[{"id":40316,"href":"https:\/\/euapp01.newsmemory.com\/lamarseillaise\/news\/wp-json\/wp\/v2\/posts\/40314\/revisions\/40316"}],"wp:featuredmedia":[{"embeddable":true,"href":"https:\/\/euapp01.newsmemory.com\/lamarseillaise\/news\/wp-json\/wp\/v2\/media\/40315"}],"wp:attachment":[{"href":"https:\/\/euapp01.newsmemory.com\/lamarseillaise\/news\/wp-json\/wp\/v2\/media?parent=40314"}],"wp:term":[{"taxonomy":"category","embeddable":true,"href":"https:\/\/euapp01.newsmemory.com\/lamarseillaise\/news\/wp-json\/wp\/v2\/categories?post=40314"},{"taxonomy":"post_tag","embeddable":true,"href":"https:\/\/euapp01.newsmemory.com\/lamarseillaise\/news\/wp-json\/wp\/v2\/tags?post=40314"},{"taxonomy":"news-destination","embeddable":true,"href":"https:\/\/euapp01.newsmemory.com\/lamarseillaise\/news\/wp-json\/wp\/v2\/news-destination?post=40314"},{"taxonomy":"news-source","embeddable":true,"href":"https:\/\/euapp01.newsmemory.com\/lamarseillaise\/news\/wp-json\/wp\/v2\/news-source?post=40314"},{"taxonomy":"is_homepage","embeddable":true,"href":"https:\/\/euapp01.newsmemory.com\/lamarseillaise\/news\/wp-json\/wp\/v2\/is_homepage?post=40314"},{"taxonomy":"ta_other","embeddable":true,"href":"https:\/\/euapp01.newsmemory.com\/lamarseillaise\/news\/wp-json\/wp\/v2\/ta_other?post=40314"}],"curies":[{"name":"wp","href":"https:\/\/api.w.org\/{rel}","templated":true}]}}