{"id":40311,"date":"2026-08-26T07:11:00","date_gmt":"2026-08-26T05:11:00","guid":{"rendered":"https:\/\/euapp01.newsmemory.com\/lamarseillaise\/news\/?p=40311"},"modified":"2026-08-29T16:45:42","modified_gmt":"2026-08-29T14:45:42","slug":"provence-rugby-endosse-le-costume-de-favori","status":"publish","type":"post","link":"https:\/\/euapp01.newsmemory.com\/lamarseillaise\/news\/2026\/08\/26\/provence-rugby-endosse-le-costume-de-favori\/","title":{"rendered":"Provence Rugby endosse le costume de favori"},"content":{"rendered":"<div class=\"paragraph\">\n<p>Un pl\u00e9biscite presque total amenant de nouvelles responsabilit\u00e9s. \u00c0 quelques encablures du d\u00e9but de la saison de Pro\u00a0D2 &#8211; ce sera ce jeudi soir contre Agen, \u00e0 Maurice-David -, nos confr\u00e8res de <i>Midi<\/i><i>\u00a0<\/i><i>Olympique<\/i> ont d\u00e9voil\u00e9 les favoris pour l\u2019exercice \u00e0 venir. Selon un sondage r\u00e9alis\u00e9 aupr\u00e8s des entra\u00eeneurs de la division, 14\u00a0d\u2019entre eux (sur\u00a016) ont fait de Provence Rugby leur champion\u00a02026-2027. Pour traduire, la plupart des managers de l\u2019antichambre du Top\u00a014 voient les Aixois dominer le championnat comme l\u2019avait fait Vannes l\u2019an pass\u00e9.<\/p>\n<p>Ce statut est une premi\u00e8re pour les Noirs, mais le pr\u00e9sident Denis Philippon assume pleinement ce r\u00f4le. \u00ab\u00a0<i>Effectivement, on est en train d\u2019endosser le statut de favori. J\u2019ai envie de dire que c\u2019est une continuit\u00e9 de ce qu\u2019on a b\u00e2ti toutes ces derni\u00e8res ann\u00e9es aussi. Un statut, \u00e7a ne se d\u00e9clare pas, \u00e7a se m\u00e9rite. On le prend avec, non seulement beaucoup de s\u00e9rieux, de modestie, d\u2019humilit\u00e9, mais aussi parce que c\u2019est une de nos valeurs : avec ambition<\/i>.\u00a0\u00bb<i><\/i><\/p>\n<p>Lundi soir, avant de pr\u00e9senter son effectif au public et aux partenaires, le manager Philippe Saint-Andr\u00e9 donnait ses cl\u00e9s pour atteindre l\u2019objectif principal, c\u2019est-\u00e0-dire la mont\u00e9e. \u00ab\u00a0<i>Le rugby, c\u2019est une remise en question et c\u2019est une humilit\u00e9. Il va falloir \u00eatre tr\u00e8s humble parce qu\u2019on sait que ce championnat, il est long, il est \u00e2pre, il est difficile. Il va falloir qu\u2019on ait un \u00e9tat d\u2019esprit incroyable, une solidarit\u00e9 totale et on aura aussi besoin de notre public<\/i>\u00a0\u00bb, d\u00e9crit l\u2019ancien international fran\u00e7ais.<\/p>\n<\/p><\/div>\n<div class=\"intext\"> Un effectif am\u00e9lior\u00e9\n              <\/div>\n<div class=\"paragraph\">\n<p>Deux mois et demi apr\u00e8s avoir \u00e9t\u00e9 si proche de valider son accession dans l\u2019\u00e9lite, Provence Rugby repart de l\u2019avant d\u00e8s cette semaine. Pour remplir l\u2019objectif annuel, les Proven\u00e7aux ont r\u00e9alis\u00e9 quelques modifications \u00e0 leur effectif, staff compris. Une dizaine d\u2019arriv\u00e9es, sur toutes les lignes, dont les exp\u00e9riment\u00e9s grenoblois Thibaut Martel et Romain Trouilloud, deux joueurs de Castres, club de Top\u00a014, ou encore le 3<sup>e<\/sup>\u00a0ligne Etonia Waqa. Arriv\u00e9 des Fijians Drua, le joueur est un monstre physique avec son m\u00e8tre\u00a096 et ses 98\u00a0kilos. Un groupe plus dense, qui doit permettre d\u2019\u00eatre plus r\u00e9gulier au cours de la saison et de pallier les blessures qui arriveront forc\u00e9ment un moment ou un autre.<\/p>\n<p>L\u2019encadrement a donc aussi subi un l\u00e9ger lifting. Entra\u00eeneur des avants, S\u00e9bastien Fouassier garde cette casquette et obtient celle de coach principal. \u00ab\u00a0<i>Certains joueurs ont demand\u00e9 un r\u00e9f\u00e9rent lorsque j\u2019\u00e9tais absent donc c\u2019\u00e9tait naturel que S\u00e9bastien soit l\u2019entra\u00eeneur en chef<\/i>\u00a0\u00bb, rapporte PSA. Jeune retrait\u00e9, Jules Plisson s\u2019occupe d\u00e9sormais de la technique individuelle, du d\u00e9veloppement et du jeu au pied des joueurs. Un kin\u00e9 est pass\u00e9 \u00e0 temps complet, renfor\u00e7ant aussi le secteur m\u00e9dical.<\/p>\n<p>Les Aixois pointent en haut de tableau sur un autre classement sorti en ce d\u00e9but de semaine\u00a0: celui des budgets. Provence Rugby est le num\u00e9ro\u00a01 cette saison avec 20\u00a0millions d\u2019euros pour sa SASP. Brive vient 3\u00a0crans en dessous, puis Grenoble, Biarritz, Nevers, Oyonnax et Montauban naviguent entre 12\u00a0et 13\u00a0millions. Bref, les feux sont au vert \u00e0 tous les niveaux du c\u00f4t\u00e9 du stade Maurice-David.<\/p>\n<\/p><\/div>\n<div class=\"paragraph\">\n<p><b>Modification du r\u00e8glement et challenge pour les staffs<\/b><\/p>\n<p>Comme chaque ann\u00e9e, le rugby modifie l\u00e9g\u00e8rement ses r\u00e8gles. En 2026, la Ligue Nationale de Rugby a abaiss\u00e9 le temps pour botter une p\u00e9nalit\u00e9, passant de 60 \u00e0 45 secondes. Philippe Saint-Andr\u00e9 lui-m\u00eame en est \u00e0 l\u2019origine. Ensuite, l\u2019autre \u00e9volution se situe autour de la r\u00e8gle des changements d\u00e9finitifs. En France, il \u00e9tait possible d\u2019en faire 12 par match. Cette marque a \u00e9t\u00e9 baiss\u00e9e \u00e0 8, pour s\u2019aligner avec le rugby international.<i> <\/i>\u00ab <i>Au niveau du coaching et du management des joueurs, \u00e7a va changer. Le profil des joueurs va changer puisque celui qui n\u2019est pas capable de jouer 80 minutes a peu de chances d\u2019\u00eatre titulaire. Je pense que les 3 ou 4 premiers matches, il y aura beaucoup d\u2019essais dans les 20 derni\u00e8res minutes <\/i>\u00bb, explique Saint-Andr\u00e9.<\/p>\n<\/p><\/div>\n","protected":false},"excerpt":{"rendered":"Un pl&eacute;biscite presque total amenant de nouvelles responsabilit&eacute;s. &Agrave; quelques encablures du d&eacute;but de la saison de Pro&nbsp;D2 &#8211; ce sera ce jeudi soir contre Agen, &agrave; Maurice-David -, nos confr&egrave;res de &#8230;","protected":false},"author":1,"featured_media":40312,"comment_status":"open","ping_status":"open","sticky":false,"template":"","format":"standard","meta":{"footnotes":""},"categories":[3926,3925,7],"tags":[556,10,1021,1020,904],"news-destination":[3944],"news-source":[475],"is_homepage":[],"ta_other":[],"class_list":["post-40311","post","type-post","status-publish","format-standard","has-post-thumbnail","hentry","category-accueil-merge","category-accueil-third","category-sports","tag-aix-en-provence","tag-bouches-du-rhone","tag-pro-d2","tag-provence-rugby","tag-rugby","news-destination-homepage","news-source-website"],"_links":{"self":[{"href":"https:\/\/euapp01.newsmemory.com\/lamarseillaise\/news\/wp-json\/wp\/v2\/posts\/40311","targetHints":{"allow":["GET"]}}],"collection":[{"href":"https:\/\/euapp01.newsmemory.com\/lamarseillaise\/news\/wp-json\/wp\/v2\/posts"}],"about":[{"href":"https:\/\/euapp01.newsmemory.com\/lamarseillaise\/news\/wp-json\/wp\/v2\/types\/post"}],"author":[{"embeddable":true,"href":"https:\/\/euapp01.newsmemory.com\/lamarseillaise\/news\/wp-json\/wp\/v2\/users\/1"}],"replies":[{"embeddable":true,"href":"https:\/\/euapp01.newsmemory.com\/lamarseillaise\/news\/wp-json\/wp\/v2\/comments?post=40311"}],"version-history":[{"count":1,"href":"https:\/\/euapp01.newsmemory.com\/lamarseillaise\/news\/wp-json\/wp\/v2\/posts\/40311\/revisions"}],"predecessor-version":[{"id":40313,"href":"https:\/\/euapp01.newsmemory.com\/lamarseillaise\/news\/wp-json\/wp\/v2\/posts\/40311\/revisions\/40313"}],"wp:featuredmedia":[{"embeddable":true,"href":"https:\/\/euapp01.newsmemory.com\/lamarseillaise\/news\/wp-json\/wp\/v2\/media\/40312"}],"wp:attachment":[{"href":"https:\/\/euapp01.newsmemory.com\/lamarseillaise\/news\/wp-json\/wp\/v2\/media?parent=40311"}],"wp:term":[{"taxonomy":"category","embeddable":true,"href":"https:\/\/euapp01.newsmemory.com\/lamarseillaise\/news\/wp-json\/wp\/v2\/categories?post=40311"},{"taxonomy":"post_tag","embeddable":true,"href":"https:\/\/euapp01.newsmemory.com\/lamarseillaise\/news\/wp-json\/wp\/v2\/tags?post=40311"},{"taxonomy":"news-destination","embeddable":true,"href":"https:\/\/euapp01.newsmemory.com\/lamarseillaise\/news\/wp-json\/wp\/v2\/news-destination?post=40311"},{"taxonomy":"news-source","embeddable":true,"href":"https:\/\/euapp01.newsmemory.com\/lamarseillaise\/news\/wp-json\/wp\/v2\/news-source?post=40311"},{"taxonomy":"is_homepage","embeddable":true,"href":"https:\/\/euapp01.newsmemory.com\/lamarseillaise\/news\/wp-json\/wp\/v2\/is_homepage?post=40311"},{"taxonomy":"ta_other","embeddable":true,"href":"https:\/\/euapp01.newsmemory.com\/lamarseillaise\/news\/wp-json\/wp\/v2\/ta_other?post=40311"}],"curies":[{"name":"wp","href":"https:\/\/api.w.org\/{rel}","templated":true}]}}