{"id":40308,"date":"2026-08-26T07:04:00","date_gmt":"2026-08-26T05:04:00","guid":{"rendered":"https:\/\/euapp01.newsmemory.com\/lamarseillaise\/news\/?p=40308"},"modified":"2026-08-31T08:51:10","modified_gmt":"2026-08-31T06:51:10","slug":"les-eaux-de-letang-de-berre-de-mauvaise-qualite-suite-a-lorage","status":"publish","type":"post","link":"https:\/\/euapp01.newsmemory.com\/lamarseillaise\/news\/2026\/08\/26\/les-eaux-de-letang-de-berre-de-mauvaise-qualite-suite-a-lorage\/","title":{"rendered":"Les eaux de l\u2019\u00e9tang de Berre de mauvaise qualit\u00e9 suite \u00e0 l\u2019orage"},"content":{"rendered":"<div class=\"paragraph\">\n<p>Ce sont \u00ab\u00a0<i>des fermetures <br \/>pr\u00e9ventives<\/i>\u00a0\u00bb, explique Rapha\u00ebl Grisel. Suite \u00e0 l\u2019orage qui a \u00e9clat\u00e9 lundi soir, le Gipreb, le syndicat mixte en charge de la r\u00e9habilitation de l\u2019\u00e9tang de Berre qu\u2019il dirige, a pr\u00e9conis\u00e9 l\u2019interdiction \u00e0 la baignade des plages de la lagune. Les plages d\u2019Istres, de Vitrolles, de Saint-Chamas, de Marignane et de Martigues ont donc \u00e9t\u00e9 ferm\u00e9es jusqu\u2019\u00e0 ce mercredi matin.<\/p>\n<p>Dans les Bouches-du-Rh\u00f4ne, les cumuls indiquent qu\u2019il est tomb\u00e9 entre 15\u00a0et 25\u00a0mm en seulement 10\u00a0minutes lundi 24\u00a0ao\u00fbt au soir. \u00ab\u00a0<i>On sait que la fin de l\u2019\u00e9t\u00e9 fait partie des p\u00e9riodes les plus \u00e0 risque, o\u00f9 il n\u2019a parfois pas plu depuis plusieurs mois et les orages violents produisent un lessivage des sols et du ruissellement des eaux de qualit\u00e9 d\u00e9grad\u00e9es vers l\u2019\u00e9tang, <\/i>d\u00e9taille Rapha\u00ebl Grisel.<i> \u00c7a peut aller du r\u00e9sidu de pneu, qui est plus un probl\u00e8me d\u2019\u00e9cologie, aux excr\u00e9ments des chiens, qui, pour le coup, posent plus probl\u00e8me pour la baignade<\/i>.\u00a0\u00bb Un point positif n\u00e9anmoins\u00a0: les pluies li\u00e9es \u00e0 l\u2019orage de la semaine derni\u00e8re ont d\u00e9j\u00e0 permis un premier lavage des sols, limitant les d\u00e9g\u00e2ts de ce second \u00e9pisode.<\/p>\n<\/p><\/div>\n<div class=\"intext\"> Des coups de vent qui permettent de brasser\n              <\/div>\n<div class=\"paragraph\">\n<p>\u00ab\u00a0<i>On a des situations tr\u00e8s contrast\u00e9es sur l\u2019\u00e9tang de Berre, <\/i>poursuit le directeur du syndicat mixte.<i> On a Vitrolles, Rognac ou Marignane, qui ont des bassins-versants tr\u00e8s urbanis\u00e9s, avec des activit\u00e9s \u00e9conomiques importantes, mais on a aussi Figuerolles \u00e0 Martigues o\u00f9 il n\u2019y a rien, donc les risques de d\u00e9gradation sont tr\u00e8s faibles en p\u00e9riode d\u2019orage.<\/i>\u00a0\u00bb N\u00e9anmoins, pour \u00ab\u00a0<i>plus de lisibilit\u00e9<\/i><i>\u00a0<\/i>\u00bb, le Gipreb pr\u00e9f\u00e8re pr\u00e9coniser l\u2019interdiction de baignade \u00e0 chaque ville avant d\u2019obtenir les r\u00e9sultats des analyses, qui peuvent arriver apr\u00e8s\u00a048h.<\/p>\n<p>\u00ab\u00a0<i>On a une courbe de restauration de qualit\u00e9 de l\u2019eau qui s\u2019est dessin\u00e9e au fil des donn\u00e9es accumul\u00e9es depuis dix ans<\/i>\u00a0\u00bb, pr\u00e9cise le directeur. Dans 95% des cas, le retour \u00e0 la normale s\u2019observe 24\u00a0heures apr\u00e8s l\u2019\u00e9pisode pluvieux.<\/p>\n<p>Si l\u2019orage engendre un risque de contamination bact\u00e9riologique, il est aussi, en certains points, salvateur pour l\u2019\u00e9tang de Berre qui est en mode survie face aux fortes chaleurs de la saison estivale. \u00ab<i>\u00a0<\/i><i>On observe des d\u00e9gradations majeures sur certains sites, avec une mortalit\u00e9 importante de palourdes, <\/i>note Rapha\u00ebl Grisel. <i>Lors de la derni\u00e8re canicule, la temp\u00e9rature de l\u2019eau exc\u00e9dait 32<\/i><i>\u00a0<\/i><i>degr\u00e9s au niveau des plages. Heureusement, depuis quelques jours, les temp\u00e9ratures baissent et on a des coups de vent qui permettent de brasser, donc d\u2019oxyg\u00e9ner. On esp\u00e8re retrouver des taux qui permettent \u00e0 la vie de se maintenir, soit 2\/3<\/i><i>\u00a0<\/i><i>mg par litre. L\u00e0, on y est pas dans les couches profondes.<\/i><i>\u00a0<\/i>\u00bb<\/p>\n<\/p><\/div>\n","protected":false},"excerpt":{"rendered":"Ce sont &laquo;&nbsp;des fermetures pr&eacute;ventives&nbsp;&raquo;, explique Rapha&euml;l Grisel. Suite &agrave; l&rsquo;orage qui a &eacute;clat&eacute; lundi soir, le Gipreb, le syndicat mixte en charge de la r&eacute;habilitation de &#8230;","protected":false},"author":1,"featured_media":40309,"comment_status":"open","ping_status":"open","sticky":false,"template":"","format":"standard","meta":{"footnotes":""},"categories":[918,3926,3924,333],"tags":[66,67,10,2715,2612,309,1456,533,1349,63,2085,2207,888,116,431,157,588,1453,1698,538,1395,1363],"news-destination":[3944],"news-source":[475],"is_homepage":[],"ta_other":[],"class_list":["post-40308","post","type-post","status-publish","format-standard","has-post-thumbnail","hentry","category-accueil","category-accueil-merge","category-accueil-second","category-environnement","tag-analyses","tag-baignade","tag-bouches-du-rhone","tag-contamination","tag-degradations","tag-eau","tag-etang-de-berre","tag-gipreb","tag-marignane","tag-martigues","tag-orages","tag-palourdes","tag-plages","tag-pollution","tag-prevention","tag-rehabilitation","tag-rognac","tag-saint-chamas","tag-saison-estivale","tag-syndicat-mixte","tag-temperatures","tag-vitrolles","news-destination-homepage","news-source-website"],"_links":{"self":[{"href":"https:\/\/euapp01.newsmemory.com\/lamarseillaise\/news\/wp-json\/wp\/v2\/posts\/40308","targetHints":{"allow":["GET"]}}],"collection":[{"href":"https:\/\/euapp01.newsmemory.com\/lamarseillaise\/news\/wp-json\/wp\/v2\/posts"}],"about":[{"href":"https:\/\/euapp01.newsmemory.com\/lamarseillaise\/news\/wp-json\/wp\/v2\/types\/post"}],"author":[{"embeddable":true,"href":"https:\/\/euapp01.newsmemory.com\/lamarseillaise\/news\/wp-json\/wp\/v2\/users\/1"}],"replies":[{"embeddable":true,"href":"https:\/\/euapp01.newsmemory.com\/lamarseillaise\/news\/wp-json\/wp\/v2\/comments?post=40308"}],"version-history":[{"count":1,"href":"https:\/\/euapp01.newsmemory.com\/lamarseillaise\/news\/wp-json\/wp\/v2\/posts\/40308\/revisions"}],"predecessor-version":[{"id":40310,"href":"https:\/\/euapp01.newsmemory.com\/lamarseillaise\/news\/wp-json\/wp\/v2\/posts\/40308\/revisions\/40310"}],"wp:featuredmedia":[{"embeddable":true,"href":"https:\/\/euapp01.newsmemory.com\/lamarseillaise\/news\/wp-json\/wp\/v2\/media\/40309"}],"wp:attachment":[{"href":"https:\/\/euapp01.newsmemory.com\/lamarseillaise\/news\/wp-json\/wp\/v2\/media?parent=40308"}],"wp:term":[{"taxonomy":"category","embeddable":true,"href":"https:\/\/euapp01.newsmemory.com\/lamarseillaise\/news\/wp-json\/wp\/v2\/categories?post=40308"},{"taxonomy":"post_tag","embeddable":true,"href":"https:\/\/euapp01.newsmemory.com\/lamarseillaise\/news\/wp-json\/wp\/v2\/tags?post=40308"},{"taxonomy":"news-destination","embeddable":true,"href":"https:\/\/euapp01.newsmemory.com\/lamarseillaise\/news\/wp-json\/wp\/v2\/news-destination?post=40308"},{"taxonomy":"news-source","embeddable":true,"href":"https:\/\/euapp01.newsmemory.com\/lamarseillaise\/news\/wp-json\/wp\/v2\/news-source?post=40308"},{"taxonomy":"is_homepage","embeddable":true,"href":"https:\/\/euapp01.newsmemory.com\/lamarseillaise\/news\/wp-json\/wp\/v2\/is_homepage?post=40308"},{"taxonomy":"ta_other","embeddable":true,"href":"https:\/\/euapp01.newsmemory.com\/lamarseillaise\/news\/wp-json\/wp\/v2\/ta_other?post=40308"}],"curies":[{"name":"wp","href":"https:\/\/api.w.org\/{rel}","templated":true}]}}