{"id":40305,"date":"2026-08-26T06:57:00","date_gmt":"2026-08-26T04:57:00","guid":{"rendered":"https:\/\/euapp01.newsmemory.com\/lamarseillaise\/news\/?p=40305"},"modified":"2026-08-29T12:51:43","modified_gmt":"2026-08-29T10:51:43","slug":"le-ministre-du-logement-promet-lartillerie-lourde","status":"publish","type":"post","link":"https:\/\/euapp01.newsmemory.com\/lamarseillaise\/news\/2026\/08\/26\/le-ministre-du-logement-promet-lartillerie-lourde\/","title":{"rendered":"\u00c0 Apt, le ministre du Logement promet \u00ab&nbsp;l\u2019artillerie lourde&nbsp;\u00bb"},"content":{"rendered":"<div class=\"paragraph\">\n<p>\u00ab <i>T<\/i><i>outes les \u00e9conomies que j\u2019avais faites en 43<\/i><i>\u00a0<\/i><i>ans de travail fondent \u00e0 vitesse grand<\/i><i>\u00a0<\/i><i>V, si je ne veux pas finir \u00e0 la rue, je prendrai la d\u00e9cision qui s\u2019impose<\/i><i>\u00a0<\/i>\u00bb. Ces mots proviennent d\u2019Arlette, retrait\u00e9e de la fonction publique. Par d\u00e9cision qui s\u2019impose, il faut comprendre suicide. Ce t\u00e9moignage jette un froid, ce mardi midi, dans le r\u00e9fectoire de l\u2019\u00e9cole Saint-Michel d\u2019Apt. Il est relat\u00e9 par<a href=\"https:\/\/www.lamarseillaise.fr\/societe\/une-petite-lueur-d-espoir-pour-les-habitants-du-quartier-saint-michel-a-apt-JF20614872\"> Ouarda Bela\u00efd, secr\u00e9taire g\u00e9n\u00e9rale d\u2019une association de d\u00e9fense de ce quartier<\/a> de la capitale de Luberon, <a rel=\"noopener noreferrer\" href=\"https:\/\/www.lamarseillaise.fr\/societe\/apres-l-evacuation-la-residence-saint-michel-dans-le-flou-HB19185299\" target=\"_blank\">tristement mis en lumi\u00e8re depuis 4\u00a0<\/a><a rel=\"noopener noreferrer\" href=\"https:\/\/www.lamarseillaise.fr\/societe\/apres-l-evacuation-la-residence-saint-michel-dans-le-flou-HB19185299\" target=\"_blank\">ans au gr\u00e9 des vagues de gros d\u00e9sordres structurels relev\u00e9s dans de nombreux b\u00e2timents<\/a>. Un autre propri\u00e9taire, Paul, est lui hospitalis\u00e9 face \u00e0 cette situation, \u00ab\u00a0<i>j\u2019ai 1<\/i><i>\u00a0<\/i><i>800<\/i><i>\u00a0<\/i><i>euros de d\u00e9couvert, je vais dans le mur \u00e0 200<\/i><i>\u00a0<\/i><i>km\/h sans airbag<\/i><i>\u00a0<\/i>\u00bb.<\/p>\n<p>Des \u00ab\u00a0<i>t\u00e9moignages poignants<\/i><i>\u00a0<\/i>\u00bb, ne peut qu\u2019attester Vincent Jeanbrun. Apr\u00e8s avoir visit\u00e9 le quartier, constatant notamment des fissures o\u00f9 il pouvait passer sa main, le ministre du Logement promet \u00ab<i>\u00a0<\/i><i>de sortir l\u2019artillerie lourde<\/i>\u00a0\u00bb. \u00ab\u00a0<i>Tout ce qu\u2019on a vu montre qu\u2019on a ici l\u2019exemple type qu\u2019on a envie d\u2019accompagner avec le projet Anru<\/i><i>\u00a0<\/i><i>3 <\/i>[r\u00e9novation urbaine]<i> davantage tourn\u00e9 vers les<\/i> <i>sous-pr\u00e9fectures<\/i> [Apt en est une]\u00a0\u00bb, annonce le ministre, convi\u00e9 par le s\u00e9nateur LR Jean-Baptiste Blanc. B\u00e2tie \u00e0 la fin des ann\u00e9es\u00a060 sur les hauteurs d\u2019Apt pour loger les militaires du plateau d\u2019Albion, la r\u00e9sidence Saint-Michel abritait alors 874\u00a0logements, tous r\u00e9alis\u00e9s \u00e0 la h\u00e2te sur un sol argileux. Des logements vendus ensuite en partie \u00e0 des propri\u00e9taires priv\u00e9s, dont beaucoup se retrouvent aujourd\u2019hui pris au pi\u00e8ge, avec un cr\u00e9dit \u00e0 assumer tout en ne pouvant plus y vivre.<\/p>\n<\/p><\/div>\n<div class=\"intext\"> Une crise immobili\u00e8re pour 15% d\u2019Apt\u00e9siens\n              <\/div>\n<div class=\"paragraph\">\n<p>De logements de fonction pour militaires, Saint-Michel vire ainsi \u00e0 la copropri\u00e9t\u00e9 d\u00e9grad\u00e9e. Vincent Jeanbrun, sans annonce pr\u00e9cise, confie \u00ab\u00a0<i>regarder collectivement comment on accompagne ceux qui ne peuvent plus habiter sur place<\/i>\u00a0\u00bb, sugg\u00e9rant des d\u00e9rogations pour qu\u2019un \u00ab\u00a0<i>propri\u00e9taire puisse candidater \u00e0 un logement social<\/i>\u00a0\u00bb et \u00eatre accompagn\u00e9 pour suspendre au-del\u00e0 de six mois son cr\u00e9dit immobilier et les taxes fonci\u00e8res. C\u00f4t\u00e9 mairie, \u00ab\u00a0<i>la Ville a d\u00e9j\u00e0 engag\u00e9 1,8<\/i><i>\u00a0<\/i><i>million d\u2019euros, elle ne peut plus supporter seule cette crise immobili\u00e8re qui touche 15% de sa population<\/i><i>\u00a0<\/i>\u00bb, implore le maire Jean Aillaud (DVD). L\u2019\u00e9dile sort rassur\u00e9 de cette visite, souhaitant \u00e9galement que l\u2019Anru englobe le centre ancien d\u2019Apt.<\/p>\n<\/p><\/div>\n","protected":false},"excerpt":{"rendered":"&laquo; Toutes les &eacute;conomies que j&rsquo;avais faites en 43&nbsp;ans de travail fondent &agrave; vitesse grand&nbsp;V, si je ne veux pas finir &agrave; la rue, je prendrai la d&eacute;cision qui s&rsquo;impose&nbsp;&raquo;. Ces mots &#8230;","protected":false},"author":1,"featured_media":40306,"comment_status":"open","ping_status":"open","sticky":false,"template":"","format":"standard","meta":{"footnotes":""},"categories":[3926,3925,330,20],"tags":[495,803,106,596,489,3183,6286,497,700,1121,171,720],"news-destination":[3944],"news-source":[475],"is_homepage":[],"ta_other":[],"class_list":["post-40305","post","type-post","status-publish","format-standard","has-post-thumbnail","hentry","category-accueil-merge","category-accueil-third","category-politique","category-societe","tag-495","tag-ecole","tag-habitants","tag-logement","tag-logements","tag-mal-logement","tag-militaire","tag-ministre","tag-quartier","tag-renovation-urbaine","tag-vaucluse","tag-ville","news-destination-homepage","news-source-website"],"_links":{"self":[{"href":"https:\/\/euapp01.newsmemory.com\/lamarseillaise\/news\/wp-json\/wp\/v2\/posts\/40305","targetHints":{"allow":["GET"]}}],"collection":[{"href":"https:\/\/euapp01.newsmemory.com\/lamarseillaise\/news\/wp-json\/wp\/v2\/posts"}],"about":[{"href":"https:\/\/euapp01.newsmemory.com\/lamarseillaise\/news\/wp-json\/wp\/v2\/types\/post"}],"author":[{"embeddable":true,"href":"https:\/\/euapp01.newsmemory.com\/lamarseillaise\/news\/wp-json\/wp\/v2\/users\/1"}],"replies":[{"embeddable":true,"href":"https:\/\/euapp01.newsmemory.com\/lamarseillaise\/news\/wp-json\/wp\/v2\/comments?post=40305"}],"version-history":[{"count":2,"href":"https:\/\/euapp01.newsmemory.com\/lamarseillaise\/news\/wp-json\/wp\/v2\/posts\/40305\/revisions"}],"predecessor-version":[{"id":40347,"href":"https:\/\/euapp01.newsmemory.com\/lamarseillaise\/news\/wp-json\/wp\/v2\/posts\/40305\/revisions\/40347"}],"wp:featuredmedia":[{"embeddable":true,"href":"https:\/\/euapp01.newsmemory.com\/lamarseillaise\/news\/wp-json\/wp\/v2\/media\/40306"}],"wp:attachment":[{"href":"https:\/\/euapp01.newsmemory.com\/lamarseillaise\/news\/wp-json\/wp\/v2\/media?parent=40305"}],"wp:term":[{"taxonomy":"category","embeddable":true,"href":"https:\/\/euapp01.newsmemory.com\/lamarseillaise\/news\/wp-json\/wp\/v2\/categories?post=40305"},{"taxonomy":"post_tag","embeddable":true,"href":"https:\/\/euapp01.newsmemory.com\/lamarseillaise\/news\/wp-json\/wp\/v2\/tags?post=40305"},{"taxonomy":"news-destination","embeddable":true,"href":"https:\/\/euapp01.newsmemory.com\/lamarseillaise\/news\/wp-json\/wp\/v2\/news-destination?post=40305"},{"taxonomy":"news-source","embeddable":true,"href":"https:\/\/euapp01.newsmemory.com\/lamarseillaise\/news\/wp-json\/wp\/v2\/news-source?post=40305"},{"taxonomy":"is_homepage","embeddable":true,"href":"https:\/\/euapp01.newsmemory.com\/lamarseillaise\/news\/wp-json\/wp\/v2\/is_homepage?post=40305"},{"taxonomy":"ta_other","embeddable":true,"href":"https:\/\/euapp01.newsmemory.com\/lamarseillaise\/news\/wp-json\/wp\/v2\/ta_other?post=40305"}],"curies":[{"name":"wp","href":"https:\/\/api.w.org\/{rel}","templated":true}]}}