{"id":40302,"date":"2026-08-26T07:01:00","date_gmt":"2026-08-26T05:01:00","guid":{"rendered":"https:\/\/euapp01.newsmemory.com\/lamarseillaise\/news\/?p=40302"},"modified":"2026-08-29T15:02:12","modified_gmt":"2026-08-29T13:02:12","slug":"entretien-lionel-mathieu-au-bataillon-nous-avons-une-vie-partagee-avec-les-marseillais","status":"publish","type":"post","link":"https:\/\/euapp01.newsmemory.com\/lamarseillaise\/news\/2026\/08\/26\/entretien-lionel-mathieu-au-bataillon-nous-avons-une-vie-partagee-avec-les-marseillais\/","title":{"rendered":"[Entretien] Lionel Mathieu : \u00ab&nbsp;Au bataillon, nous avons une vie partag\u00e9e avec les Marseillais&nbsp;\u00bb"},"content":{"rendered":"<div class=\"paragraph\">\n<p>Visc\u00e9ralement attach\u00e9 aux hommes et femmes du bataillon, mais aussi \u00e0 une ville, Marseille, avec laquelle il a appris \u00e0 composer au quotidien, le vice-amiral nous livre, avant son d\u00e9part, les grands axes de son action mais aussi son analyse sur l\u2019\u00e9volution du m\u00e9tier et des risques auxquels les marins-pompiers sont confront\u00e9s.<\/p>\n<p><b>La Marseillaise :<\/b> <b>Lorsque vous avez \u00e9t\u00e9 d\u00e9sign\u00e9 commandant du bataillon de marins-pompiers de Marseille, <\/b><b>quels \u00e9taient vos objectifs<\/b><b>\u00a0<\/b><b>?<\/b><\/p>\n<p>Lionel Mathieu : Le premier objectif, c\u2019\u00e9tait de faire un peu le point sur ce qu\u2019\u00e9tait le bataillon contemporain de mon arriv\u00e9e. Il venait de traverser la p\u00e9riode de la crise sanitaire, riche mais difficile. Dans les mois qui ont suivi ma prise de fonction, j\u2019ai d\u00e9gag\u00e9 trois grandes orientations. La premi\u00e8re c\u2019est ce que j\u2019appelle conserver notre excellence op\u00e9rationnelle. C\u2019est-\u00e0-dire remplir la mission vis-\u00e0-vis des Marseillaises et des Marseillais de la mani\u00e8re la plus optimale possible. Et pour ce faire, il faut d\u2019abord continuer \u00e0 s\u2019entra\u00eener, c\u2019est un \u00e9l\u00e9ment extr\u00eamement important. Un entra\u00eenement cons\u00e9quent et diversifi\u00e9 pour justement \u00eatre polyvalent. Il faut aussi que le marin-pompier en op\u00e9ration soit soutenu par des m\u00e9decins, par de la logistique, que son mat\u00e9riel soit toujours en bon \u00e9tat. \u00catre bon en op\u00e9ration, c\u2019est aussi conserver notre expertise maritime et portuaire. Le deuxi\u00e8me grand axe, c\u2019\u00e9tait ancrer l\u2019humain au c\u0153ur du bataillon car sa richesse, ce sont bien ses marins-pompiers et ses personnels. On a travaill\u00e9 sur une modernisation de ce qu\u2019on appelle la gestion de carri\u00e8re, sur le maintien de conditions de travail acceptables avec des \u00e9quipements de pointe, de la s\u00e9curit\u00e9 en intervention et des casernes am\u00e9nag\u00e9es. Il y a aussi les conditions de vie \u00e0 l\u2019ext\u00e9rieur du bataillon, le socle sur lequel se b\u00e2tit l\u00e0 aussi leur efficacit\u00e9 op\u00e9rationnelle. Principalement une vie d\u00e9cente pour eux-m\u00eames et pour leur famille, c\u2019est-\u00e0-dire trouver des logements, les aider \u00e0 garder leurs enfants, trouver des emplois aux conjoints, s\u2019occuper des bless\u00e9s quand nous en avons, des d\u00e9c\u00e8s aussi malheureusement. Le troisi\u00e8me axe, c\u2019est de regarder demain&#8230;<\/p>\n<p><b>Justement, le m\u00e9tier a-t-il \u00e9volu\u00e9 ? <\/b><\/p>\n<p>L.M. : Oui parce qu\u2019on a une \u00e9volution des risques de plusieurs natures. La premi\u00e8re, le changement climatique avec des feux plus forts, des ph\u00e9nom\u00e8nes m\u00e9t\u00e9orologiques intenses o\u00f9 on recommence \u00e0 parler en M\u00e9diterran\u00e9e du risque de tsunami. De l\u00e0 d\u00e9coule l\u2019\u00e9volution des \u00e9nergies. On voit une ville qui s\u2019\u00e9lectrifie de plus en plus. La propulsion des navires est diff\u00e9rente, on a la pr\u00e9sence de batteries dans les v\u00e9hicules&#8230; Et enfin le troisi\u00e8me \u00e9l\u00e9ment, ce sont les tensions, la mont\u00e9e de la violence. Elle n\u2019est pas dirig\u00e9e contre les marins-pompiers mais on est confront\u00e9 \u00e0 l\u2019exacerbation de la violence des rapports humains. Derri\u00e8re l\u2019\u00e9volution de ces risques, il y a donc l\u2019\u00e9volution de nos techniques, de nos strat\u00e9gies, de nos mat\u00e9riels avec notamment la num\u00e9risation, l\u2019apport de l\u2019intelligence artificielle, il y a aussi un besoin et une volont\u00e9 d\u2019aller vers plus de partenariats, d\u2019\u00eatre plus ouverts sur notre environnement, \u00e0 la fois dans les autres services au public, les universit\u00e9s. Mais aussi d\u2019aller vers la population parce qu\u2019il faut absolument qu\u2019elle soit avertie de ces risques, pr\u00e9par\u00e9e \u00e0 avoir des bons comportements. Aujourd\u2019hui, on peut dire que nous ne sommes plus des soldats ou des marins du feu mais des soldats ou marins de la crise. On attend de nous d\u2019\u00eatre un peu la bo\u00eete \u00e0 outils de tout ce qui est un peu d\u00e9r\u00e9gl\u00e9. Notre intervention \u00e0 Mayotte par exemple, n\u2019\u00e9tait pas du secours d\u2019urgence mais de la reconstruction. Cela demande une \u00e9volution de l\u2019\u00e9tat d\u2019esprit, l\u2019emploi de plus en plus important de nos sp\u00e9cialit\u00e9s, qu\u2019elles soient aquatiques, de secours en milieu p\u00e9rilleux, de risques technologiques, sur l\u2019usage des drones ou des robots, mais aussi de les combiner entre elles. Ce qui requiert une certaine dext\u00e9rit\u00e9.<\/p>\n<p><b>Vous dirigez aussi l\u2019\u00e9cole des marins-pompiers. Pour vous, la rel\u00e8ve est-elle assur\u00e9e<\/b><b>\u00a0<\/b><b>?<\/b><\/p>\n<p>L.M. : Cette \u00e9cole c\u2019est le projet d\u2019avenir par excellence. C\u2019est l\u00e0 que tout commence, o\u00f9 le jeune a sa premi\u00e8re image du bataillon, o\u00f9 on lui donne les bases les plus importantes, celles qu\u2019il va garder tout au long de sa carri\u00e8re, m\u00eame si apr\u00e8s il repassera dans le cycle de connaissances. C\u2019est un projet sur lequel il faut encore convaincre, parce que ce sont des investissements humains et financiers importants. \u00c0 terme, on souhaite regrouper les 3\u00a0sites sur lesquels elle est r\u00e9partie en un. On recrute 180\u00a0jeunes par an, c\u2019est un peu moins de 10% de l\u2019unit\u00e9, nous n\u2019avons pas de crise de vocation.<\/p>\n<p><b>Quand on est marins pompiers on est militaire mais aussi pompier de Marseille, comment se traduit cette double appartenance<\/b><b>\u00a0<\/b><b>?<\/b><\/p>\n<p>L.M. : Nous sommes une unit\u00e9 militaire qui vit dans la cit\u00e9. J\u2019ai 350\u00a0marins pompiers tous les jours, l\u2019hiver, un peu plus l\u2019\u00e9t\u00e9, qui sont en action dans la ville. \u00c7a cr\u00e9e une proximit\u00e9 avec la population qui est extr\u00eamement importante. Nous consacrons 37\u00a0minutes \u00e0 chaque Marseillais par an. C\u2019est ce que j\u2019appelle la vie partag\u00e9e. Apr\u00e8s, il y a l\u2019histoire commune, celle des grands \u00e9v\u00e9nements heureux, malheureux, ou douloureux qui font cette vie. Parmi les premiers, on a eu les dispositifs de protection qu\u2019on a mis en place pour la coupe du monde de rugby, pour les Jeux Olympiques, la venue du Pape. Encore ce 15\u00a0ao\u00fbt, les marins-pompiers faisaient partie du paysage lors du spectacle de drones. Pour les \u00e9v\u00e9nements malheureux, les drames humains, la mort, nous les c\u00f4toyons r\u00e9guli\u00e8rement. Massages cardiaques, d\u00e9c\u00e8s de personnes \u00e2g\u00e9es, d\u2019enfants, on est dans les familles. Et puis il y a les \u00e9v\u00e9nements douloureux comme la rue d\u2019Aubagne ou la rue Tivoli. Il ne faut pas s\u2019imaginer que le marin-pompier, m\u00eame si de par son m\u00e9tier c\u00f4toie des choses difficiles, est insensible.<\/p>\n<p><b>Quelles sont selon vous les interventions les plus marquantes de votre temps de commandement<\/b><b>\u00a0<\/b><b>? Que retenez-vous de cette p\u00e9riode<\/b><b>\u00a0<\/b><b>?<\/b><\/p>\n<p>L.M. : Au-del\u00e0 des \u00e9v\u00e9nements douloureux que nous venons juste d\u2019\u00e9voquer, je retiendrai surtout le contact humain avec les marins-pompiers, avec les m\u00e9decins, tous ceux qui optent pour le bataillon. J\u2019ai trouv\u00e9 ici une densit\u00e9 humaine que je n\u2019avais pas beaucoup rencontr\u00e9e, peut-\u00eatre un peu sur le porte-avions <i>Charles de<\/i><i>\u00a0<\/i><i>Gaulle<\/i> quand j\u2019y ai servi. Je pense que ce qui va rester ce sont ces visages o\u00f9 on voit sourire, fatigue, engagement&#8230; Tout ce qui marque. Ces gueules saisies sur l\u2019instant, dans la charge \u00e9motionnelle ou la satisfaction du contact avec son chef. C\u2019est une esp\u00e8ce de complicit\u00e9 tout en retenue.<\/p>\n<p><b>Quels conseils donneriez-vous \u00e0 votre successeur<\/b><b>\u00a0<\/b><b>?<\/b><\/p>\n<p>L.M. : En substance, je vais lui dire trois choses\u00a0: \u00ab\u00a0aime Marseille, aime les marins-pompiers et sois toi-m\u00eame\u00a0\u00bb.<\/p>\n<\/p><\/div>\n<div class=\"paragraph\">\n<p><b>Le bataillon en bref<\/b><\/p>\n<p>Plus de 2 500 militaires et civils constituent le BMPM<\/p>\n<p>17 centres d\u2019incendie et de secours du BMPM sont r\u00e9partis dans Marseille<\/p>\n<p>L\u2019unit\u00e9 intervient aussi sur 4 sites \u00e0 l\u2019ext\u00e9rieur de la ville, l\u2019a\u00e9roport Marseille-Provence, Airbus h\u00e9licopters, le port de Fos-sur-Mer et celui de Port-de-Bouc.<\/p>\n<p>Plus de 126 000 interventions en moyenne, soit plus de 340 op\u00e9rations par jour, sont r\u00e9alis\u00e9es chaque ann\u00e9e, 81% des missions relevant du secours \u00e0 personnes<\/p>\n<\/p><\/div>\n","protected":false},"excerpt":{"rendered":"Visc&eacute;ralement attach&eacute; aux hommes et femmes du bataillon, mais aussi &agrave; une ville, Marseille, avec laquelle il a appris &agrave; composer au quotidien, le vice-amiral nous livre, avant son d&eacute;part, les grands axes de son &#8230;","protected":false},"author":1,"featured_media":40303,"comment_status":"open","ping_status":"open","sticky":false,"template":"","format":"standard","meta":{"footnotes":""},"categories":[3926,3925,20],"tags":[4014,723,10,207,195,2604,4034,2474,343,1673,2256,4013,1586,2799,4011,16,6313,128,178,537,3516,6314,1183],"news-destination":[3944],"news-source":[475],"is_homepage":[],"ta_other":[],"class_list":["post-40302","post","type-post","status-publish","format-standard","has-post-thumbnail","hentry","category-accueil-merge","category-accueil-third","category-societe","tag-bataillon-des-marins-pompiers","tag-bilan","tag-bouches-du-rhone","tag-changement-climatique","tag-conditions-de-travail","tag-connaissances","tag-coupe-du-monde-de-rugby","tag-crise-sanitaire","tag-entretien","tag-feux","tag-jeux-olympiques","tag-lionel-mathieu","tag-logistique","tag-marins-pompiers","tag-marins-pompiers-de-marseille","tag-marseille","tag-mayotte","tag-mediterranee","tag-population","tag-protection","tag-reconstruction","tag-tsunami","tag-vehicules","news-destination-homepage","news-source-website"],"_links":{"self":[{"href":"https:\/\/euapp01.newsmemory.com\/lamarseillaise\/news\/wp-json\/wp\/v2\/posts\/40302","targetHints":{"allow":["GET"]}}],"collection":[{"href":"https:\/\/euapp01.newsmemory.com\/lamarseillaise\/news\/wp-json\/wp\/v2\/posts"}],"about":[{"href":"https:\/\/euapp01.newsmemory.com\/lamarseillaise\/news\/wp-json\/wp\/v2\/types\/post"}],"author":[{"embeddable":true,"href":"https:\/\/euapp01.newsmemory.com\/lamarseillaise\/news\/wp-json\/wp\/v2\/users\/1"}],"replies":[{"embeddable":true,"href":"https:\/\/euapp01.newsmemory.com\/lamarseillaise\/news\/wp-json\/wp\/v2\/comments?post=40302"}],"version-history":[{"count":1,"href":"https:\/\/euapp01.newsmemory.com\/lamarseillaise\/news\/wp-json\/wp\/v2\/posts\/40302\/revisions"}],"predecessor-version":[{"id":40304,"href":"https:\/\/euapp01.newsmemory.com\/lamarseillaise\/news\/wp-json\/wp\/v2\/posts\/40302\/revisions\/40304"}],"wp:featuredmedia":[{"embeddable":true,"href":"https:\/\/euapp01.newsmemory.com\/lamarseillaise\/news\/wp-json\/wp\/v2\/media\/40303"}],"wp:attachment":[{"href":"https:\/\/euapp01.newsmemory.com\/lamarseillaise\/news\/wp-json\/wp\/v2\/media?parent=40302"}],"wp:term":[{"taxonomy":"category","embeddable":true,"href":"https:\/\/euapp01.newsmemory.com\/lamarseillaise\/news\/wp-json\/wp\/v2\/categories?post=40302"},{"taxonomy":"post_tag","embeddable":true,"href":"https:\/\/euapp01.newsmemory.com\/lamarseillaise\/news\/wp-json\/wp\/v2\/tags?post=40302"},{"taxonomy":"news-destination","embeddable":true,"href":"https:\/\/euapp01.newsmemory.com\/lamarseillaise\/news\/wp-json\/wp\/v2\/news-destination?post=40302"},{"taxonomy":"news-source","embeddable":true,"href":"https:\/\/euapp01.newsmemory.com\/lamarseillaise\/news\/wp-json\/wp\/v2\/news-source?post=40302"},{"taxonomy":"is_homepage","embeddable":true,"href":"https:\/\/euapp01.newsmemory.com\/lamarseillaise\/news\/wp-json\/wp\/v2\/is_homepage?post=40302"},{"taxonomy":"ta_other","embeddable":true,"href":"https:\/\/euapp01.newsmemory.com\/lamarseillaise\/news\/wp-json\/wp\/v2\/ta_other?post=40302"}],"curies":[{"name":"wp","href":"https:\/\/api.w.org\/{rel}","templated":true}]}}