{"id":40299,"date":"2026-08-26T06:55:00","date_gmt":"2026-08-26T04:55:00","guid":{"rendered":"https:\/\/euapp01.newsmemory.com\/lamarseillaise\/news\/?p=40299"},"modified":"2026-08-26T10:10:56","modified_gmt":"2026-08-26T08:10:56","slug":"une-petite-lueur-despoir-pour-les-habitants-du-quartier-saint-michel-a-apt","status":"publish","type":"post","link":"https:\/\/euapp01.newsmemory.com\/lamarseillaise\/news\/2026\/08\/26\/une-petite-lueur-despoir-pour-les-habitants-du-quartier-saint-michel-a-apt\/","title":{"rendered":"Une petite lueur d\u2019espoir pour les habitants du quartier Saint-Michel \u00e0 Apt"},"content":{"rendered":"<div class=\"paragraph\">\n<p>\u00ab <i>J<\/i><i>amais un ministre ne s\u2019\u00e9tait d\u00e9plac\u00e9 \u00e0 Saint-Michel depuis sa construction. 60<\/i><i>\u00a0<\/i><i>ans plus tard, un autre revient, cela veut dire beaucoup. S\u2019il y a eu un ministre pour construire, il y en aura un pour r\u00e9parer<\/i>\u00a0\u00bb. Apr\u00e8s avoir pu \u00e9changer avec Vincent Jeanbrun, ministre du Logement, Ourada Bela\u00efd voit un signal positif. Secr\u00e9taire g\u00e9n\u00e9rale de l\u2019association de d\u00e9fense des habitants de Saint-Michel (Adhasami), elle-m\u00eame \u00e9vacu\u00e9e en octobre dernier, elle esp\u00e8re que cette visite soit le d\u00e9clencheur d\u2019un plan de r\u00e9novation indispensable pour reconstruire ce quartier.<\/p>\n<p>\u00ab<i>\u00a0<\/i><i>Il nous a donn\u00e9 de l\u2019espoir pour obtenir les fonds n\u00e9cessaires<\/i>\u00a0\u00bb, embraye Viviane McCreery, la pr\u00e9sidente de l\u2019Addhasmi. Car si une grande partie de Saint-Michel est une copropri\u00e9t\u00e9 priv\u00e9e, c\u2019est parce que l\u2019\u00c9tat a progressivement vendu ces logements construits \u00e0 la h\u00e2te sur un terrain argileux et destin\u00e9s aux militaires. \u00ab\u00a0<i>Les propri\u00e9taires ont \u00e9t\u00e9 victimes d\u2019un syst\u00e8me d\u00e9vastateur et injuste<\/i>\u00a0\u00bb, estime-t-elle. Mais avant une r\u00e9novation, de tr\u00e8s longues ann\u00e9es s\u2019annoncent. Et face \u00e0 l\u2019urgence (cr\u00e9dits et charges en cours, chauffage cet hiver, possibles nouvelles \u00e9vacuations), \u00ab<i>\u00a0<\/i><i>nous avons rarement quelque chose de concret \u00e0 annoncer aux habitants<\/i>\u00a0\u00bb, d\u00e9plore Viviane McCreery, pas vraiment rassur\u00e9e sur ces points par la visite. \u00ab\u00a0<i>Il faut d\u00e9signer une seule personne responsable qui g\u00e8re tous les aspects car l\u2019administration est trop d\u00e9coup\u00e9e<\/i><i>\u00a0<\/i>\u00bb, revendique la pr\u00e9sidente.<\/p>\n<\/p><\/div>\n","protected":false},"excerpt":{"rendered":"&laquo; Jamais un ministre ne s&rsquo;&eacute;tait d&eacute;plac&eacute; &agrave; Saint-Michel depuis sa construction. 60&nbsp;ans plus tard, un autre revient, cela veut dire beaucoup. S&rsquo;il y a eu un ministre pour construire, il y en aura un &#8230;","protected":false},"author":1,"featured_media":40300,"comment_status":"open","ping_status":"open","sticky":false,"template":"","format":"standard","meta":{"footnotes":""},"categories":[20],"tags":[495,106,596,489,3183,497,700,1582,1121,171],"news-destination":[],"news-source":[475],"is_homepage":[],"ta_other":[],"class_list":["post-40299","post","type-post","status-publish","format-standard","has-post-thumbnail","hentry","category-societe","tag-495","tag-habitants","tag-logement","tag-logements","tag-mal-logement","tag-ministre","tag-quartier","tag-renovation","tag-renovation-urbaine","tag-vaucluse","news-source-website"],"_links":{"self":[{"href":"https:\/\/euapp01.newsmemory.com\/lamarseillaise\/news\/wp-json\/wp\/v2\/posts\/40299","targetHints":{"allow":["GET"]}}],"collection":[{"href":"https:\/\/euapp01.newsmemory.com\/lamarseillaise\/news\/wp-json\/wp\/v2\/posts"}],"about":[{"href":"https:\/\/euapp01.newsmemory.com\/lamarseillaise\/news\/wp-json\/wp\/v2\/types\/post"}],"author":[{"embeddable":true,"href":"https:\/\/euapp01.newsmemory.com\/lamarseillaise\/news\/wp-json\/wp\/v2\/users\/1"}],"replies":[{"embeddable":true,"href":"https:\/\/euapp01.newsmemory.com\/lamarseillaise\/news\/wp-json\/wp\/v2\/comments?post=40299"}],"version-history":[{"count":1,"href":"https:\/\/euapp01.newsmemory.com\/lamarseillaise\/news\/wp-json\/wp\/v2\/posts\/40299\/revisions"}],"predecessor-version":[{"id":40301,"href":"https:\/\/euapp01.newsmemory.com\/lamarseillaise\/news\/wp-json\/wp\/v2\/posts\/40299\/revisions\/40301"}],"wp:featuredmedia":[{"embeddable":true,"href":"https:\/\/euapp01.newsmemory.com\/lamarseillaise\/news\/wp-json\/wp\/v2\/media\/40300"}],"wp:attachment":[{"href":"https:\/\/euapp01.newsmemory.com\/lamarseillaise\/news\/wp-json\/wp\/v2\/media?parent=40299"}],"wp:term":[{"taxonomy":"category","embeddable":true,"href":"https:\/\/euapp01.newsmemory.com\/lamarseillaise\/news\/wp-json\/wp\/v2\/categories?post=40299"},{"taxonomy":"post_tag","embeddable":true,"href":"https:\/\/euapp01.newsmemory.com\/lamarseillaise\/news\/wp-json\/wp\/v2\/tags?post=40299"},{"taxonomy":"news-destination","embeddable":true,"href":"https:\/\/euapp01.newsmemory.com\/lamarseillaise\/news\/wp-json\/wp\/v2\/news-destination?post=40299"},{"taxonomy":"news-source","embeddable":true,"href":"https:\/\/euapp01.newsmemory.com\/lamarseillaise\/news\/wp-json\/wp\/v2\/news-source?post=40299"},{"taxonomy":"is_homepage","embeddable":true,"href":"https:\/\/euapp01.newsmemory.com\/lamarseillaise\/news\/wp-json\/wp\/v2\/is_homepage?post=40299"},{"taxonomy":"ta_other","embeddable":true,"href":"https:\/\/euapp01.newsmemory.com\/lamarseillaise\/news\/wp-json\/wp\/v2\/ta_other?post=40299"}],"curies":[{"name":"wp","href":"https:\/\/api.w.org\/{rel}","templated":true}]}}