{"id":40290,"date":"2026-08-25T11:09:00","date_gmt":"2026-08-25T09:09:00","guid":{"rendered":"https:\/\/euapp01.newsmemory.com\/lamarseillaise\/news\/?p=40290"},"modified":"2026-08-25T12:13:21","modified_gmt":"2026-08-25T10:13:21","slug":"le-gouvernement-maintient-le-cap-de-lausterite","status":"publish","type":"post","link":"https:\/\/euapp01.newsmemory.com\/lamarseillaise\/news\/2026\/08\/25\/le-gouvernement-maintient-le-cap-de-lausterite\/","title":{"rendered":"Le gouvernement maintient le cap de l\u2019aust\u00e9rit\u00e9"},"content":{"rendered":"<div class=\"paragraph\">\n<p>Comme si le \u00ab\u00a0tous\u00a0\u00bb \u00e9tait \u00e9galitaire&#8230; Pour le ministre des Comptes publics, \u00ab\u00a0<i>l\u2019urgence dans le cadre du budget<\/i><i>\u00a0<\/i><i>2027, c\u2019est d\u2019\u00e9viter une d\u00e9rive tr\u00e8s grave des finances publiques, de continuer \u00e0 r\u00e9duire les d\u00e9ficits<\/i>\u00a0\u00bb, a-t-il expliqu\u00e9. Une raison n\u00e9cessaire et suffisante, selon lui, pour poursuivre et amplifier la cure d\u2019aust\u00e9rit\u00e9 qui touche aujourd\u2019hui tous les pans de l\u2019action publique et p\u00e8se tous les jours d\u2019avantage sur le quotidien des citoyens. Et pour ceux qui esp\u00e8rent que Bercy aille regarder du c\u00f4t\u00e9 des milliardaires, le ministre pr\u00e9vient\u00a0: \u00ab\u00a0<i>Demander des efforts aux plus fortun\u00e9s, on l&#8217;a d\u00e9j\u00e0 fait dans les budgets pr\u00e9c\u00e9dents, ceux de 2024, ceux de 2025, c&#8217;\u00e9tait la contribution diff\u00e9rentielle sur les hauts revenus, par exemple. Cela fera \u00e9videmment partie des d\u00e9bats l\u00e9gitimes<\/i><i>\u00a0<\/i>\u00bb, a-t-il insist\u00e9.<\/p>\n<p>Le Premier ministre S\u00e9bastien Lecornu a envoy\u00e9 samedi un courrier aux parlementaires, les mettant en garde contre la tentation d&#8217;attendre la pr\u00e9sidentielle pour adopter un budget en 2027. Parmi les pistes, figure l&#8217;id\u00e9e d&#8217;une moindre revalorisation des pensions de retraite pour les plus ais\u00e9s\u00a0: \u00ab\u00a0<i>c\u2019est un d\u00e9bat qui sera \u00e9videmment incontournable<\/i><i>\u00a0<\/i>\u00bb, a soulign\u00e9 David Amiel.<\/p>\n<p>Son cabinet pr\u00e9cise que \u00ab\u00a0<i>si rien n\u2019est fait, le co\u00fbt des retraites augmentera d&#8217;environ 12<\/i><i>\u00a0<\/i><i>milliards d&#8217;euros l&#8217;ann\u00e9e prochaine, pour moiti\u00e9 en raison de l&#8217;indexation, mais aussi \u00e0 cause du vieillissement de la population<\/i><i>\u00a0<\/i>\u00bb.<\/p>\n<\/p><\/div>\n<div class=\"intext\"> Les retrait\u00e9s dans le viseur\n              <\/div>\n<div class=\"paragraph\">\n<p>\u00ab\u00a0<i>Voyons ensemble si on peut demander aux retrait\u00e9s un effort, un effort r\u00e9el, mais qui consiste \u00e0 ne pas \u00eatre augment\u00e9 autant que l\u2019inflation<\/i><i>\u00a0<\/i>\u00bb, a d\u00e9clar\u00e9 le ministre de l&#8217;\u00c9conomie et des Finances Roland Lescure, lundi \u00e9galement, sur BFMTV\/RMC.<\/p>\n<p>\u00ab\u00a0<i>Un retrait\u00e9 qui gagne aujourd&#8217;hui 2<\/i><i>\u00a0<\/i><i>000<\/i><i>\u00a0<\/i><i>euros par mois, l&#8217;inflation, elle est \u00e0 2%, c&#8217;est 40<\/i><i>\u00a0<\/i><i>euros en plus. La question, c&#8217;est<\/i><i>\u00a0<\/i><i>: est-ce qu&#8217;on met en place tous ces 40<\/i><i>\u00a0<\/i><i>euros ou moins. Il n&#8217;y a pas un salari\u00e9 en France, \u00e0 part ceux qui sont au Smic, qui sont automatiquement index\u00e9s<\/i><i>\u00a0<\/i>\u00bb, a-t-il ajout\u00e9.<\/p>\n<p>La porte-parole du gouvernement Maud Bregeon, a pour sa part soulign\u00e9 sur LCI qu\u2019\u00ab\u00a0<i>aucune contribution suppl\u00e9mentaire des retrait\u00e9s n'[avait] \u00e9t\u00e9 arbitr\u00e9e \u00e0 l&#8217;heure o\u00f9 on se parle. Pour autant, c&#8217;est un d\u00e9bat qui aura lieu, (<\/i>&#8230;<i>) on ne peut pas demander aux actifs, \u00e0 ceux qui travaillent, aux salari\u00e9s de contribuer seuls \u00e0 l\u2019effort national<\/i><i>\u00a0<\/i>\u00bb.<\/p>\n<p>\u00ab\u00a0<i>Je promets aux Fran\u00e7ais que le gouvernement ne proposera aucune hausse d&#8217;imp\u00f4ts suppl\u00e9mentaires en 2027 par rapport \u00e0 2026. C&#8217;est ensuite aux parlementaires, encore une fois, d&#8217;en d\u00e9battre<\/i><i>\u00a0<\/i>\u00bb, a-t-elle en outre assur\u00e9.<\/p>\n<p>Par ailleurs, Maud Bregeon a confirm\u00e9 qu&#8217;une prolongation de la contribution exceptionnelle sur les b\u00e9n\u00e9fices des grandes entreprises \u00ab<i>\u00a0<\/i><i>[faisait] partie des pistes \u00e9tudi\u00e9es par le gouvernement<\/i><i>\u00a0<\/i>\u00bb, mais \u00ab\u00a0<i>\u00e7a n&#8217;est pas tranch\u00e9 puisqu&#8217;il est trop t\u00f4t pour apporter des choix d\u00e9finitifs<\/i><i>\u00a0<\/i>\u00bb. \u00ab\u00a0<i>Si on peut la baisser, on le fera, mais aujourd\u2019hui, ce n\u2019est pas facile<\/i><i>\u00a0<\/i>\u00bb, a de son c\u00f4t\u00e9 conc\u00e9d\u00e9 Roland Lescure.<\/p>\n<p>Il a \u00e9galement reconnu que l&#8217;objectif d&#8217;un d\u00e9ficit public \u00e0 5% du PIB l\u2019an prochain, \u00ab\u00a0<i>[n\u2019\u00e9tait] pas gagn\u00e9<\/i><i>\u00a0<\/i>\u00bb\u00a0: \u00ab\u00a0<i>on va faire tout ce qu\u2019on peut pour \u00eatre le plus pr\u00e8s possible de 5%<\/i><i>\u00a0<\/i>\u00bb.<\/p>\n<p>Il a par ailleurs ajout\u00e9 que la croissance risque d&#8217;\u00eatre p\u00e9nalis\u00e9e par \u00ab\u00a0<i>un \u00e9t\u00e9 difficile. Les canicules, les incendies, \u00e7a a un impact sur la production agricole, l&#8217;\u00e9conomie<\/i><i>\u00a0<\/i>\u00bb.<\/p>\n<p>Quant au plafond global des franchises m\u00e9dicales (restes \u00e0 charge pay\u00e9s par l&#8217;assur\u00e9) que le gouvernement voulait initialement doubler, il va finalement \u00eatre port\u00e9 \u00e0 140\u00a0euros, soit une hausse de 40%, selon un projet de d\u00e9cret consult\u00e9 lundi par l&#8217;AFP.<\/p>\n<\/p><\/div>\n","protected":false},"excerpt":{"rendered":"Comme si le &laquo;&nbsp;tous&nbsp;&raquo; &eacute;tait &eacute;galitaire&#8230; Pour le ministre des Comptes publics, &laquo;&nbsp;l&rsquo;urgence dans le cadre du budget&nbsp;2027, c&rsquo;est d&rsquo;&eacute;viter une d&eacute;rive tr&egrave;s grave &#8230;","protected":false},"author":1,"featured_media":40291,"comment_status":"open","ping_status":"open","sticky":false,"template":"","format":"standard","meta":{"footnotes":""},"categories":[1854],"tags":[874,430,2284,3269,486,913,572,528,1506,833],"news-destination":[],"news-source":[475],"is_homepage":[],"ta_other":[],"class_list":["post-40290","post","type-post","status-publish","format-standard","has-post-thumbnail","hentry","category-france","tag-austerite","tag-budget","tag-comptes-publics","tag-croissance","tag-entreprises","tag-finances","tag-france","tag-gouvernement","tag-retraites","tag-sebastien-lecornu","news-source-website"],"_links":{"self":[{"href":"https:\/\/euapp01.newsmemory.com\/lamarseillaise\/news\/wp-json\/wp\/v2\/posts\/40290","targetHints":{"allow":["GET"]}}],"collection":[{"href":"https:\/\/euapp01.newsmemory.com\/lamarseillaise\/news\/wp-json\/wp\/v2\/posts"}],"about":[{"href":"https:\/\/euapp01.newsmemory.com\/lamarseillaise\/news\/wp-json\/wp\/v2\/types\/post"}],"author":[{"embeddable":true,"href":"https:\/\/euapp01.newsmemory.com\/lamarseillaise\/news\/wp-json\/wp\/v2\/users\/1"}],"replies":[{"embeddable":true,"href":"https:\/\/euapp01.newsmemory.com\/lamarseillaise\/news\/wp-json\/wp\/v2\/comments?post=40290"}],"version-history":[{"count":1,"href":"https:\/\/euapp01.newsmemory.com\/lamarseillaise\/news\/wp-json\/wp\/v2\/posts\/40290\/revisions"}],"predecessor-version":[{"id":40292,"href":"https:\/\/euapp01.newsmemory.com\/lamarseillaise\/news\/wp-json\/wp\/v2\/posts\/40290\/revisions\/40292"}],"wp:featuredmedia":[{"embeddable":true,"href":"https:\/\/euapp01.newsmemory.com\/lamarseillaise\/news\/wp-json\/wp\/v2\/media\/40291"}],"wp:attachment":[{"href":"https:\/\/euapp01.newsmemory.com\/lamarseillaise\/news\/wp-json\/wp\/v2\/media?parent=40290"}],"wp:term":[{"taxonomy":"category","embeddable":true,"href":"https:\/\/euapp01.newsmemory.com\/lamarseillaise\/news\/wp-json\/wp\/v2\/categories?post=40290"},{"taxonomy":"post_tag","embeddable":true,"href":"https:\/\/euapp01.newsmemory.com\/lamarseillaise\/news\/wp-json\/wp\/v2\/tags?post=40290"},{"taxonomy":"news-destination","embeddable":true,"href":"https:\/\/euapp01.newsmemory.com\/lamarseillaise\/news\/wp-json\/wp\/v2\/news-destination?post=40290"},{"taxonomy":"news-source","embeddable":true,"href":"https:\/\/euapp01.newsmemory.com\/lamarseillaise\/news\/wp-json\/wp\/v2\/news-source?post=40290"},{"taxonomy":"is_homepage","embeddable":true,"href":"https:\/\/euapp01.newsmemory.com\/lamarseillaise\/news\/wp-json\/wp\/v2\/is_homepage?post=40290"},{"taxonomy":"ta_other","embeddable":true,"href":"https:\/\/euapp01.newsmemory.com\/lamarseillaise\/news\/wp-json\/wp\/v2\/ta_other?post=40290"}],"curies":[{"name":"wp","href":"https:\/\/api.w.org\/{rel}","templated":true}]}}