{"id":40287,"date":"2026-08-25T10:44:00","date_gmt":"2026-08-25T08:44:00","guid":{"rendered":"https:\/\/euapp01.newsmemory.com\/lamarseillaise\/news\/?p=40287"},"modified":"2026-08-25T11:06:14","modified_gmt":"2026-08-25T09:06:14","slug":"a-ales-le-cratere-lance-une-saison-de-folie","status":"publish","type":"post","link":"https:\/\/euapp01.newsmemory.com\/lamarseillaise\/news\/2026\/08\/25\/a-ales-le-cratere-lance-une-saison-de-folie\/","title":{"rendered":"\u00c0 Al\u00e8s, le Crat\u00e8re lance une saison de folie"},"content":{"rendered":"<div class=\"paragraph\">\n<p>Sous le chapiteau pouvant accueillir jusqu\u2019\u00e0 650 personnes et qui est \u00e9galement dot\u00e9 d\u2019un espace bar-restauration et d\u2019un espace d\u2019exposition, Olivier Lataste, le directeur du Crat\u00e8re, \u00e9tait fier de pr\u00e9senter la programmation de la saison 2026-2027. Une saison intitul\u00e9e \u00ab\u00a0La Prairie en folie\u00a0\u00bb, qui se d\u00e9roulera enti\u00e8rement \u00ab\u00a0hors les murs\u00a0\u00bb. En effet, les travaux au Crat\u00e8re ont d\u00e9but\u00e9 en mars dernier et doivent durer 18 \u00e0 20 mois pour une r\u00e9ouverture au public pr\u00e9vue d\u00e9but 2028.<\/p>\n<p>\u00ab\u00a0<i>Pour l\u2019instant, le planning des travaux est respect\u00e9. En attendant, nous allons continuer d\u2019adapter l\u2019accueil sous ce chapiteau pour qu\u2019il soit le plus agr\u00e9able possible. On nous a par exemple fait remarquer que les si\u00e8ges \u00e9taient un peu durs donc nous allons tous les molletonner<\/i>\u00a0\u00bb, explique Olivier Lataste. Le 5\u00a0septembre, jour du forum des associations \u00e0 Al\u00e8s, les \u00e9quipes du Crat\u00e8re accueilleront aussi le public sur l\u2019esplanade devant le chapiteau pour lui pr\u00e9senter la saison et r\u00e9pondre \u00e0 ses \u00e9ventuelles questions. Deux spectacles gratuits (14h30 et 17h30) rythmeront aussi cet apr\u00e8s-midi.<\/p>\n<p><b>Les grands rendez-vous<\/b><\/p>\n<p>Le premier grand rendez-vous \u00e0 lancer la saison au Crat\u00e8re sera le Rebond du festival <i>C\u2019est pas du luxe<\/i>, qui est issu d\u2019un partenariat avec les associations Un toit pour tous, le CCAS, Appel et la Croix-Rouge. Quatre spectacles gratuits de danse et de cirque sont propos\u00e9s les 9 et 10 octobre. L\u2019\u00e9v\u00e9nement sera imm\u00e9diatement suivi de la Semaine M\u00e9diterran\u00e9e (13\u00a0au 18\u00a0octobre) o\u00f9 \u00ab\u00a0<i>nous avons pu faire venir des artistes du Maghreb, d\u2019\u00c9gypte ou du Liban<\/i>\u00a0\u00bb, pr\u00e9cise Lataste. Deux expositions accompagneront ces cinq jours de repr\u00e9sentations, dont l\u2019une sur Gaza et l\u2019autre propos\u00e9e par SOS M\u00e9diterran\u00e9e pour l\u2019anniversaire de l\u2019association. Le mois d\u2019octobre continuera d\u2019\u00eatre charg\u00e9 avec la traditionnelle semaine du Hip-hop (19\u00a0au 25\u00a0octobre), organis\u00e9e en partenariat avec l\u2019association All Style qui accueille encore les meilleurs danseurs internationaux de la discipline et propose de nombreux ateliers \u00e0 Al\u00e8s mais aussi \u00e0 La Grand-Combe, \u00e0 All\u00e8gre-les-Fumades, \u00e0 Bess\u00e8ges, Uz\u00e8s et Bagnols-sur-C\u00e8ze. Le 5<sup>e<\/sup>\u00a0battle international, moment phare de la semaine, aura lieu le 24\u00a0octobre (15h).<\/p>\n<p>Le festival Temps du Cirque prendra le relais \u00e0 partir du 5\u00a0novembre pour une dizaine de jours o\u00f9 les acrobaties seront \u00e0 l\u2019honneur. \u00c0 ne pas manquer\u00a0: les voltigeurs de la compagnie grand-combienne Cirkvost, dont les trois repr\u00e9sentations promettent le plus grand des spectacles.<\/p>\n<p>Comme chaque ann\u00e9e, le Crat\u00e8re mettra les femmes en haut de l\u2019affiche avec le festival <i>Les femmes font bouger le monde<\/i> (du 2 au 13\u00a0mars). Autre incontournable pour la sc\u00e8ne nationale al\u00e9sienne\u00a0: le festival <i>Itin\u00e9rances<\/i>. Ce festival de cin\u00e9ma d\u2019Al\u00e8s revient pour une 45<sup>e<\/sup>\u00a0\u00e9dition du 19 au 29\u00a0mars. Puis, le Crat\u00e8re cl\u00f4turera la saison des grands \u00e9v\u00e9nements avec <i>La Prairie en f\u00eate <\/i>les 24 et 25\u00a0avril, un week-end o\u00f9 la Prairie accueillera toutes sortes d\u2019animations gratuites comme du Tai-chi, yoga, DJ Set et des constructions en bambou.<\/p>\n<p><b>Un th\u00e9\u00e2tre tr\u00e8s politique<\/b><\/p>\n<p>\u00c0 la man\u0153uvre sur la programmation, Olivier Lataste, qui n\u2019avait pas h\u00e9sit\u00e9 \u00e0 monter au cr\u00e9neau lors de l\u2019entre-deux-tours des \u00e9lections municipales pour r\u00e9affirmer son opposition au Rassemblement national, n\u2019a de nouveau pas h\u00e9sit\u00e9 \u00e0 programmer des pi\u00e8ces sociales et politiques. Ce sera notamment le cas avec <i>L\u2019art d\u2019avoir toujours raison, m\u00e9thode simple, rapide et infaillible pour remporter une \u00e9lection,<\/i> de la compagnie Cassandre, qui ouvrira la saison sous le chapiteau le 29\u00a0septembre. <i>Du pain et des jeux, <\/i>qui \u00ab\u00a0<i>prend comme point de d\u00e9part un match de foot pour raconter notre soci\u00e9t\u00e9<\/i>\u00a0\u00bb, est programm\u00e9 le 7\u00a0octobre. Le football sera encore au programme avec <i>Nous le Red Star<\/i> (16 et 17 d\u00e9cembre). La pi\u00e8ce revient sur l\u2019histoire de ce club populaire qui a marqu\u00e9 plusieurs g\u00e9n\u00e9rations.<\/p>\n<p><i>Marasme<\/i>, une pi\u00e8ce du collectif La Cabale rep\u00e9r\u00e9e lors du festival d\u2019Avignon, devrait \u00e9galement surprendre plus d\u2019un spectateur le 16 janvier. C\u00f4t\u00e9 humour, c\u2019est Djamil le Shlag, de la bande \u00e0 Pierre-Emmanuel Barr\u00e9 et Guillaume Meurice, qui se produira le 30 janvier gr\u00e2ce \u00e0 un partenariat avec le festival Lol et Lalala. Olivier Lataste a \u00e9galement souhait\u00e9 mettre en avant deux pi\u00e8ces pr\u00e9vues les 26 et 27 f\u00e9vrier\u00a0: <i>Le d\u00eener chez les Fran\u00e7ais de V. Giscard d\u2019Estaing<\/i> nous replonge dans ce septennat de 1974 \u00e0 1981 puis, le lendemain, la m\u00eame troupe jouera <i>G\u00e9n\u00e9ration Mitterrand,<\/i> un dialogue entre trois \u00e9lecteurs socialistes en 1981 qui ont pris des trajectoires diff\u00e9rentes depuis\u00a0: l\u2019un vote M\u00e9lenchon, l\u2019autre Macron et le troisi\u00e8me Le Pen.<\/p>\n<p>Trois autres dates sont \u00e0 cocher avec <i>L\u2019ange du foyer <\/i>(6\u00a0mars) qui traite des f\u00e9minicides, <i>Parler pointu<\/i> (20 et 21\u00a0avril) du Gardois Benjamin Thozolan qui offre un pastis pendant la pi\u00e8ce aux spectateurs tout en abordant l\u2019histoire de son accent, puis la <i>G\u00e9opolitique du petit pois <\/i>(27\u00a0avril), une pi\u00e8ce \u00e9cologiste o\u00f9 le spectateur repart avec des tonnes de connaissances.<\/p>\n<p><b>Danse, concert et arts de rue<\/b><\/p>\n<p>Pour les amateurs de musique, la saison s\u2019ouvrira avec l\u2019incontournable Orchestre national de Barb\u00e8s (2 octobre), qui vient de f\u00eater ses 30 ans d\u2019existence. Le 4 novembre, la danse s\u2019emparera du chapiteau avec les locaux de la compagnie Pernette pour leur spectacle <i>Murmures,<\/i> qui fait d\u00e9filer les quatre saisons. Pernette reviendra sous le chapiteau le 23 janvier avec <i>Wakan<\/i>, un spectacle \u00ab <i>nourri des danses sacr\u00e9es du monde, de ces liens invisibles entre terre, ciel et corps<\/i> \u00bb. \u00c0 ne pas rater non plus le concert dessin\u00e9 <i>M\u00e9diterran\u00e9e, histoires d\u2019un continent kal\u00e9idoscope<\/i> d\u2019Aurel et Christine Zayed, qui est un prolongement de la bande dessin\u00e9e du m\u00eame nom (24 mars).<\/p>\n<p>C\u00f4t\u00e9 cirque, la compagnie Gravity, constitu\u00e9e de huit Australiens qui avaient d\u00e9j\u00e0 enchant\u00e9 Al\u00e8s, jouera <i>Ten Thousand Hours <\/i>les 4, 5 et 6\u00a0f\u00e9vrier, une \u00ab\u00a0<i>ode aux innombrables heures pass\u00e9es \u00e0 devenir ce qu\u2019ils sont aujourd\u2019hui<\/i>\u00a0 \u00bb.<\/p>\n<\/p><\/div>\n","protected":false},"excerpt":{"rendered":"Sous le chapiteau pouvant accueillir jusqu&rsquo;&agrave; 650 personnes et qui est &eacute;galement dot&eacute; d&rsquo;un espace bar-restauration et d&rsquo;un espace d&rsquo;exposition, Olivier Lataste, le directeur du Crat&egrave;re, &eacute;tait &#8230;","protected":false},"author":1,"featured_media":40288,"comment_status":"open","ping_status":"open","sticky":false,"template":"","format":"standard","meta":{"footnotes":""},"categories":[32],"tags":[247,663,2345,34,1250,238,1910,3554,325,284,4482,191,194,1241],"news-destination":[],"news-source":[475],"is_homepage":[],"ta_other":[],"class_list":["post-40287","post","type-post","status-publish","format-standard","has-post-thumbnail","hentry","category-culture","tag-247","tag-ales","tag-cirque","tag-concert","tag-danse","tag-gard","tag-la-grand-combe","tag-le-cratere","tag-musique","tag-occitanie","tag-olivier-lataste","tag-politique","tag-social","tag-theatre","news-source-website"],"_links":{"self":[{"href":"https:\/\/euapp01.newsmemory.com\/lamarseillaise\/news\/wp-json\/wp\/v2\/posts\/40287","targetHints":{"allow":["GET"]}}],"collection":[{"href":"https:\/\/euapp01.newsmemory.com\/lamarseillaise\/news\/wp-json\/wp\/v2\/posts"}],"about":[{"href":"https:\/\/euapp01.newsmemory.com\/lamarseillaise\/news\/wp-json\/wp\/v2\/types\/post"}],"author":[{"embeddable":true,"href":"https:\/\/euapp01.newsmemory.com\/lamarseillaise\/news\/wp-json\/wp\/v2\/users\/1"}],"replies":[{"embeddable":true,"href":"https:\/\/euapp01.newsmemory.com\/lamarseillaise\/news\/wp-json\/wp\/v2\/comments?post=40287"}],"version-history":[{"count":1,"href":"https:\/\/euapp01.newsmemory.com\/lamarseillaise\/news\/wp-json\/wp\/v2\/posts\/40287\/revisions"}],"predecessor-version":[{"id":40289,"href":"https:\/\/euapp01.newsmemory.com\/lamarseillaise\/news\/wp-json\/wp\/v2\/posts\/40287\/revisions\/40289"}],"wp:featuredmedia":[{"embeddable":true,"href":"https:\/\/euapp01.newsmemory.com\/lamarseillaise\/news\/wp-json\/wp\/v2\/media\/40288"}],"wp:attachment":[{"href":"https:\/\/euapp01.newsmemory.com\/lamarseillaise\/news\/wp-json\/wp\/v2\/media?parent=40287"}],"wp:term":[{"taxonomy":"category","embeddable":true,"href":"https:\/\/euapp01.newsmemory.com\/lamarseillaise\/news\/wp-json\/wp\/v2\/categories?post=40287"},{"taxonomy":"post_tag","embeddable":true,"href":"https:\/\/euapp01.newsmemory.com\/lamarseillaise\/news\/wp-json\/wp\/v2\/tags?post=40287"},{"taxonomy":"news-destination","embeddable":true,"href":"https:\/\/euapp01.newsmemory.com\/lamarseillaise\/news\/wp-json\/wp\/v2\/news-destination?post=40287"},{"taxonomy":"news-source","embeddable":true,"href":"https:\/\/euapp01.newsmemory.com\/lamarseillaise\/news\/wp-json\/wp\/v2\/news-source?post=40287"},{"taxonomy":"is_homepage","embeddable":true,"href":"https:\/\/euapp01.newsmemory.com\/lamarseillaise\/news\/wp-json\/wp\/v2\/is_homepage?post=40287"},{"taxonomy":"ta_other","embeddable":true,"href":"https:\/\/euapp01.newsmemory.com\/lamarseillaise\/news\/wp-json\/wp\/v2\/ta_other?post=40287"}],"curies":[{"name":"wp","href":"https:\/\/api.w.org\/{rel}","templated":true}]}}