{"id":40284,"date":"2026-08-25T10:39:00","date_gmt":"2026-08-25T08:39:00","guid":{"rendered":"https:\/\/euapp01.newsmemory.com\/lamarseillaise\/news\/?p=40284"},"modified":"2026-08-29T12:25:41","modified_gmt":"2026-08-29T10:25:41","slug":"entretien-alban-desoutter-la-liberte-dexpression-doit-prevaloir-pour-tous","status":"publish","type":"post","link":"https:\/\/euapp01.newsmemory.com\/lamarseillaise\/news\/2026\/08\/25\/entretien-alban-desoutter-la-liberte-dexpression-doit-prevaloir-pour-tous\/","title":{"rendered":"[Entretien] Alban Desoutter : \u00ab&nbsp;La libert\u00e9 d\u2019expression doit pr\u00e9valoir pour tous&nbsp;\u00bb"},"content":{"rendered":"<div class=\"paragraph\">\n<p><b>La Marseillaise<\/b><b>\u00a0<\/b><b>:<\/b> <b>Pourquoi la sanction contre Julien Thery vous semble-t-elle injuste<\/b><b>\u00a0<\/b><b>?<\/b><\/p>\n<p>Alban Desoutter\u00a0: Il a relay\u00e9 un texte critique d\u2019une tribune pro-Isra\u00ebl parue dans <i>Le Figaro<\/i> en appelant au boycott d\u2019une liste de personnalit\u00e9s signataires. Chaque fois qu\u2019on s\u2019en prend \u00e0 des relais de l\u2019\u00c9tat d\u2019Isra\u00ebl, il y a cette accusation bien rod\u00e9e et assum\u00e9e d\u2019une assimilation \u00e0 de l\u2019antis\u00e9mitisme. C\u2019est l\u2019argument num\u00e9ro 1 utilis\u00e9 contre des associations ou LFI.<\/p>\n<p><b>Tout de m\u00eame pr\u00e9tendre que Yvan Attal, Michel Boujenah ou Arthur seraient des \u00ab<\/b><b>\u00a0<\/b><b>g\u00e9nocidaires<\/b><b>\u00a0<\/b><b>\u00bb parce qu\u2019ils se font des relais de l\u2019\u00c9tat d\u2019Isra\u00ebl, semble disproportionn\u00e9, non<\/b><b>\u00a0<\/b><b>?<\/b><\/p>\n<p>A.D.\u00a0: On peut discuter sur le fait qu\u2019il puisse y avoir des complicit\u00e9s et les relais chez les personnalit\u00e9s mais cela fait partie du d\u00e9bat m\u00eame si les termes peuvent sembler pol\u00e9miques. Les plus outranciers sont les partisans de l\u2019\u00c9tat d\u2019Isra\u00ebl. Enrico Macias a appel\u00e9 \u00e0 \u00e9liminer physiquement les militants de LFI [\u00e0 la TV avant d\u2019\u00eatre repris et de se r\u00e9tracter, Ndlr.]. \u00c0 Lyon II, quelqu\u2019un a eu des positions pour le nettoyage ethnique de la Palestine et a re\u00e7u le soutien de L.\u00a0Wauquiez au nom de la libert\u00e9 d\u2019enseigner apr\u00e8s que son cours a \u00e9t\u00e9 perturb\u00e9 par des \u00e9tudiants. Il n\u2019y a eu aucune sanction. Il y a deux poids deux mesures. L.\u00a0Wauquiez a m\u00eame utilis\u00e9 sa position de pr\u00e9sident du Conseil r\u00e9gional pour faire un chantage \u00e0 la subvention. Or, quand J.\u00a0Thery utilise sa libert\u00e9 d\u2019expression dans le cadre d\u2019un canal priv\u00e9 sur les r\u00e9seaux sociaux, ind\u00e9pendamment de ses activit\u00e9s universitaires, l\u00e0 on le sanctionne.<\/p>\n<p><b>C\u2019est pour cela que vous d\u00e9noncez une \u00ab<\/b><b>\u00a0<\/b><b>ing\u00e9rence politique<\/b><b>\u00a0<\/b><b>\u00bb<\/b><b>\u00a0<\/b><b>?<\/b><\/p>\n<p>A.D.\u00a0: On a un vrai probl\u00e8me. L\u2019universit\u00e9 n\u2019est pas un forum citoyen. Les sections disciplinaires ne sont pas la d\u00e9mocratie participative o\u00f9 chacun &#8211; notamment les partisans du gouvernement isra\u00e9lien ou de Trump &#8211; va venir dicter \u00e0 la pr\u00e9sidence ce qu\u2019elle doit faire. Celle-ci a c\u00e9d\u00e9 \u00e0 la pression de L.\u00a0Wauquiez avec son chantage \u00e0 la subvention. La libert\u00e9 d\u2019expression doit pr\u00e9valoir pour tous. Les sanctions ne peuvent intervenir que dans le cadre d\u2019un cours o\u00f9 un enseignant utiliserait sa position pour tenir des th\u00e8ses anti-r\u00e9publicaines, n\u00e9gationnistes ou racistes. Je ne d\u00e9fends pas la publication de Julien Thery. Je d\u00e9nonce le fait que sa sanction est disproportionn\u00e9e et sous pression ext\u00e9rieure. Il peut faire appel aupr\u00e8s du Cneser. Son cas n\u2019est pas isol\u00e9. Il y a eu une vague de r\u00e9pression interne dans les universit\u00e9s qui ont toujours eu une tradition de libert\u00e9. J\u2019ai moi-m\u00eame en tant que chercheur subi une sanction d\u00e9guis\u00e9e sur mon avancement pour mes prises de position syndicales.<\/p>\n<\/p><\/div>\n","protected":false},"excerpt":{"rendered":"La Marseillaise&nbsp;: Pourquoi la sanction contre Julien Thery vous semble-t-elle injuste&nbsp;?","protected":false},"author":1,"featured_media":40285,"comment_status":"open","ping_status":"open","sticky":false,"template":"","format":"standard","meta":{"footnotes":""},"categories":[3926,3925,331,20],"tags":[4444,2144,3042,343,1017,239,853,3157,240,284,75,525,885,1615],"news-destination":[3944],"news-source":[475],"is_homepage":[],"ta_other":[],"class_list":["post-40284","post","type-post","status-publish","format-standard","has-post-thumbnail","hentry","category-accueil-merge","category-accueil-third","category-social","category-societe","tag-alban-desoutter","tag-antisemitisme","tag-enseignant","tag-entretien","tag-fo","tag-herault","tag-laurent-wauquiez","tag-liberte-dexpression","tag-montpellier","tag-occitanie","tag-palestine","tag-sanction","tag-subvention","tag-universite","news-destination-homepage","news-source-website"],"_links":{"self":[{"href":"https:\/\/euapp01.newsmemory.com\/lamarseillaise\/news\/wp-json\/wp\/v2\/posts\/40284","targetHints":{"allow":["GET"]}}],"collection":[{"href":"https:\/\/euapp01.newsmemory.com\/lamarseillaise\/news\/wp-json\/wp\/v2\/posts"}],"about":[{"href":"https:\/\/euapp01.newsmemory.com\/lamarseillaise\/news\/wp-json\/wp\/v2\/types\/post"}],"author":[{"embeddable":true,"href":"https:\/\/euapp01.newsmemory.com\/lamarseillaise\/news\/wp-json\/wp\/v2\/users\/1"}],"replies":[{"embeddable":true,"href":"https:\/\/euapp01.newsmemory.com\/lamarseillaise\/news\/wp-json\/wp\/v2\/comments?post=40284"}],"version-history":[{"count":1,"href":"https:\/\/euapp01.newsmemory.com\/lamarseillaise\/news\/wp-json\/wp\/v2\/posts\/40284\/revisions"}],"predecessor-version":[{"id":40286,"href":"https:\/\/euapp01.newsmemory.com\/lamarseillaise\/news\/wp-json\/wp\/v2\/posts\/40284\/revisions\/40286"}],"wp:featuredmedia":[{"embeddable":true,"href":"https:\/\/euapp01.newsmemory.com\/lamarseillaise\/news\/wp-json\/wp\/v2\/media\/40285"}],"wp:attachment":[{"href":"https:\/\/euapp01.newsmemory.com\/lamarseillaise\/news\/wp-json\/wp\/v2\/media?parent=40284"}],"wp:term":[{"taxonomy":"category","embeddable":true,"href":"https:\/\/euapp01.newsmemory.com\/lamarseillaise\/news\/wp-json\/wp\/v2\/categories?post=40284"},{"taxonomy":"post_tag","embeddable":true,"href":"https:\/\/euapp01.newsmemory.com\/lamarseillaise\/news\/wp-json\/wp\/v2\/tags?post=40284"},{"taxonomy":"news-destination","embeddable":true,"href":"https:\/\/euapp01.newsmemory.com\/lamarseillaise\/news\/wp-json\/wp\/v2\/news-destination?post=40284"},{"taxonomy":"news-source","embeddable":true,"href":"https:\/\/euapp01.newsmemory.com\/lamarseillaise\/news\/wp-json\/wp\/v2\/news-source?post=40284"},{"taxonomy":"is_homepage","embeddable":true,"href":"https:\/\/euapp01.newsmemory.com\/lamarseillaise\/news\/wp-json\/wp\/v2\/is_homepage?post=40284"},{"taxonomy":"ta_other","embeddable":true,"href":"https:\/\/euapp01.newsmemory.com\/lamarseillaise\/news\/wp-json\/wp\/v2\/ta_other?post=40284"}],"curies":[{"name":"wp","href":"https:\/\/api.w.org\/{rel}","templated":true}]}}