{"id":40278,"date":"2026-08-25T10:23:00","date_gmt":"2026-08-25T08:23:00","guid":{"rendered":"https:\/\/euapp01.newsmemory.com\/lamarseillaise\/news\/?p=40278"},"modified":"2026-08-29T12:11:27","modified_gmt":"2026-08-29T10:11:27","slug":"lirrigation-des-vignes-fait-toujours-debat","status":"publish","type":"post","link":"https:\/\/euapp01.newsmemory.com\/lamarseillaise\/news\/2026\/08\/25\/lirrigation-des-vignes-fait-toujours-debat\/","title":{"rendered":"L\u2019irrigation des vignes fait toujours d\u00e9bat"},"content":{"rendered":"<div class=\"paragraph\">\n<p>Autrefois marginale, la pratique de l\u2019irrigation des vignes dans le bassin viticole du Languedoc-Roussillon a connu un v\u00e9ritable essor au cours de la derni\u00e8re d\u00e9cennie, jusqu\u2019\u00e0 atteindre un taux de 20% en 2020. Cette \u00e9volution est d\u2019ailleurs particuli\u00e8rement marqu\u00e9e dans les d\u00e9partements de l\u2019H\u00e9rault et du Gard, selon la Chambre d\u2019agriculture r\u00e9gionale. Cette pratique soul\u00e8ve cependant la question cruciale de la r\u00e9partition de la ressource en eau.<i> <\/i><\/p>\n<p>\u00ab<i>\u00a0<\/i><i>La vigne n\u2019est pas une culture nourrici\u00e8re et l\u2019eau commence \u00e0 se faire rare<\/i><i>\u00a0<\/i>\u00bb, r\u00e9sume ainsi R\u00e9mi Balmassi\u00e8re, co-secr\u00e9taire de la Conf\u00e9d\u00e9ration paysanne du Gard. \u00ab\u00a0<i>Selon nous, il va donc falloir s\u00e9lectionner ce qu\u2019on arrose en agriculture.<\/i><i>\u00a0<\/i>\u00bb<i> <\/i>Parfois caricatur\u00e9e, la position de la Conf\u00e9d\u00e9ration paysanne sur la question de l\u2019irrigation des vignes n\u2019est pas un refus cat\u00e9gorique de la pratique. \u00ab<i>\u00a0<\/i><i>Nous sommes tout simplement pour un arrosage qui vise \u00e0 maintenir la qualit\u00e9 et non pas la quantit\u00e9,<\/i> explique R\u00e9mi Balmassi\u00e8re.<i> Cela se traduit donc par une irrigation saisonni\u00e8re, qui remplacerait uniquement les orages des mois de juillet et d\u2019ao\u00fbt, qui se font de plus en plus rares.<\/i><i>\u00a0<\/i>\u00bb <i><\/i><\/p>\n<p>La Conf\u00e9d\u00e9ration paysanne pr\u00f4ne un contr\u00f4le strict de la pratique de l\u2019irrigation des vignes\u00a0: \u00ab\u00a0<i>Ces contr\u00f4les doivent aussi s\u2019accompagner de pratiques agro\u00e9cologiques, c\u2019est-\u00e0-dire qu\u2019il faut augmenter le taux de mati\u00e8re organique dans les sols, afin qu\u2019ils retiennent mieux l\u2019eau.<\/i><i>\u00a0<\/i>\u00bb Le syndicaliste tient \u00e9galement \u00e0 rappeler que la Conf\u00e9d\u00e9ration paysanne n\u2019est pas oppos\u00e9e aux retenues collinaires, mais seulement aux \u00ab\u00a0m\u00e9ga-bassines\u00a0\u00bb. Une vision en d\u00e9saccord avec celle du syndicat majoritaire FNSEA, qui pr\u00f4ne un plan de stockage massif de l\u2019eau d\u2019ici \u00e0 2030.<\/p>\n<p>Dans l\u2019H\u00e9rault, le D\u00e9partement a mis en place un plan Irrigation 2018-2030, visant \u00e0 \u00ab<i>\u00a0<\/i><i>moderniser et \u00e0 d\u00e9velopper les r\u00e9seaux collectifs de desserte<\/i><i>\u00a0<\/i>\u00bb dans le but de<i> <\/i>\u00ab<i>\u00a0<\/i><i>garantir la p\u00e9rennit\u00e9 de la viticulture h\u00e9raultaise<\/i><i>\u00a0<\/i>\u00bb. Selon ce plan, la mise en place de l\u2019irrigation des vignes pourrait repr\u00e9senter des gains potentiels de 300 \u00e0 950 euros par hectare de vigne.<\/p>\n<\/p><\/div>\n","protected":false},"excerpt":{"rendered":"Autrefois marginale, la pratique de l&rsquo;irrigation des vignes dans le bassin viticole du Languedoc-Roussillon a connu un v&eacute;ritable essor au cours de la derni&egrave;re d&eacute;cennie, jusqu&rsquo;&agrave; atteindre un taux de 20% en &#8230;","protected":false},"author":1,"featured_media":40279,"comment_status":"open","ping_status":"open","sticky":false,"template":"","format":"standard","meta":{"footnotes":""},"categories":[3926,3925,333],"tags":[2791,207,1477,309,1872,238,2052,239,455,284,419,1397,1678,5078,463,1355],"news-destination":[3944],"news-source":[475],"is_homepage":[],"ta_other":[],"class_list":["post-40278","post","type-post","status-publish","format-standard","has-post-thumbnail","hentry","category-accueil-merge","category-accueil-third","category-environnement","tag-chambre-dagriculture","tag-changement-climatique","tag-confederation-paysanne","tag-eau","tag-fnsea","tag-gard","tag-gestion-de-leau","tag-herault","tag-irrigation","tag-occitanie","tag-rechauffement-climatique","tag-secheresse","tag-vignes","tag-vignobles","tag-viticulteurs","tag-viticulture","news-destination-homepage","news-source-website"],"_links":{"self":[{"href":"https:\/\/euapp01.newsmemory.com\/lamarseillaise\/news\/wp-json\/wp\/v2\/posts\/40278","targetHints":{"allow":["GET"]}}],"collection":[{"href":"https:\/\/euapp01.newsmemory.com\/lamarseillaise\/news\/wp-json\/wp\/v2\/posts"}],"about":[{"href":"https:\/\/euapp01.newsmemory.com\/lamarseillaise\/news\/wp-json\/wp\/v2\/types\/post"}],"author":[{"embeddable":true,"href":"https:\/\/euapp01.newsmemory.com\/lamarseillaise\/news\/wp-json\/wp\/v2\/users\/1"}],"replies":[{"embeddable":true,"href":"https:\/\/euapp01.newsmemory.com\/lamarseillaise\/news\/wp-json\/wp\/v2\/comments?post=40278"}],"version-history":[{"count":1,"href":"https:\/\/euapp01.newsmemory.com\/lamarseillaise\/news\/wp-json\/wp\/v2\/posts\/40278\/revisions"}],"predecessor-version":[{"id":40280,"href":"https:\/\/euapp01.newsmemory.com\/lamarseillaise\/news\/wp-json\/wp\/v2\/posts\/40278\/revisions\/40280"}],"wp:featuredmedia":[{"embeddable":true,"href":"https:\/\/euapp01.newsmemory.com\/lamarseillaise\/news\/wp-json\/wp\/v2\/media\/40279"}],"wp:attachment":[{"href":"https:\/\/euapp01.newsmemory.com\/lamarseillaise\/news\/wp-json\/wp\/v2\/media?parent=40278"}],"wp:term":[{"taxonomy":"category","embeddable":true,"href":"https:\/\/euapp01.newsmemory.com\/lamarseillaise\/news\/wp-json\/wp\/v2\/categories?post=40278"},{"taxonomy":"post_tag","embeddable":true,"href":"https:\/\/euapp01.newsmemory.com\/lamarseillaise\/news\/wp-json\/wp\/v2\/tags?post=40278"},{"taxonomy":"news-destination","embeddable":true,"href":"https:\/\/euapp01.newsmemory.com\/lamarseillaise\/news\/wp-json\/wp\/v2\/news-destination?post=40278"},{"taxonomy":"news-source","embeddable":true,"href":"https:\/\/euapp01.newsmemory.com\/lamarseillaise\/news\/wp-json\/wp\/v2\/news-source?post=40278"},{"taxonomy":"is_homepage","embeddable":true,"href":"https:\/\/euapp01.newsmemory.com\/lamarseillaise\/news\/wp-json\/wp\/v2\/is_homepage?post=40278"},{"taxonomy":"ta_other","embeddable":true,"href":"https:\/\/euapp01.newsmemory.com\/lamarseillaise\/news\/wp-json\/wp\/v2\/ta_other?post=40278"}],"curies":[{"name":"wp","href":"https:\/\/api.w.org\/{rel}","templated":true}]}}