{"id":40270,"date":"2026-08-25T09:24:00","date_gmt":"2026-08-25T07:24:00","guid":{"rendered":"https:\/\/euapp01.newsmemory.com\/lamarseillaise\/news\/?p=40270"},"modified":"2026-08-29T11:19:28","modified_gmt":"2026-08-29T09:19:28","slug":"cest-lete-la-dictee-pour-tous-vise-un-record-mondial-a-marseille","status":"publish","type":"post","link":"https:\/\/euapp01.newsmemory.com\/lamarseillaise\/news\/2026\/08\/25\/cest-lete-la-dictee-pour-tous-vise-un-record-mondial-a-marseille\/","title":{"rendered":"[C\u2019est l\u2019\u00e9t\u00e9] La \u00ab&nbsp;Dict\u00e9e pour tous&nbsp;\u00bb vise un record mondial \u00e0 Marseille"},"content":{"rendered":"<div class=\"paragraph\">\n<p>La place Villeneuve-Bargemon (2<sup>e<\/sup>) va se transformer en salle de classe \u00e0 ciel ouvert. Dimanche 30\u00a0ao\u00fbt, de 10h \u00e0 12h, la \u00ab\u00a0Dict\u00e9e pour tous\u00a0\u00bb r\u00e9unira \u00e0 Marseille les amateurs d\u2019orthographe pour un \u00e9v\u00e9nement gratuit et ouvert \u00e0 tous.<\/p>\n<p>Port\u00e9e par l\u2019association Action Bomaye, qui organise des dict\u00e9es g\u00e9antes depuis\u00a02018, cette \u00e9dition se fait en partenariat avec la Ville de Marseille et Abdellah Boudour, fondateur de \u00ab\u00a0La Dict\u00e9e pour tous\u00a0\u00bb. \u00ab<i>\u00a0<\/i><i>C\u2019est important pour nous car c\u2019est un moyen de redonner un peu go\u00fbt \u00e0 l\u2019\u00e9criture et de c\u00e9l\u00e9brer la culture fran\u00e7aise<\/i>\u00a0\u00bb, explique C\u00e9zila Ibrahim, coordinatrice de projets de l\u2019association.<\/p>\n<p>Quelque 2\u00a0000\u00a0participants sont attendus, avec l\u2019objectif de battre le record mondial actuel, \u00e9tabli \u00e0 1\u00a0300\u00a0participants. Plusieurs personnalit\u00e9s marseillaises liront le texte, dont Dimitri Payet, ancien joueur et capitaine de l\u2019Olympique de Marseille. De nombreux lots seront aussi \u00e0 gagner, par cat\u00e9gories\u00a0: primaire, coll\u00e8ge, lyc\u00e9e et adulte.<\/p>\n<\/p><\/div>\n<div class=\"intext\"> Distribution gratuite<br \/>\n               <br \/>de fournitures scolaires\n              <\/div>\n<div class=\"paragraph\">\n<p>\u00c0 la veille de la rentr\u00e9e scolaire, l\u2019\u00e9v\u00e9nement entend \u00e9galement accompagner les familles. Entre 1\u00a0000\u00a0et 1\u00a0500\u00a0lots de fournitures scolaires seront distribu\u00e9s gratuitement. \u00ab<i>\u00a0<\/i><i>On voulait faire profiter au maximum les familles marseillaises qui ont des revenus modestes<\/i>\u00a0\u00bb, pr\u00e9cise C\u00e9zila Ibrahim.<\/p>\n<p>La journ\u00e9e se veut aussi interg\u00e9n\u00e9rationnelle.<i> <\/i>\u00ab<i>\u00a0<\/i><i>On a la chance d\u2019\u00eatre sur la tr\u00e8s belle place Villeneuve-Bargemon donc ce sera aussi l\u2019occasion de passer un moment convivial tous ensemble, petits et grands, sans limite d\u2019\u00e2ge<\/i><i>\u00a0<\/i>\u00bb, souligne la coordinatrice. Et de poursuivre\u00a0: \u00ab\u00a0<i>C\u2019est un \u00e9v\u00e9nement cr\u00e9\u00e9 pour r\u00e9unir tout le monde pour une seule et unique cause<\/i><i>\u00a0<\/i><i>: la culture accessible \u00e0 tous, pour tous.<\/i><i>\u00a0<\/i>\u00bb<\/p>\n<p>Pour encadrer les 2\u00a0000\u00a0participants esp\u00e9r\u00e9s, entre 150\u00a0et 200\u00a0b\u00e9n\u00e9voles seront mobilis\u00e9s. Les portes ouvriront \u00e0 9h30, avant le d\u00e9but de la dict\u00e9e \u00e0 10h. L\u2019entr\u00e9e est libre, dans la limite des places disponibles, et les r\u00e9servations sont toujours possibles via le lien disponible sur le compte Instagram de l\u2019association Action Bomaye.<\/p>\n<\/p><\/div>\n","protected":false},"excerpt":{"rendered":"La place Villeneuve-Bargemon (2e) va se transformer en salle de classe &agrave; ciel ouvert. Dimanche 30&nbsp;ao&ucirc;t, de 10h &agrave; 12h, la &laquo;&nbsp;Dict&eacute;e pour tous&nbsp;&raquo; r&eacute;unira &agrave; Marseille les amateurs &#8230;","protected":false},"author":1,"featured_media":40271,"comment_status":"open","ping_status":"open","sticky":false,"template":"","format":"standard","meta":{"footnotes":""},"categories":[3926,3925,32,20],"tags":[183,10,6085,1532,35,5847,12,212,754,3488,1083,1119,16,6311,712,804,99],"news-destination":[3944],"news-source":[475],"is_homepage":[],"ta_other":[],"class_list":["post-40270","post","type-post","status-publish","format-standard","has-post-thumbnail","hentry","category-accueil-merge","category-accueil-third","category-culture","category-societe","tag-benevoles","tag-bouches-du-rhone","tag-cest-lete","tag-college","tag-culture","tag-dictee","tag-dimitri-payet","tag-distribution","tag-familles","tag-fournitures","tag-gratuit","tag-lycee","tag-marseille","tag-record-mondial","tag-rentree-scolaire","tag-scolaires","tag-ville-de-marseille","news-destination-homepage","news-source-website"],"_links":{"self":[{"href":"https:\/\/euapp01.newsmemory.com\/lamarseillaise\/news\/wp-json\/wp\/v2\/posts\/40270","targetHints":{"allow":["GET"]}}],"collection":[{"href":"https:\/\/euapp01.newsmemory.com\/lamarseillaise\/news\/wp-json\/wp\/v2\/posts"}],"about":[{"href":"https:\/\/euapp01.newsmemory.com\/lamarseillaise\/news\/wp-json\/wp\/v2\/types\/post"}],"author":[{"embeddable":true,"href":"https:\/\/euapp01.newsmemory.com\/lamarseillaise\/news\/wp-json\/wp\/v2\/users\/1"}],"replies":[{"embeddable":true,"href":"https:\/\/euapp01.newsmemory.com\/lamarseillaise\/news\/wp-json\/wp\/v2\/comments?post=40270"}],"version-history":[{"count":1,"href":"https:\/\/euapp01.newsmemory.com\/lamarseillaise\/news\/wp-json\/wp\/v2\/posts\/40270\/revisions"}],"predecessor-version":[{"id":40272,"href":"https:\/\/euapp01.newsmemory.com\/lamarseillaise\/news\/wp-json\/wp\/v2\/posts\/40270\/revisions\/40272"}],"wp:featuredmedia":[{"embeddable":true,"href":"https:\/\/euapp01.newsmemory.com\/lamarseillaise\/news\/wp-json\/wp\/v2\/media\/40271"}],"wp:attachment":[{"href":"https:\/\/euapp01.newsmemory.com\/lamarseillaise\/news\/wp-json\/wp\/v2\/media?parent=40270"}],"wp:term":[{"taxonomy":"category","embeddable":true,"href":"https:\/\/euapp01.newsmemory.com\/lamarseillaise\/news\/wp-json\/wp\/v2\/categories?post=40270"},{"taxonomy":"post_tag","embeddable":true,"href":"https:\/\/euapp01.newsmemory.com\/lamarseillaise\/news\/wp-json\/wp\/v2\/tags?post=40270"},{"taxonomy":"news-destination","embeddable":true,"href":"https:\/\/euapp01.newsmemory.com\/lamarseillaise\/news\/wp-json\/wp\/v2\/news-destination?post=40270"},{"taxonomy":"news-source","embeddable":true,"href":"https:\/\/euapp01.newsmemory.com\/lamarseillaise\/news\/wp-json\/wp\/v2\/news-source?post=40270"},{"taxonomy":"is_homepage","embeddable":true,"href":"https:\/\/euapp01.newsmemory.com\/lamarseillaise\/news\/wp-json\/wp\/v2\/is_homepage?post=40270"},{"taxonomy":"ta_other","embeddable":true,"href":"https:\/\/euapp01.newsmemory.com\/lamarseillaise\/news\/wp-json\/wp\/v2\/ta_other?post=40270"}],"curies":[{"name":"wp","href":"https:\/\/api.w.org\/{rel}","templated":true}]}}