{"id":40267,"date":"2026-08-25T09:28:00","date_gmt":"2026-08-25T07:28:00","guid":{"rendered":"https:\/\/euapp01.newsmemory.com\/lamarseillaise\/news\/?p=40267"},"modified":"2026-08-29T11:19:28","modified_gmt":"2026-08-29T09:19:28","slug":"cest-lete-enqueter-pour-decouvrir-la-foret-alpine","status":"publish","type":"post","link":"https:\/\/euapp01.newsmemory.com\/lamarseillaise\/news\/2026\/08\/25\/cest-lete-enqueter-pour-decouvrir-la-foret-alpine\/","title":{"rendered":"[C\u2019est l\u2019\u00e9t\u00e9] Enqu\u00eater pour d\u00e9couvrir la for\u00eat alpine"},"content":{"rendered":"<div class=\"paragraph\">\n<p>\u00ab <i>Q<\/i><i>ui a vol\u00e9 les graines de notre pin cembro<\/i><i>\u00a0<\/i><i>? <\/i>Le jeu de piste de la Maison du Bois et de la For\u00eat invite petits et grands \u00e0 d\u00e9couvrir le mus\u00e9e tout en s\u2019amusant. Afin de retrouver les fruits du conif\u00e8re de haute altitude, le dernier rendez-vous de l\u2019\u00e9t\u00e9 est donn\u00e9 ce mercredi 26\u00a0ao\u00fbt de 14h30 \u00e0 18h30. Apr\u00e8s 45\u00a0minutes d\u2019\u00e9nigme, il sera possible d\u2019assister \u00e0 la d\u00e9monstration, par un menuisier, de tournage sur bois.<\/p>\n<p>Situ\u00e9e au c\u0153ur de la vall\u00e9e de l\u2019Ubaye, la Maison du Bois et de la For\u00eat propose des parcours interactifs adapt\u00e9s au jeune public. L\u2019exposition actuelle \u00ab\u00a0<i>De la graine \u00e0 la planche<\/i><i>\u00a0<\/i>\u00bb pr\u00e9sente les m\u00e9tiers et usages du bois, tout en sensibilisant \u00e0 la protection des for\u00eats, marqu\u00e9es par l\u2019exploitation humaine et le changement climatique.<\/p>\n<p>L\u2019enqu\u00eate du Pin cembro propose ainsi d\u2019en apprendre davantage sur ses fruits, plus commun\u00e9ment appel\u00e9s \u00ab\u00a0<i>pommes de pin<\/i><i>\u00a0<\/i>\u00bb. Pour ce faire, les d\u00e9tectives doivent se munir d\u2019un livret sp\u00e9cial jeu de piste \u00e0 un euro, puis r\u00e9pondre \u00e0 12\u00a0questions dont les r\u00e9ponses sont diss\u00e9min\u00e9es dans le mus\u00e9e. \u00c0 la cl\u00e9, un cadeau en bois \u00e0 personnaliser soi-m\u00eame\u00a0!<\/p>\n<p><b>Andr\u00e9a Goyard-de Castro<\/b><\/p>\n<p><i>Tarifs : adulte, 8<\/i><i>\u00a0<\/i><i>euros ; -15<\/i><i>\u00a0<\/i><i>ans, 4<\/i><i>\u00a0<\/i><i>euros ; -5<\/i><i>\u00a0<\/i><i>ans, gratuit.<\/i><\/p>\n<\/p><\/div>\n","protected":false},"excerpt":{"rendered":"&laquo; Qui a vol&eacute; les graines de notre pin cembro&nbsp;? Le jeu de piste de la Maison du Bois et de la For&ecirc;t invite petits et grands &agrave; d&eacute;couvrir le mus&eacute;e tout en s&rsquo;amusant. Afin de retrouver les fruits du &#8230;","protected":false},"author":1,"featured_media":40268,"comment_status":"open","ping_status":"open","sticky":false,"template":"","format":"standard","meta":{"footnotes":""},"categories":[3926,3925,32,333,20],"tags":[100,4768,4467,3585,6085,207,57,58,1507,6243,2096,59,445,153,537],"news-destination":[3944],"news-source":[475],"is_homepage":[],"ta_other":[],"class_list":["post-40267","post","type-post","status-publish","format-standard","has-post-thumbnail","hentry","category-accueil-merge","category-accueil-third","category-culture","category-environnement","category-societe","tag-activites","tag-alpes","tag-alpes-de-haute-provence","tag-bois","tag-cest-lete","tag-changement-climatique","tag-enfants","tag-famille","tag-fruits","tag-jeu-de-piste","tag-jeune-public","tag-jeunes","tag-metiers","tag-musee","tag-protection","news-destination-homepage","news-source-website"],"_links":{"self":[{"href":"https:\/\/euapp01.newsmemory.com\/lamarseillaise\/news\/wp-json\/wp\/v2\/posts\/40267","targetHints":{"allow":["GET"]}}],"collection":[{"href":"https:\/\/euapp01.newsmemory.com\/lamarseillaise\/news\/wp-json\/wp\/v2\/posts"}],"about":[{"href":"https:\/\/euapp01.newsmemory.com\/lamarseillaise\/news\/wp-json\/wp\/v2\/types\/post"}],"author":[{"embeddable":true,"href":"https:\/\/euapp01.newsmemory.com\/lamarseillaise\/news\/wp-json\/wp\/v2\/users\/1"}],"replies":[{"embeddable":true,"href":"https:\/\/euapp01.newsmemory.com\/lamarseillaise\/news\/wp-json\/wp\/v2\/comments?post=40267"}],"version-history":[{"count":1,"href":"https:\/\/euapp01.newsmemory.com\/lamarseillaise\/news\/wp-json\/wp\/v2\/posts\/40267\/revisions"}],"predecessor-version":[{"id":40269,"href":"https:\/\/euapp01.newsmemory.com\/lamarseillaise\/news\/wp-json\/wp\/v2\/posts\/40267\/revisions\/40269"}],"wp:featuredmedia":[{"embeddable":true,"href":"https:\/\/euapp01.newsmemory.com\/lamarseillaise\/news\/wp-json\/wp\/v2\/media\/40268"}],"wp:attachment":[{"href":"https:\/\/euapp01.newsmemory.com\/lamarseillaise\/news\/wp-json\/wp\/v2\/media?parent=40267"}],"wp:term":[{"taxonomy":"category","embeddable":true,"href":"https:\/\/euapp01.newsmemory.com\/lamarseillaise\/news\/wp-json\/wp\/v2\/categories?post=40267"},{"taxonomy":"post_tag","embeddable":true,"href":"https:\/\/euapp01.newsmemory.com\/lamarseillaise\/news\/wp-json\/wp\/v2\/tags?post=40267"},{"taxonomy":"news-destination","embeddable":true,"href":"https:\/\/euapp01.newsmemory.com\/lamarseillaise\/news\/wp-json\/wp\/v2\/news-destination?post=40267"},{"taxonomy":"news-source","embeddable":true,"href":"https:\/\/euapp01.newsmemory.com\/lamarseillaise\/news\/wp-json\/wp\/v2\/news-source?post=40267"},{"taxonomy":"is_homepage","embeddable":true,"href":"https:\/\/euapp01.newsmemory.com\/lamarseillaise\/news\/wp-json\/wp\/v2\/is_homepage?post=40267"},{"taxonomy":"ta_other","embeddable":true,"href":"https:\/\/euapp01.newsmemory.com\/lamarseillaise\/news\/wp-json\/wp\/v2\/ta_other?post=40267"}],"curies":[{"name":"wp","href":"https:\/\/api.w.org\/{rel}","templated":true}]}}