{"id":40261,"date":"2026-08-25T09:12:00","date_gmt":"2026-08-25T07:12:00","guid":{"rendered":"https:\/\/euapp01.newsmemory.com\/lamarseillaise\/news\/?p=40261"},"modified":"2026-08-25T10:15:41","modified_gmt":"2026-08-25T08:15:41","slug":"cest-lete-balade-au-coucherdu-soleil-a-marignane","status":"publish","type":"post","link":"https:\/\/euapp01.newsmemory.com\/lamarseillaise\/news\/2026\/08\/25\/cest-lete-balade-au-coucherdu-soleil-a-marignane\/","title":{"rendered":"[C\u2019est l\u2019\u00e9t\u00e9] Balade au coucherdu soleil \u00e0 Marignane"},"content":{"rendered":"<div class=\"paragraph\">\n<p>C\u2019est une langue de terre entre les \u00e9tangs de Berre et de Bolmon. La nature y est prot\u00e9g\u00e9e par le Conservatoire du littoral.<\/p>\n<p>Le th\u00e8me est la pr\u00e9servation<br \/>du \u00ab\u00a0sauvage\u00a0\u00bb et les am\u00e9nagements de l\u2019\u00e9tang du Bolmon. Le rendez-vous est \u00e0 18h30, \u00e0 l\u2019aire de stationnement des Garances.<\/p>\n<p>G.C.<\/p>\n<p><i>Adultes<\/i><i>\u00a0<\/i><i>: 9<\/i><i>\u00a0<\/i><i>euros.<br \/>Enfants de 3<\/i><i>\u00a0<\/i><i>\u00e0 12<\/i><i>\u00a0<\/i><i>ans<\/i><i>\u00a0<\/i><i>: 4,50<\/i><i>\u00a0<\/i><i>euros.<\/i><\/p>\n<p><i>Le r\u00e8glement est \u00e0 effectuer<br \/>\u00e0 l\u2019office de tourisme ou en ligne. <\/i><\/p>\n<\/p><\/div>\n","protected":false},"excerpt":{"rendered":"C&rsquo;est une langue de terre entre les &eacute;tangs de Berre et de Bolmon. La nature y est prot&eacute;g&eacute;e par le Conservatoire du littoral. Le th&egrave;me est la pr&eacute;servationdu &laquo;&nbsp;sauvage&nbsp;&raquo; et les &#8230;","protected":false},"author":1,"featured_media":40262,"comment_status":"open","ping_status":"open","sticky":false,"template":"","format":"standard","meta":{"footnotes":""},"categories":[333],"tags":[1289,10,6085,57,760,1318,1349,938,1662,136,1226,347],"news-destination":[],"news-source":[475],"is_homepage":[],"ta_other":[],"class_list":["post-40261","post","type-post","status-publish","format-standard","has-post-thumbnail","hentry","category-environnement","tag-balade","tag-bouches-du-rhone","tag-cest-lete","tag-enfants","tag-etangs","tag-guide","tag-marignane","tag-nature","tag-office-de-tourisme","tag-preservation","tag-soleil","tag-tourisme","news-source-website"],"_links":{"self":[{"href":"https:\/\/euapp01.newsmemory.com\/lamarseillaise\/news\/wp-json\/wp\/v2\/posts\/40261","targetHints":{"allow":["GET"]}}],"collection":[{"href":"https:\/\/euapp01.newsmemory.com\/lamarseillaise\/news\/wp-json\/wp\/v2\/posts"}],"about":[{"href":"https:\/\/euapp01.newsmemory.com\/lamarseillaise\/news\/wp-json\/wp\/v2\/types\/post"}],"author":[{"embeddable":true,"href":"https:\/\/euapp01.newsmemory.com\/lamarseillaise\/news\/wp-json\/wp\/v2\/users\/1"}],"replies":[{"embeddable":true,"href":"https:\/\/euapp01.newsmemory.com\/lamarseillaise\/news\/wp-json\/wp\/v2\/comments?post=40261"}],"version-history":[{"count":1,"href":"https:\/\/euapp01.newsmemory.com\/lamarseillaise\/news\/wp-json\/wp\/v2\/posts\/40261\/revisions"}],"predecessor-version":[{"id":40263,"href":"https:\/\/euapp01.newsmemory.com\/lamarseillaise\/news\/wp-json\/wp\/v2\/posts\/40261\/revisions\/40263"}],"wp:featuredmedia":[{"embeddable":true,"href":"https:\/\/euapp01.newsmemory.com\/lamarseillaise\/news\/wp-json\/wp\/v2\/media\/40262"}],"wp:attachment":[{"href":"https:\/\/euapp01.newsmemory.com\/lamarseillaise\/news\/wp-json\/wp\/v2\/media?parent=40261"}],"wp:term":[{"taxonomy":"category","embeddable":true,"href":"https:\/\/euapp01.newsmemory.com\/lamarseillaise\/news\/wp-json\/wp\/v2\/categories?post=40261"},{"taxonomy":"post_tag","embeddable":true,"href":"https:\/\/euapp01.newsmemory.com\/lamarseillaise\/news\/wp-json\/wp\/v2\/tags?post=40261"},{"taxonomy":"news-destination","embeddable":true,"href":"https:\/\/euapp01.newsmemory.com\/lamarseillaise\/news\/wp-json\/wp\/v2\/news-destination?post=40261"},{"taxonomy":"news-source","embeddable":true,"href":"https:\/\/euapp01.newsmemory.com\/lamarseillaise\/news\/wp-json\/wp\/v2\/news-source?post=40261"},{"taxonomy":"is_homepage","embeddable":true,"href":"https:\/\/euapp01.newsmemory.com\/lamarseillaise\/news\/wp-json\/wp\/v2\/is_homepage?post=40261"},{"taxonomy":"ta_other","embeddable":true,"href":"https:\/\/euapp01.newsmemory.com\/lamarseillaise\/news\/wp-json\/wp\/v2\/ta_other?post=40261"}],"curies":[{"name":"wp","href":"https:\/\/api.w.org\/{rel}","templated":true}]}}