{"id":40258,"date":"2026-08-25T09:14:00","date_gmt":"2026-08-25T07:14:00","guid":{"rendered":"https:\/\/euapp01.newsmemory.com\/lamarseillaise\/news\/?p=40258"},"modified":"2026-08-25T10:15:41","modified_gmt":"2026-08-25T08:15:41","slug":"cest-lete-course-de-velopour-petits-a-praloup","status":"publish","type":"post","link":"https:\/\/euapp01.newsmemory.com\/lamarseillaise\/news\/2026\/08\/25\/cest-lete-course-de-velopour-petits-a-praloup\/","title":{"rendered":"[C\u2019est l\u2019\u00e9t\u00e9] Course de v\u00e9lopour petits \u00e0 Praloup"},"content":{"rendered":"<div class=\"paragraph\">\n<p>D\u00e8s 17h30, tout le monde est invit\u00e9 \u00e0 se rassembler sur la placette, l\u2019animation est gratuite. L\u2019inscription se fait sur le site de Pra Loup. Il faut amener sa propre draisienne.<\/p>\n<p>G.C.<\/p>\n<\/p><\/div>\n","protected":false},"excerpt":{"rendered":"D&egrave;s 17h30, tout le monde est invit&eacute; &agrave; se rassembler sur la placette, l&rsquo;animation est gratuite. L&rsquo;inscription se fait sur le site de Pra Loup. Il faut amener sa propre draisienne. G.C.","protected":false},"author":1,"featured_media":40259,"comment_status":"open","ping_status":"open","sticky":false,"template":"","format":"standard","meta":{"footnotes":""},"categories":[20],"tags":[2873,4768,4467,1307,6085,1149,57,754,55,807],"news-destination":[],"news-source":[475],"is_homepage":[],"ta_other":[],"class_list":["post-40258","post","type-post","status-publish","format-standard","has-post-thumbnail","hentry","category-societe","tag-activites-de-loisirs","tag-alpes","tag-alpes-de-haute-provence","tag-animation","tag-cest-lete","tag-course","tag-enfants","tag-familles","tag-loisirs","tag-velo","news-source-website"],"_links":{"self":[{"href":"https:\/\/euapp01.newsmemory.com\/lamarseillaise\/news\/wp-json\/wp\/v2\/posts\/40258","targetHints":{"allow":["GET"]}}],"collection":[{"href":"https:\/\/euapp01.newsmemory.com\/lamarseillaise\/news\/wp-json\/wp\/v2\/posts"}],"about":[{"href":"https:\/\/euapp01.newsmemory.com\/lamarseillaise\/news\/wp-json\/wp\/v2\/types\/post"}],"author":[{"embeddable":true,"href":"https:\/\/euapp01.newsmemory.com\/lamarseillaise\/news\/wp-json\/wp\/v2\/users\/1"}],"replies":[{"embeddable":true,"href":"https:\/\/euapp01.newsmemory.com\/lamarseillaise\/news\/wp-json\/wp\/v2\/comments?post=40258"}],"version-history":[{"count":1,"href":"https:\/\/euapp01.newsmemory.com\/lamarseillaise\/news\/wp-json\/wp\/v2\/posts\/40258\/revisions"}],"predecessor-version":[{"id":40260,"href":"https:\/\/euapp01.newsmemory.com\/lamarseillaise\/news\/wp-json\/wp\/v2\/posts\/40258\/revisions\/40260"}],"wp:featuredmedia":[{"embeddable":true,"href":"https:\/\/euapp01.newsmemory.com\/lamarseillaise\/news\/wp-json\/wp\/v2\/media\/40259"}],"wp:attachment":[{"href":"https:\/\/euapp01.newsmemory.com\/lamarseillaise\/news\/wp-json\/wp\/v2\/media?parent=40258"}],"wp:term":[{"taxonomy":"category","embeddable":true,"href":"https:\/\/euapp01.newsmemory.com\/lamarseillaise\/news\/wp-json\/wp\/v2\/categories?post=40258"},{"taxonomy":"post_tag","embeddable":true,"href":"https:\/\/euapp01.newsmemory.com\/lamarseillaise\/news\/wp-json\/wp\/v2\/tags?post=40258"},{"taxonomy":"news-destination","embeddable":true,"href":"https:\/\/euapp01.newsmemory.com\/lamarseillaise\/news\/wp-json\/wp\/v2\/news-destination?post=40258"},{"taxonomy":"news-source","embeddable":true,"href":"https:\/\/euapp01.newsmemory.com\/lamarseillaise\/news\/wp-json\/wp\/v2\/news-source?post=40258"},{"taxonomy":"is_homepage","embeddable":true,"href":"https:\/\/euapp01.newsmemory.com\/lamarseillaise\/news\/wp-json\/wp\/v2\/is_homepage?post=40258"},{"taxonomy":"ta_other","embeddable":true,"href":"https:\/\/euapp01.newsmemory.com\/lamarseillaise\/news\/wp-json\/wp\/v2\/ta_other?post=40258"}],"curies":[{"name":"wp","href":"https:\/\/api.w.org\/{rel}","templated":true}]}}