{"id":40255,"date":"2026-08-25T09:09:00","date_gmt":"2026-08-25T07:09:00","guid":{"rendered":"https:\/\/euapp01.newsmemory.com\/lamarseillaise\/news\/?p=40255"},"modified":"2026-08-25T10:15:41","modified_gmt":"2026-08-25T08:15:41","slug":"cest-lete-cloture-du-festival-de-la-lune-a-carqueiranne","status":"publish","type":"post","link":"https:\/\/euapp01.newsmemory.com\/lamarseillaise\/news\/2026\/08\/25\/cest-lete-cloture-du-festival-de-la-lune-a-carqueiranne\/","title":{"rendered":"[C\u2019est l\u2019\u00e9t\u00e9] Cl\u00f4ture du Festival de la Lune \u00e0 Carqueiranne"},"content":{"rendered":"<div class=\"paragraph\">\n<p>Un espace restauration est propos\u00e9 d\u00e8s 18h30, la projection en plein air est pr\u00e9vue \u00e0 21h, apr\u00e8s une pr\u00e9sentation du film par le r\u00e9alisateur.<\/p>\n<p>G.C.<\/p>\n<p><i>Tarifs : 8<\/i><i>\u00a0<\/i><i>euros, 7<\/i><i>\u00a0<\/i><i>euros (r\u00e9duit),<br \/>5<\/i><i>\u00a0<\/i><i>euros (- de 14 ans, ch\u00f4meurs).<\/i><\/p>\n<\/p><\/div>\n","protected":false},"excerpt":{"rendered":"Un espace restauration est propos&eacute; d&egrave;s 18h30, la projection en plein air est pr&eacute;vue &agrave; 21h, apr&egrave;s une pr&eacute;sentation du film par le r&eacute;alisateur. G.C.Tarifs : 8&nbsp;euros, 7&nbsp;euros &#8230;","protected":false},"author":1,"featured_media":40256,"comment_status":"open","ping_status":"open","sticky":false,"template":"","format":"standard","meta":{"footnotes":""},"categories":[32],"tags":[1316,6085,3286,329,2000,78,1367,31],"news-destination":[],"news-source":[475],"is_homepage":[],"ta_other":[],"class_list":["post-40255","post","type-post","status-publish","format-standard","has-post-thumbnail","hentry","category-culture","tag-avant-premiere","tag-cest-lete","tag-carqueiranne","tag-festival","tag-plein-air","tag-projection","tag-realisateur","tag-var","news-source-website"],"_links":{"self":[{"href":"https:\/\/euapp01.newsmemory.com\/lamarseillaise\/news\/wp-json\/wp\/v2\/posts\/40255","targetHints":{"allow":["GET"]}}],"collection":[{"href":"https:\/\/euapp01.newsmemory.com\/lamarseillaise\/news\/wp-json\/wp\/v2\/posts"}],"about":[{"href":"https:\/\/euapp01.newsmemory.com\/lamarseillaise\/news\/wp-json\/wp\/v2\/types\/post"}],"author":[{"embeddable":true,"href":"https:\/\/euapp01.newsmemory.com\/lamarseillaise\/news\/wp-json\/wp\/v2\/users\/1"}],"replies":[{"embeddable":true,"href":"https:\/\/euapp01.newsmemory.com\/lamarseillaise\/news\/wp-json\/wp\/v2\/comments?post=40255"}],"version-history":[{"count":1,"href":"https:\/\/euapp01.newsmemory.com\/lamarseillaise\/news\/wp-json\/wp\/v2\/posts\/40255\/revisions"}],"predecessor-version":[{"id":40257,"href":"https:\/\/euapp01.newsmemory.com\/lamarseillaise\/news\/wp-json\/wp\/v2\/posts\/40255\/revisions\/40257"}],"wp:featuredmedia":[{"embeddable":true,"href":"https:\/\/euapp01.newsmemory.com\/lamarseillaise\/news\/wp-json\/wp\/v2\/media\/40256"}],"wp:attachment":[{"href":"https:\/\/euapp01.newsmemory.com\/lamarseillaise\/news\/wp-json\/wp\/v2\/media?parent=40255"}],"wp:term":[{"taxonomy":"category","embeddable":true,"href":"https:\/\/euapp01.newsmemory.com\/lamarseillaise\/news\/wp-json\/wp\/v2\/categories?post=40255"},{"taxonomy":"post_tag","embeddable":true,"href":"https:\/\/euapp01.newsmemory.com\/lamarseillaise\/news\/wp-json\/wp\/v2\/tags?post=40255"},{"taxonomy":"news-destination","embeddable":true,"href":"https:\/\/euapp01.newsmemory.com\/lamarseillaise\/news\/wp-json\/wp\/v2\/news-destination?post=40255"},{"taxonomy":"news-source","embeddable":true,"href":"https:\/\/euapp01.newsmemory.com\/lamarseillaise\/news\/wp-json\/wp\/v2\/news-source?post=40255"},{"taxonomy":"is_homepage","embeddable":true,"href":"https:\/\/euapp01.newsmemory.com\/lamarseillaise\/news\/wp-json\/wp\/v2\/is_homepage?post=40255"},{"taxonomy":"ta_other","embeddable":true,"href":"https:\/\/euapp01.newsmemory.com\/lamarseillaise\/news\/wp-json\/wp\/v2\/ta_other?post=40255"}],"curies":[{"name":"wp","href":"https:\/\/api.w.org\/{rel}","templated":true}]}}