{"id":40252,"date":"2026-08-25T08:44:00","date_gmt":"2026-08-25T06:44:00","guid":{"rendered":"https:\/\/euapp01.newsmemory.com\/lamarseillaise\/news\/?p=40252"},"modified":"2026-08-25T10:15:41","modified_gmt":"2026-08-25T08:15:41","slug":"cest-lete-visite-pour-toute-la-famille-a-gap","status":"publish","type":"post","link":"https:\/\/euapp01.newsmemory.com\/lamarseillaise\/news\/2026\/08\/25\/cest-lete-visite-pour-toute-la-famille-a-gap\/","title":{"rendered":"[C\u2019est l\u2019\u00e9t\u00e9] Visite pour toute la famille \u00e0 Gap"},"content":{"rendered":"<div class=\"paragraph\">\n<p>La lecture, en \u00e9cho avec les \u0153uvres, \u00e9voque l\u2019aventure de deux s\u0153urs en montagne.<\/p>\n<p>G.C.<\/p>\n<p><i>D\u00e8s 3<\/i><i>\u00a0<\/i><i>ans.<br \/>Inscription obligatoire<br \/>sur le site du mus\u00e9e ou au 04.86.15.30.70<\/i><\/p>\n<\/p><\/div>\n","protected":false},"excerpt":{"rendered":"La lecture, en &eacute;cho avec les &oelig;uvres, &eacute;voque l&rsquo;aventure de deux s&oelig;urs en montagne. G.C.D&egrave;s 3&nbsp;ans.Inscription obligatoiresur le site du mus&eacute;e ou au 04.86.15.30.70","protected":false},"author":1,"featured_media":40253,"comment_status":"open","ping_status":"open","sticky":false,"template":"","format":"standard","meta":{"footnotes":""},"categories":[32],"tags":[4768,6085,57,279,58,1293,1244,3415,153,61],"news-destination":[],"news-source":[475],"is_homepage":[],"ta_other":[],"class_list":["post-40252","post","type-post","status-publish","format-standard","has-post-thumbnail","hentry","category-culture","tag-alpes","tag-cest-lete","tag-enfants","tag-exposition","tag-famille","tag-lecture","tag-livres","tag-montagne","tag-musee","tag-visite","news-source-website"],"_links":{"self":[{"href":"https:\/\/euapp01.newsmemory.com\/lamarseillaise\/news\/wp-json\/wp\/v2\/posts\/40252","targetHints":{"allow":["GET"]}}],"collection":[{"href":"https:\/\/euapp01.newsmemory.com\/lamarseillaise\/news\/wp-json\/wp\/v2\/posts"}],"about":[{"href":"https:\/\/euapp01.newsmemory.com\/lamarseillaise\/news\/wp-json\/wp\/v2\/types\/post"}],"author":[{"embeddable":true,"href":"https:\/\/euapp01.newsmemory.com\/lamarseillaise\/news\/wp-json\/wp\/v2\/users\/1"}],"replies":[{"embeddable":true,"href":"https:\/\/euapp01.newsmemory.com\/lamarseillaise\/news\/wp-json\/wp\/v2\/comments?post=40252"}],"version-history":[{"count":1,"href":"https:\/\/euapp01.newsmemory.com\/lamarseillaise\/news\/wp-json\/wp\/v2\/posts\/40252\/revisions"}],"predecessor-version":[{"id":40254,"href":"https:\/\/euapp01.newsmemory.com\/lamarseillaise\/news\/wp-json\/wp\/v2\/posts\/40252\/revisions\/40254"}],"wp:featuredmedia":[{"embeddable":true,"href":"https:\/\/euapp01.newsmemory.com\/lamarseillaise\/news\/wp-json\/wp\/v2\/media\/40253"}],"wp:attachment":[{"href":"https:\/\/euapp01.newsmemory.com\/lamarseillaise\/news\/wp-json\/wp\/v2\/media?parent=40252"}],"wp:term":[{"taxonomy":"category","embeddable":true,"href":"https:\/\/euapp01.newsmemory.com\/lamarseillaise\/news\/wp-json\/wp\/v2\/categories?post=40252"},{"taxonomy":"post_tag","embeddable":true,"href":"https:\/\/euapp01.newsmemory.com\/lamarseillaise\/news\/wp-json\/wp\/v2\/tags?post=40252"},{"taxonomy":"news-destination","embeddable":true,"href":"https:\/\/euapp01.newsmemory.com\/lamarseillaise\/news\/wp-json\/wp\/v2\/news-destination?post=40252"},{"taxonomy":"news-source","embeddable":true,"href":"https:\/\/euapp01.newsmemory.com\/lamarseillaise\/news\/wp-json\/wp\/v2\/news-source?post=40252"},{"taxonomy":"is_homepage","embeddable":true,"href":"https:\/\/euapp01.newsmemory.com\/lamarseillaise\/news\/wp-json\/wp\/v2\/is_homepage?post=40252"},{"taxonomy":"ta_other","embeddable":true,"href":"https:\/\/euapp01.newsmemory.com\/lamarseillaise\/news\/wp-json\/wp\/v2\/ta_other?post=40252"}],"curies":[{"name":"wp","href":"https:\/\/api.w.org\/{rel}","templated":true}]}}