{"id":40249,"date":"2026-08-25T08:31:00","date_gmt":"2026-08-25T06:31:00","guid":{"rendered":"https:\/\/euapp01.newsmemory.com\/lamarseillaise\/news\/?p=40249"},"modified":"2026-08-29T11:19:28","modified_gmt":"2026-08-29T09:19:28","slug":"entretien-lucille-guenier-nos-protocoles-de-securite-ont-ete-renforces","status":"publish","type":"post","link":"https:\/\/euapp01.newsmemory.com\/lamarseillaise\/news\/2026\/08\/25\/entretien-lucille-guenier-nos-protocoles-de-securite-ont-ete-renforces\/","title":{"rendered":"[Entretien] Lucille Guenier : \u00ab&nbsp;Nos protocoles de s\u00e9curit\u00e9 ont \u00e9t\u00e9 renforc\u00e9s&nbsp;\u00bb"},"content":{"rendered":"<div class=\"paragraph\">\n<p><b>La Marseillaise :<\/b> <b>Vous \u00e9tiez \u00e0 bord de l\u2019Ocean Viking lorsque le navire a \u00e9t\u00e9 attaqu\u00e9 par des gardes-c\u00f4tes libyens. Pouvez-vous revenir sur les \u00e9v\u00e8nements<\/b><b>\u00a0<\/b><b>? <\/b><\/p>\n<p>Lucille Guenier : J\u2019\u00e9tais \u00e0 bord, comme la plupart des \u00e9quipes actuellement en mer, le jour de l\u2019attaque. Les gardes-c\u00f4tes libyens ont tir\u00e9 sur notre bateau depuis le leur, de classe Corrubia, donc beaucoup plus petit, rapide et agile que le n\u00f4tre. Il n\u2019y a pas eu d\u2019abordage [assaut men\u00e9 par un \u00e9quipage pour monter \u00e0 bord d\u2019un autre navire, ndlr], mais c\u2019\u00e9tait le risque. Depuis un an que l\u2019attaque a eu lieu, aucune condamnation n\u2019a \u00e9t\u00e9 prononc\u00e9e [malgr\u00e9 la plainte d\u00e9pos\u00e9e par SOS M\u00e9diterran\u00e9e, ndlr]. Les gardes-c\u00f4tes libyens sont dans une totale impunit\u00e9. Ils sont encore actifs. Il y a quelques semaines, nous avons m\u00eame crois\u00e9 le patrouilleur [navire des gardes-c\u00f4tes], qui nous avait tir\u00e9 dessus l\u2019an dernier. Le constat aujourd\u2019hui, apr\u00e8s un an, c\u2019est que rien n\u2019a chang\u00e9. Au contraire, les choses ont empir\u00e9. \u00c7a a \u00e9t\u00e9 un tournant pour nous en tant que personnel (&#8230;) mais pas au niveau politique. \u00c7a n\u2019a engendr\u00e9 aucune cons\u00e9quence. Au contraire, le soutien aux gardes-c\u00f4tes libyens par l\u2019Union Europ\u00e9enne s\u2019est amplifi\u00e9.<\/p>\n<p><b>Vous parlez d\u2019un tournant pour le personnel. Pouvez-vous en dire plus<\/b><b>\u00a0<\/b><b>? <\/b><\/p>\n<p>L.G.\u00a0: D\u2019abord, s\u2019il n\u2019y a eu aucune blessure physique, il y a eu des cons\u00e9quences psychologiques. L\u2019organisation a donc d\u00fb accompagner les \u00e9quipes pour qu\u2019elles puissent ensuite repartir en mer. Les op\u00e9rations se sont arr\u00eat\u00e9es pendant quatre mois. Apr\u00e8s, bien s\u00fbr, les protocoles de s\u00e9curit\u00e9 ont \u00e9t\u00e9 renforc\u00e9s et sont d\u00e9sormais beaucoup plus stricts. Il a fallu s\u2019adapter au contexte et au fait que potentiellement, en faisant des sauvetages en mer, il \u00e9tait possible de se retrouver face \u00e0 des gens qui tiennent des kalachnikovs alors que tout ce dont on dispose, nous, ce sont des gilets sauvetage. On a donc d\u00fb adapter nos protocoles de s\u00e9curit\u00e9, accompagner le personnel navigant qui a \u00e9t\u00e9 victime de cette attaque mais aussi celui qui ne l\u2019a pas \u00e9t\u00e9 et qui sait dor\u00e9navant que quand il op\u00e8re en M\u00e9diterran\u00e9e centrale, sur un terrain qui, a priori, n\u2019est pas un terrain de guerre, il peut se retrouver sous la menace des balles.<\/p>\n<p><b>Avez-vous recueilli des t\u00e9moignages de r\u00e9fugi\u00e9s d\u2019interpellations violentes<\/b><b>\u00a0<\/b><b>?<\/b><\/p>\n<p>L.G. : Oui, tr\u00e8s souvent. Les personnes qu\u2019on secourt ont souvent essay\u00e9 plusieurs fois de traverser la M\u00e9diterran\u00e9e centrale. Elles se font intercepter par des gardes-c\u00f4tes libyens puis sont, en g\u00e9n\u00e9ral, ramen\u00e9es dans des prisons informelles o\u00f9 elles sont tortur\u00e9es ou ran\u00e7onn\u00e9es pour pouvoir sortir. Il y a tout un syst\u00e8me de collusion entre les gardes-c\u00f4tes libyens, les passeurs et les trafiquants de traite humaine. C\u2019est document\u00e9 par des journalistes, mais aussi par de r\u00e9cents rapports des Nations Unies. Et ces gardes-c\u00f4tes sont en partie financ\u00e9s par l\u2019Union europ\u00e9enne, dans le cadre d\u2019une politique d\u2019externalisation des fronti\u00e8res. Des bateaux leur ont notamment \u00e9t\u00e9 fournis par l\u2019Italie.<\/p>\n<p>Si cette situation ne cesse pas, si le soutien aux gardes-c\u00f4tes libyens continue, d\u2019abord les gens vont continuer de p\u00e9rir en M\u00e9diterran\u00e9e, et ensuite, un jour, des personnels d\u2019ONG, qui essaient de porter assistance \u00e0 ces personnes, seront bless\u00e9s ou perdront leur vie.<\/p>\n<p>Entretien r\u00e9alis\u00e9 par Margot Milhaud<\/p>\n<\/p><\/div>\n","protected":false},"excerpt":{"rendered":"La Marseillaise : Vous &eacute;tiez &agrave; bord de l&rsquo;Ocean Viking lorsque le navire a &eacute;t&eacute; attaqu&eacute; par des gardes-c&ocirc;tes libyens. Pouvez-vous revenir sur les &eacute;v&egrave;nements&nbsp;?","protected":false},"author":1,"featured_media":40250,"comment_status":"open","ping_status":"open","sticky":false,"template":"","format":"standard","meta":{"footnotes":""},"categories":[3926,3925,337],"tags":[1631,1222,343,603,6310,3510,3135,2574,88],"news-destination":[3944],"news-source":[475],"is_homepage":[],"ta_other":[],"class_list":["post-40249","post","type-post","status-publish","format-standard","has-post-thumbnail","hentry","category-accueil-merge","category-accueil-third","category-international","tag-attaque","tag-bateau","tag-entretien","tag-frontieres","tag-libye","tag-refugies","tag-sauvetage","tag-sos-mediterranee","tag-surveillance","news-destination-homepage","news-source-website"],"_links":{"self":[{"href":"https:\/\/euapp01.newsmemory.com\/lamarseillaise\/news\/wp-json\/wp\/v2\/posts\/40249","targetHints":{"allow":["GET"]}}],"collection":[{"href":"https:\/\/euapp01.newsmemory.com\/lamarseillaise\/news\/wp-json\/wp\/v2\/posts"}],"about":[{"href":"https:\/\/euapp01.newsmemory.com\/lamarseillaise\/news\/wp-json\/wp\/v2\/types\/post"}],"author":[{"embeddable":true,"href":"https:\/\/euapp01.newsmemory.com\/lamarseillaise\/news\/wp-json\/wp\/v2\/users\/1"}],"replies":[{"embeddable":true,"href":"https:\/\/euapp01.newsmemory.com\/lamarseillaise\/news\/wp-json\/wp\/v2\/comments?post=40249"}],"version-history":[{"count":1,"href":"https:\/\/euapp01.newsmemory.com\/lamarseillaise\/news\/wp-json\/wp\/v2\/posts\/40249\/revisions"}],"predecessor-version":[{"id":40251,"href":"https:\/\/euapp01.newsmemory.com\/lamarseillaise\/news\/wp-json\/wp\/v2\/posts\/40249\/revisions\/40251"}],"wp:featuredmedia":[{"embeddable":true,"href":"https:\/\/euapp01.newsmemory.com\/lamarseillaise\/news\/wp-json\/wp\/v2\/media\/40250"}],"wp:attachment":[{"href":"https:\/\/euapp01.newsmemory.com\/lamarseillaise\/news\/wp-json\/wp\/v2\/media?parent=40249"}],"wp:term":[{"taxonomy":"category","embeddable":true,"href":"https:\/\/euapp01.newsmemory.com\/lamarseillaise\/news\/wp-json\/wp\/v2\/categories?post=40249"},{"taxonomy":"post_tag","embeddable":true,"href":"https:\/\/euapp01.newsmemory.com\/lamarseillaise\/news\/wp-json\/wp\/v2\/tags?post=40249"},{"taxonomy":"news-destination","embeddable":true,"href":"https:\/\/euapp01.newsmemory.com\/lamarseillaise\/news\/wp-json\/wp\/v2\/news-destination?post=40249"},{"taxonomy":"news-source","embeddable":true,"href":"https:\/\/euapp01.newsmemory.com\/lamarseillaise\/news\/wp-json\/wp\/v2\/news-source?post=40249"},{"taxonomy":"is_homepage","embeddable":true,"href":"https:\/\/euapp01.newsmemory.com\/lamarseillaise\/news\/wp-json\/wp\/v2\/is_homepage?post=40249"},{"taxonomy":"ta_other","embeddable":true,"href":"https:\/\/euapp01.newsmemory.com\/lamarseillaise\/news\/wp-json\/wp\/v2\/ta_other?post=40249"}],"curies":[{"name":"wp","href":"https:\/\/api.w.org\/{rel}","templated":true}]}}