{"id":40246,"date":"2026-08-25T08:01:00","date_gmt":"2026-08-25T06:01:00","guid":{"rendered":"https:\/\/euapp01.newsmemory.com\/lamarseillaise\/news\/?p=40246"},"modified":"2026-08-25T10:15:41","modified_gmt":"2026-08-25T08:15:41","slug":"un-nouveau-terrain-synthetique-a-la-ponsonne","status":"publish","type":"post","link":"https:\/\/euapp01.newsmemory.com\/lamarseillaise\/news\/2026\/08\/25\/un-nouveau-terrain-synthetique-a-la-ponsonne\/","title":{"rendered":"Un nouveau terrain synth\u00e9tique \u00e0 la Ponsonne"},"content":{"rendered":"<div class=\"paragraph\">\n<p>Un nouveau terrain synth\u00e9tique devrait \u00eatre inaugur\u00e9 \u00e0 Manosque \u00e0 la mi-octobre, dans le cadre du dispositif national Quartiers de demain, qui permet \u00e0 neuf villes fran\u00e7aises de r\u00e9habiliter des quartiers prioritaires en prenant en compte les imp\u00e9ratifs \u00e9cologiques.<\/p>\n<p>\u00ab\u00a0<i>La pose du gazon synth\u00e9tique est pr\u00e9vue fin septembre, pour une semaine. L\u2019avantage qu\u2019on a sur le produit qu\u2019on a pris, c\u2019est qu\u2019il n\u2019y a pas besoin de substrats suppl\u00e9mentaires. Cela r\u00e9duit largement le co\u00fbt d\u2019entretien<\/i><i>\u00a0<\/i>\u00bb, avance Laurent Fournaise, le directeur des services techniques. \u00ab\u00a0<i>\u00c0 terme, la tribune devra \u00e9galement \u00eatre \u00e9tendue l\u2019an prochain, et un tunnel sera construit sous une passerelle<\/i><i>\u00a0<\/i>\u00bb pour s\u00e9parer joueurs et public, selon le maire DVD de Manosque Camille Galtier. L\u2019objectif de cette modernisation est aussi de cr\u00e9er \u00ab\u00a0<i>un lieu de vie d\u00e9di\u00e9 aux familles et convivial, en co-construction avec les habitants<\/i><i>\u00a0<\/i>\u00bb, a avanc\u00e9 Caroline Paolasso, conseill\u00e8re municipale d\u00e9l\u00e9gu\u00e9e au Quartier de Demain. \u00ab\u00a0<i>Les \u00e9pisodes pluvieux d\u00e9gradent les pelouses. Le synth\u00e9tique est une bonne alternative qui subit moins de d\u00e9gradations, n\u00e9cessite moins d\u2019entretien et engendre un taux d\u2019occupation plus important<\/i><i>\u00a0<\/i>\u00bb, a expliqu\u00e9 Allel Benferhat, directeur du service des sports.<\/p>\n<p>\u00ab\u00a0<i>Toutes les infrastructures sportives de la ville seront r\u00e9nov\u00e9es d\u2019ici 2030, alors qu\u2019en 2020 on \u00e9tait tr\u00e8s en retard<\/i><i>\u00a0<\/i>\u00bb, a par ailleurs affirm\u00e9 le maire. \u00ab\u00a0<i>On donne les infrastructures sportives aussi bien au basket, au hand et au rugby pour permettre de monter au dernier niveau national.<\/i><i>\u00a0<\/i>\u00bb La modernisation du stade est r\u00e9alis\u00e9e pour un co\u00fbt d\u2019environ 1\u00a0million d\u2019euros. La ville compte sur cette modernisation pour am\u00e9liorer les conditions de pratique, la s\u00e9curit\u00e9 et la qualit\u00e9 de l\u2019\u00e9quipement. Ces travaux s\u2019inscrivent dans le projet plus large de transformation de la Plaine des Sports et des Loisirs, destin\u00e9 \u00e0 moderniser le site et \u00e0 favoriser la pratique sportive. Les travaux comprennent notamment les terrassements, la cr\u00e9ation d\u2019un syst\u00e8me de drainage et le passage de l\u2019\u00e9clairage en LED.<\/p>\n<\/p><\/div>\n","protected":false},"excerpt":{"rendered":"Un nouveau terrain synth&eacute;tique devrait &ecirc;tre inaugur&eacute; &agrave; Manosque &agrave; la mi-octobre, dans le cadre du dispositif national Quartiers de demain, qui permet &agrave; neuf villes fran&ccedil;aises de r&eacute;habiliter des &#8230;","protected":false},"author":1,"featured_media":40247,"comment_status":"open","ping_status":"open","sticky":false,"template":"","format":"standard","meta":{"footnotes":""},"categories":[20],"tags":[4768,4467,4974,4885,13,269,51,394,1828,166],"news-destination":[],"news-source":[475],"is_homepage":[],"ta_other":[],"class_list":["post-40246","post","type-post","status-publish","format-standard","has-post-thumbnail","hentry","category-societe","tag-alpes","tag-alpes-de-haute-provence","tag-camille-galtier","tag-foot","tag-football","tag-quartiers-prioritaires","tag-societe","tag-sport","tag-stade","tag-travaux","news-source-website"],"_links":{"self":[{"href":"https:\/\/euapp01.newsmemory.com\/lamarseillaise\/news\/wp-json\/wp\/v2\/posts\/40246","targetHints":{"allow":["GET"]}}],"collection":[{"href":"https:\/\/euapp01.newsmemory.com\/lamarseillaise\/news\/wp-json\/wp\/v2\/posts"}],"about":[{"href":"https:\/\/euapp01.newsmemory.com\/lamarseillaise\/news\/wp-json\/wp\/v2\/types\/post"}],"author":[{"embeddable":true,"href":"https:\/\/euapp01.newsmemory.com\/lamarseillaise\/news\/wp-json\/wp\/v2\/users\/1"}],"replies":[{"embeddable":true,"href":"https:\/\/euapp01.newsmemory.com\/lamarseillaise\/news\/wp-json\/wp\/v2\/comments?post=40246"}],"version-history":[{"count":1,"href":"https:\/\/euapp01.newsmemory.com\/lamarseillaise\/news\/wp-json\/wp\/v2\/posts\/40246\/revisions"}],"predecessor-version":[{"id":40248,"href":"https:\/\/euapp01.newsmemory.com\/lamarseillaise\/news\/wp-json\/wp\/v2\/posts\/40246\/revisions\/40248"}],"wp:featuredmedia":[{"embeddable":true,"href":"https:\/\/euapp01.newsmemory.com\/lamarseillaise\/news\/wp-json\/wp\/v2\/media\/40247"}],"wp:attachment":[{"href":"https:\/\/euapp01.newsmemory.com\/lamarseillaise\/news\/wp-json\/wp\/v2\/media?parent=40246"}],"wp:term":[{"taxonomy":"category","embeddable":true,"href":"https:\/\/euapp01.newsmemory.com\/lamarseillaise\/news\/wp-json\/wp\/v2\/categories?post=40246"},{"taxonomy":"post_tag","embeddable":true,"href":"https:\/\/euapp01.newsmemory.com\/lamarseillaise\/news\/wp-json\/wp\/v2\/tags?post=40246"},{"taxonomy":"news-destination","embeddable":true,"href":"https:\/\/euapp01.newsmemory.com\/lamarseillaise\/news\/wp-json\/wp\/v2\/news-destination?post=40246"},{"taxonomy":"news-source","embeddable":true,"href":"https:\/\/euapp01.newsmemory.com\/lamarseillaise\/news\/wp-json\/wp\/v2\/news-source?post=40246"},{"taxonomy":"is_homepage","embeddable":true,"href":"https:\/\/euapp01.newsmemory.com\/lamarseillaise\/news\/wp-json\/wp\/v2\/is_homepage?post=40246"},{"taxonomy":"ta_other","embeddable":true,"href":"https:\/\/euapp01.newsmemory.com\/lamarseillaise\/news\/wp-json\/wp\/v2\/ta_other?post=40246"}],"curies":[{"name":"wp","href":"https:\/\/api.w.org\/{rel}","templated":true}]}}