{"id":40243,"date":"2026-08-25T08:09:00","date_gmt":"2026-08-25T06:09:00","guid":{"rendered":"https:\/\/euapp01.newsmemory.com\/lamarseillaise\/news\/?p=40243"},"modified":"2026-08-29T10:40:54","modified_gmt":"2026-08-29T08:40:54","slug":"la-marseillaise-honore-les-resistants-qui-lont-fondee","status":"publish","type":"post","link":"https:\/\/euapp01.newsmemory.com\/lamarseillaise\/news\/2026\/08\/25\/la-marseillaise-honore-les-resistants-qui-lont-fondee\/","title":{"rendered":"\u00ab&nbsp;La Marseillaise&nbsp;\u00bb honore les r\u00e9sistants qui l\u2019ont fond\u00e9e"},"content":{"rendered":"<div class=\"paragraph\">\n<p>Moment solennel au si\u00e8ge de <i>La<\/i><i>\u00a0<\/i><i>Marseillaise<\/i>, ce lundi, date anniversaire de la premi\u00e8re parution l\u00e9gale de notre journal.<\/p>\n<p>Pour la premi\u00e8re fois, l\u2019hommage rendu \u00e0 nos fondateurs tomb\u00e9s au combat se tient <br \/>dans les locaux r\u00e9nov\u00e9s de <i>La<\/i><i>\u00a0<\/i><i>Marseillaise<\/i>, l\u00e0 o\u00f9 se tenaient les rotatives du <i>Petit-Marseillais, <\/i>journal collaborationniste pris d\u2019assaut pour les r\u00e9sistants pendant l\u2019insurrection de Marseille. \u00ab<i>\u00a0<\/i><i>Ces locaux ont \u00e9t\u00e9 pris par les armes&#8230; on a toujours refus\u00e9 de les quitter par le tribunal de commerce<\/i><i>\u00a0<\/i>\u00bb, glisse Serge Baroni, pr\u00e9sident des Amis de La\u00a0Marseillaise.<\/p>\n<p>Sur la plaque, les noms de L\u00e9on Paranque, Jean De Bernardy, Francis Aicard et Mala Kriegel rappellent le sacrifice que fut le combat pour faire vivre notre journal et pour lib\u00e9rer la France du joug nazi.<\/p>\n<p>L\u00e9o Purguette, pr\u00e9sident et directeur \u00e9ditorial, s\u2019incline devant leur m\u00e9moire et rappelle \u00ab\u00a0<i>La<\/i><i>\u00a0<\/i><i>Marseillaise est un journal d\u2019information et de r\u00e9sistance contre les battus de 1944 qui cherchent \u00e0 ressortir des poubelles de l\u2019histoire<\/i><i>\u00a0<\/i>\u00bb.<\/p>\n<p>Dehors, les participants ont fleuri la plaque de la place du Journal La Marseillaise.<\/p>\n<\/p><\/div>\n","protected":false},"excerpt":{"rendered":"Moment solennel au si&egrave;ge de La&nbsp;Marseillaise, ce lundi, date anniversaire de la premi&egrave;re parution l&eacute;gale de notre journal.Pour la premi&egrave;re fois, l&rsquo;hommage rendu &agrave; nos fondateurs tomb&eacute;s au combat se &#8230;","protected":false},"author":1,"featured_media":40244,"comment_status":"open","ping_status":"open","sticky":false,"template":"","format":"standard","meta":{"footnotes":""},"categories":[20],"tags":[2149,1133,126,1731,1647,16,1186,1729,4253,3082,3424],"news-destination":[],"news-source":[475],"is_homepage":[],"ta_other":[],"class_list":["post-40243","post","type-post","status-publish","format-standard","has-post-thumbnail","hentry","category-societe","tag-anniversaire","tag-journal","tag-la-marseillaise","tag-leo-purguette","tag-liberation","tag-marseille","tag-presse","tag-resistance","tag-resistants","tag-seconde-guerre-mondiale","tag-serge-baroni","news-source-website"],"_links":{"self":[{"href":"https:\/\/euapp01.newsmemory.com\/lamarseillaise\/news\/wp-json\/wp\/v2\/posts\/40243","targetHints":{"allow":["GET"]}}],"collection":[{"href":"https:\/\/euapp01.newsmemory.com\/lamarseillaise\/news\/wp-json\/wp\/v2\/posts"}],"about":[{"href":"https:\/\/euapp01.newsmemory.com\/lamarseillaise\/news\/wp-json\/wp\/v2\/types\/post"}],"author":[{"embeddable":true,"href":"https:\/\/euapp01.newsmemory.com\/lamarseillaise\/news\/wp-json\/wp\/v2\/users\/1"}],"replies":[{"embeddable":true,"href":"https:\/\/euapp01.newsmemory.com\/lamarseillaise\/news\/wp-json\/wp\/v2\/comments?post=40243"}],"version-history":[{"count":1,"href":"https:\/\/euapp01.newsmemory.com\/lamarseillaise\/news\/wp-json\/wp\/v2\/posts\/40243\/revisions"}],"predecessor-version":[{"id":40245,"href":"https:\/\/euapp01.newsmemory.com\/lamarseillaise\/news\/wp-json\/wp\/v2\/posts\/40243\/revisions\/40245"}],"wp:featuredmedia":[{"embeddable":true,"href":"https:\/\/euapp01.newsmemory.com\/lamarseillaise\/news\/wp-json\/wp\/v2\/media\/40244"}],"wp:attachment":[{"href":"https:\/\/euapp01.newsmemory.com\/lamarseillaise\/news\/wp-json\/wp\/v2\/media?parent=40243"}],"wp:term":[{"taxonomy":"category","embeddable":true,"href":"https:\/\/euapp01.newsmemory.com\/lamarseillaise\/news\/wp-json\/wp\/v2\/categories?post=40243"},{"taxonomy":"post_tag","embeddable":true,"href":"https:\/\/euapp01.newsmemory.com\/lamarseillaise\/news\/wp-json\/wp\/v2\/tags?post=40243"},{"taxonomy":"news-destination","embeddable":true,"href":"https:\/\/euapp01.newsmemory.com\/lamarseillaise\/news\/wp-json\/wp\/v2\/news-destination?post=40243"},{"taxonomy":"news-source","embeddable":true,"href":"https:\/\/euapp01.newsmemory.com\/lamarseillaise\/news\/wp-json\/wp\/v2\/news-source?post=40243"},{"taxonomy":"is_homepage","embeddable":true,"href":"https:\/\/euapp01.newsmemory.com\/lamarseillaise\/news\/wp-json\/wp\/v2\/is_homepage?post=40243"},{"taxonomy":"ta_other","embeddable":true,"href":"https:\/\/euapp01.newsmemory.com\/lamarseillaise\/news\/wp-json\/wp\/v2\/ta_other?post=40243"}],"curies":[{"name":"wp","href":"https:\/\/api.w.org\/{rel}","templated":true}]}}