{"id":40240,"date":"2026-08-25T08:22:00","date_gmt":"2026-08-25T06:22:00","guid":{"rendered":"https:\/\/euapp01.newsmemory.com\/lamarseillaise\/news\/?p=40240"},"modified":"2026-08-29T10:53:12","modified_gmt":"2026-08-29T08:53:12","slug":"un-sursis-pour-les-roms-de-la-valentine","status":"publish","type":"post","link":"https:\/\/euapp01.newsmemory.com\/lamarseillaise\/news\/2026\/08\/25\/un-sursis-pour-les-roms-de-la-valentine\/","title":{"rendered":"Un sursis pour les Roms de la Valentine"},"content":{"rendered":"<div class=\"paragraph\">\n<p>L\u2019audience en r\u00e9f\u00e9r\u00e9 suspension demand\u00e9e aupr\u00e8s du pr\u00e9sident de la Cour d\u2019appel par Ma\u00eetre Adam Borie, l\u2019avocat des 250\u00a0personnes qui vivent sur la friche de l\u2019ex-usine Procida, le long de l\u2019Huveaune, et qui devait avoir lieu ce lundi 24\u00a0ao\u00fbt a finalement \u00e9t\u00e9 repouss\u00e9e au 24\u00a0septembre apr\u00e8s demande de renvoi du conseil du propri\u00e9taire d\u2019une grande partie du terrain, Prodev.<\/p>\n<\/p><\/div>\n<div class=\"intext\"> Deux op\u00e9rations avort\u00e9es\n              <\/div>\n<div class=\"paragraph\">\n<p>Ce dernier assurant que le recours \u00e0 la force publique pour expulser les familles ne serait pas demand\u00e9 avant le 30\u00a0septembre. O\u00f9 l\u2019on apprend au passage que deux op\u00e9rations d\u2019expulsion ont \u00e9t\u00e9 programm\u00e9es puis annul\u00e9es au cours de la p\u00e9riode \u00e9coul\u00e9e&#8230; C\u2019est donc un \u00ab\u00a0<i>sursis<\/i>\u00a0\u00bb s\u2019est f\u00e9licit\u00e9 Ma\u00eetre Borie. De quoi permettre aussi aux enfants, tous scolaris\u00e9s, de faire leur rentr\u00e9e. En esp\u00e9rant qu\u2019ils puissent mener leur ann\u00e9e \u00e0 son terme. Une audience en appel de la d\u00e9cision du 24\u00a0d\u00e9cembre reste programm\u00e9e au 23\u00a0f\u00e9vrier 2027.<\/p>\n<\/p><\/div>\n","protected":false},"excerpt":{"rendered":"L&rsquo;audience en r&eacute;f&eacute;r&eacute; suspension demand&eacute;e aupr&egrave;s du pr&eacute;sident de la Cour d&rsquo;appel par Ma&icirc;tre Adam Borie, l&rsquo;avocat des 250&nbsp;personnes qui vivent sur la friche de l&rsquo;ex-usine &#8230;","protected":false},"author":1,"featured_media":40241,"comment_status":"open","ping_status":"open","sticky":false,"template":"","format":"standard","meta":{"footnotes":""},"categories":[3926,3925,20],"tags":[10,1003,57,754,16,1750,716,2692],"news-destination":[3944],"news-source":[475],"is_homepage":[],"ta_other":[],"class_list":["post-40240","post","type-post","status-publish","format-standard","has-post-thumbnail","hentry","category-accueil-merge","category-accueil-third","category-societe","tag-bouches-du-rhone","tag-concours","tag-enfants","tag-familles","tag-marseille","tag-marseille-11e-arrondissement","tag-rentree","tag-roms","news-destination-homepage","news-source-website"],"_links":{"self":[{"href":"https:\/\/euapp01.newsmemory.com\/lamarseillaise\/news\/wp-json\/wp\/v2\/posts\/40240","targetHints":{"allow":["GET"]}}],"collection":[{"href":"https:\/\/euapp01.newsmemory.com\/lamarseillaise\/news\/wp-json\/wp\/v2\/posts"}],"about":[{"href":"https:\/\/euapp01.newsmemory.com\/lamarseillaise\/news\/wp-json\/wp\/v2\/types\/post"}],"author":[{"embeddable":true,"href":"https:\/\/euapp01.newsmemory.com\/lamarseillaise\/news\/wp-json\/wp\/v2\/users\/1"}],"replies":[{"embeddable":true,"href":"https:\/\/euapp01.newsmemory.com\/lamarseillaise\/news\/wp-json\/wp\/v2\/comments?post=40240"}],"version-history":[{"count":1,"href":"https:\/\/euapp01.newsmemory.com\/lamarseillaise\/news\/wp-json\/wp\/v2\/posts\/40240\/revisions"}],"predecessor-version":[{"id":40242,"href":"https:\/\/euapp01.newsmemory.com\/lamarseillaise\/news\/wp-json\/wp\/v2\/posts\/40240\/revisions\/40242"}],"wp:featuredmedia":[{"embeddable":true,"href":"https:\/\/euapp01.newsmemory.com\/lamarseillaise\/news\/wp-json\/wp\/v2\/media\/40241"}],"wp:attachment":[{"href":"https:\/\/euapp01.newsmemory.com\/lamarseillaise\/news\/wp-json\/wp\/v2\/media?parent=40240"}],"wp:term":[{"taxonomy":"category","embeddable":true,"href":"https:\/\/euapp01.newsmemory.com\/lamarseillaise\/news\/wp-json\/wp\/v2\/categories?post=40240"},{"taxonomy":"post_tag","embeddable":true,"href":"https:\/\/euapp01.newsmemory.com\/lamarseillaise\/news\/wp-json\/wp\/v2\/tags?post=40240"},{"taxonomy":"news-destination","embeddable":true,"href":"https:\/\/euapp01.newsmemory.com\/lamarseillaise\/news\/wp-json\/wp\/v2\/news-destination?post=40240"},{"taxonomy":"news-source","embeddable":true,"href":"https:\/\/euapp01.newsmemory.com\/lamarseillaise\/news\/wp-json\/wp\/v2\/news-source?post=40240"},{"taxonomy":"is_homepage","embeddable":true,"href":"https:\/\/euapp01.newsmemory.com\/lamarseillaise\/news\/wp-json\/wp\/v2\/is_homepage?post=40240"},{"taxonomy":"ta_other","embeddable":true,"href":"https:\/\/euapp01.newsmemory.com\/lamarseillaise\/news\/wp-json\/wp\/v2\/ta_other?post=40240"}],"curies":[{"name":"wp","href":"https:\/\/api.w.org\/{rel}","templated":true}]}}