{"id":40234,"date":"2026-08-25T08:19:00","date_gmt":"2026-08-25T06:19:00","guid":{"rendered":"https:\/\/euapp01.newsmemory.com\/lamarseillaise\/news\/?p=40234"},"modified":"2026-08-29T10:40:54","modified_gmt":"2026-08-29T08:40:54","slug":"dans-le-vaucluse-une-usine-dhuiles-essentielles-mise-en-demeure-de-depolluer","status":"publish","type":"post","link":"https:\/\/euapp01.newsmemory.com\/lamarseillaise\/news\/2026\/08\/25\/dans-le-vaucluse-une-usine-dhuiles-essentielles-mise-en-demeure-de-depolluer\/","title":{"rendered":"Dans le Vaucluse, une usine d\u2019huiles essentielles mise en demeure de d\u00e9polluer"},"content":{"rendered":"<div class=\"paragraph\">\n<p>Une sorte de double peine. Dans la nuit du 2\u00a0au 3\u00a0ao\u00fbt, un violent incendie a d\u00e9truit 1\u00a0300\u00a0m<sup>2<\/sup> de l\u2019entreprise Rosier-Davenne, laboratoire de production d\u2019huiles essentielles \u00e0 Ch\u00e2teauneuf-de-Gadagne. Depuis, le site est ferm\u00e9, au moins jusqu\u2019\u00e0 la fin du mois. \u00ab\u00a0<i>Nous prenons le temps n\u00e9cessaire pour remettre les choses en place dans les meilleures conditions et assurer une r\u00e9ouverture efficace<\/i>\u00a0\u00bb, note dans un courriel automatique Rosier-Davenne*.<\/p>\n<p>Au-del\u00e0 du sinistre, l\u2019impact sur le milieu environnant est plac\u00e9 sous haute surveillance et fait l\u2019objet d\u2019un suivi par la Ville et diff\u00e9rents services sanitaires et environnementaux de l\u2019\u00c9tat. Dans un communiqu\u00e9 le 7\u00a0ao\u00fbt, la municipalit\u00e9 indiquait que \u00ab\u00a0<i>selon l\u2019ARS, les polluants d\u00e9tect\u00e9s ne pr\u00e9sentent pas de toxicit\u00e9 majeure et leurs concentrations dans l\u2019eau de la nappe restent faibles<\/i><i>\u00a0<\/i>\u00bb. Mais, la situation \u00ab<i>\u00a0<\/i><i>n\u00e9cessite une surveillance attentive<\/i>\u00a0\u00bb, estime la Ville dans une nouvelle communication, jeudi dernier. Insistant sur le fait que \u00ab\u00a0<i>les tr\u00e8s fortes odeurs<\/i><i>\u00a0<\/i>\u00bb pouvant \u00eatre per\u00e7ues ne \u00ab\u00a0<i>pr\u00e9sentent pas de toxicit\u00e9<\/i><i>\u00a0<\/i>\u00bb, la Ville invite \u00e0 ne \u00ab\u00a0<i>pas consommer l\u2019eau provenant des forages priv\u00e9s dans le secteur potentiellement concern\u00e9 par la pollution de la nappe<\/i>\u00a0\u00bb. Pollution dont les \u00ab<i>\u00a0<\/i><i>conclusions sur son \u00e9tendue<\/i>\u00a0\u00bb sont \u00e0 ce stade encore \u00ab\u00a0<i>pr\u00e9matur\u00e9es<\/i><i>\u00a0<\/i>\u00bb.<\/p>\n<p>C\u2019est dans cette m\u00eame optique que la pr\u00e9fecture a pris, le 10\u00a0ao\u00fbt, un arr\u00eat\u00e9 mettant en demeure Rosier Davenne \u00ab\u00a0<i>de faire cesser toutes pollutions au milieu naturel et mettre en \u0153uvre les mesures prescrites<\/i>\u00a0\u00bb. L\u2019\u00c9tat s\u2019inqui\u00e8te notamment de \u00ab<i>\u00a0<\/i><i>l\u2019incertitude sur l\u2019\u00e9tanch\u00e9it\u00e9<\/i><i>\u00a0<\/i>\u00bb du bassin de r\u00e9tention enterr\u00e9 du site, qui a r\u00e9cup\u00e9r\u00e9 une partie des eaux de l\u2019extinction de l\u2019incendie. Idem, ces m\u00eames eaux souill\u00e9es se sont \u00ab<i>\u00a0<\/i><i>d\u00e9vers\u00e9es dans le r\u00e9seau d\u2019eaux pluviales qui se rejette dans le cours d\u2019eau le canal du Moulin<\/i><i>\u00a0<\/i>\u00bb. L\u2019arr\u00eat\u00e9 somme le labo de r\u00e9aliser plusieurs mesures \u00e0 court terme (une ou deux semaines) ou plus long terme (un \u00e0 deux mois). L\u2019entreprise doit, par exemple, \u00ab<i>\u00a0<\/i><i>vider, sous une semaine, tous les effluents contenus dans le bassin de r\u00e9tention<\/i>\u00a0\u00bb ou \u00ab\u00a0<i>r\u00e9aliser le pompage des eaux pollu\u00e9es stagnantes dans le foss\u00e9, puis son curage<\/i>\u00a0\u00bb mais aussi \u00ab<i>\u00a0<\/i><i>effectuer une \u00e9tude sur l\u2019\u00e9tat du bassin de r\u00e9tention<\/i>\u00a0\u00bb et \u00ab\u00a0<i>proc\u00e9der, sous deux mois, au nettoyage du site<\/i><i>\u00a0<\/i>\u00bb.<\/p>\n<\/p><\/div>\n<div class=\"paragraph\">\n<p><i>* Qui n\u2019a pu \u00eatre jointe.<\/i><\/p>\n<\/p><\/div>\n","protected":false},"excerpt":{"rendered":"Une sorte de double peine. Dans la nuit du 2&nbsp;au 3&nbsp;ao&ucirc;t, un violent incendie a d&eacute;truit 1&nbsp;300&nbsp;m2 de l&rsquo;entreprise Rosier-Davenne, laboratoire de production d&rsquo;huiles essentielles &agrave; &#8230;","protected":false},"author":1,"featured_media":40235,"comment_status":"open","ping_status":"open","sticky":false,"template":"","format":"standard","meta":{"footnotes":""},"categories":[3926,3925,338,333],"tags":[495,319,116,171],"news-destination":[3944],"news-source":[475],"is_homepage":[],"ta_other":[],"class_list":["post-40234","post","type-post","status-publish","format-standard","has-post-thumbnail","hentry","category-accueil-merge","category-accueil-third","category-economie","category-environnement","tag-495","tag-incendie","tag-pollution","tag-vaucluse","news-destination-homepage","news-source-website"],"_links":{"self":[{"href":"https:\/\/euapp01.newsmemory.com\/lamarseillaise\/news\/wp-json\/wp\/v2\/posts\/40234","targetHints":{"allow":["GET"]}}],"collection":[{"href":"https:\/\/euapp01.newsmemory.com\/lamarseillaise\/news\/wp-json\/wp\/v2\/posts"}],"about":[{"href":"https:\/\/euapp01.newsmemory.com\/lamarseillaise\/news\/wp-json\/wp\/v2\/types\/post"}],"author":[{"embeddable":true,"href":"https:\/\/euapp01.newsmemory.com\/lamarseillaise\/news\/wp-json\/wp\/v2\/users\/1"}],"replies":[{"embeddable":true,"href":"https:\/\/euapp01.newsmemory.com\/lamarseillaise\/news\/wp-json\/wp\/v2\/comments?post=40234"}],"version-history":[{"count":1,"href":"https:\/\/euapp01.newsmemory.com\/lamarseillaise\/news\/wp-json\/wp\/v2\/posts\/40234\/revisions"}],"predecessor-version":[{"id":40236,"href":"https:\/\/euapp01.newsmemory.com\/lamarseillaise\/news\/wp-json\/wp\/v2\/posts\/40234\/revisions\/40236"}],"wp:featuredmedia":[{"embeddable":true,"href":"https:\/\/euapp01.newsmemory.com\/lamarseillaise\/news\/wp-json\/wp\/v2\/media\/40235"}],"wp:attachment":[{"href":"https:\/\/euapp01.newsmemory.com\/lamarseillaise\/news\/wp-json\/wp\/v2\/media?parent=40234"}],"wp:term":[{"taxonomy":"category","embeddable":true,"href":"https:\/\/euapp01.newsmemory.com\/lamarseillaise\/news\/wp-json\/wp\/v2\/categories?post=40234"},{"taxonomy":"post_tag","embeddable":true,"href":"https:\/\/euapp01.newsmemory.com\/lamarseillaise\/news\/wp-json\/wp\/v2\/tags?post=40234"},{"taxonomy":"news-destination","embeddable":true,"href":"https:\/\/euapp01.newsmemory.com\/lamarseillaise\/news\/wp-json\/wp\/v2\/news-destination?post=40234"},{"taxonomy":"news-source","embeddable":true,"href":"https:\/\/euapp01.newsmemory.com\/lamarseillaise\/news\/wp-json\/wp\/v2\/news-source?post=40234"},{"taxonomy":"is_homepage","embeddable":true,"href":"https:\/\/euapp01.newsmemory.com\/lamarseillaise\/news\/wp-json\/wp\/v2\/is_homepage?post=40234"},{"taxonomy":"ta_other","embeddable":true,"href":"https:\/\/euapp01.newsmemory.com\/lamarseillaise\/news\/wp-json\/wp\/v2\/ta_other?post=40234"}],"curies":[{"name":"wp","href":"https:\/\/api.w.org\/{rel}","templated":true}]}}