{"id":40231,"date":"2026-08-25T07:52:00","date_gmt":"2026-08-25T05:52:00","guid":{"rendered":"https:\/\/euapp01.newsmemory.com\/lamarseillaise\/news\/?p=40231"},"modified":"2026-08-29T10:26:56","modified_gmt":"2026-08-29T08:26:56","slug":"le-tribunal-remise-les-transats-de-la-ciotat","status":"publish","type":"post","link":"https:\/\/euapp01.newsmemory.com\/lamarseillaise\/news\/2026\/08\/25\/le-tribunal-remise-les-transats-de-la-ciotat\/","title":{"rendered":"Le tribunal remise les transats de La Ciotat"},"content":{"rendered":"<div class=\"paragraph\">\n<p>\u00ab <i>C<\/i><i>\u2019est peut-\u00eatre injuste, mais ce n\u2019est pas ill\u00e9gal<\/i>\u00a0\u00bb Au tribunal administratif de Marseille, ce lundi, le juge des r\u00e9f\u00e9r\u00e9s Jean-Marie Argoud a tenu \u00e0 recentrer les d\u00e9bats sur la demande d\u2019expulsion, par la Pr\u00e9fecture, des transats install\u00e9s sur la Grande plage de La\u00a0Ciotat par les \u00e9tablissements KS13 et La Vague. La pr\u00e9fecture des Bouches-du-Rh\u00f4ne estime que la parcelle exploit\u00e9e par le couple Lelieur appartient au domaine public maritime de l\u2019\u00c9tat depuis le recul du trait de c\u00f4te d\u00e9cid\u00e9 en ao\u00fbt\u00a02025. Et soutient qu\u2019elle n\u2019a pas fait l\u2019objet d\u2019autorisation d\u2019exploitation par la mairie de La\u00a0Ciotat, dans le cadre de la concession pass\u00e9e entre la Ville et l\u2019\u00c9tat.<i> <\/i>\u00ab<i>\u00a0<\/i><i>Je n\u2019ai aucun document d\u2019autorisation d\u2019exploitation de la part de la mairie<\/i><i>\u00a0<\/i>\u00bb, confirme le juge.<\/p>\n<p>Pour M<sup>e<\/sup>\u00a0Beno\u00eet Jorion, l\u2019arr\u00eat\u00e9 d\u2019ao\u00fbt\u00a02025 est au c\u0153ur du litige. \u00ab<i>\u00a0<\/i><i>C\u2019est un arr\u00eat\u00e9 qui spolie le fruit d\u2019une vie de travail<\/i><i>\u00a0<\/i>\u00bb, d\u00e9nonce l\u2019avocat du couple. \u00ab<i>\u00a0<\/i><i>Quand un \u00e9tablissement exploite un emplacement et y pose un certain nombre de transats et les loue, c\u2019est de la privatisation<\/i><i>\u00a0<\/i>\u00bb, lui r\u00e9pond Jean-Marie Argoud. La d\u00e9fense conteste l\u2019expulsion sous deux jours et l\u2019astreinte de 10\u00a0000\u00a0euros par jour de retard demand\u00e9es par la Pr\u00e9fecture. De son c\u00f4t\u00e9, la Pr\u00e9fecture se d\u00e9fend\u00a0: \u00ab\u00a0<i>L\u2019astreinte est tr\u00e8s urgente du fait de l\u2019\u00e9chec des proc\u00e9dures intent\u00e9es contre le couple<\/i><i>\u00a0<\/i>\u00bb, plaide Emmanuel Shearer, repr\u00e9sentant la Pr\u00e9fecture, \u00e9voquant la premi\u00e8re confiscation des transats par les services de l\u2019\u00c9tat le 25\u00a0juin dernier.<\/p>\n<p>Le tribunal administratif a rendu sa d\u00e9cision dans la soir\u00e9e et ordonne aux propri\u00e9taires de retirer les transats du domaine public sous 48\u00a0heures. Avec 10\u00a0000\u00a0euros d\u2019astreinte par jour de retard.<\/p>\n<\/p><\/div>\n","protected":false},"excerpt":{"rendered":"&laquo; C&rsquo;est peut-&ecirc;tre injuste, mais ce n&rsquo;est pas ill&eacute;gal&nbsp;&raquo; Au tribunal administratif de Marseille, ce lundi, le juge des r&eacute;f&eacute;r&eacute;s Jean-Marie Argoud a tenu &agrave; recentrer les d&eacute;bats &#8230;","protected":false},"author":1,"featured_media":40232,"comment_status":"open","ping_status":"open","sticky":false,"template":"","format":"standard","meta":{"footnotes":""},"categories":[3926,3925,4383,20],"tags":[1062,10,660,743,1856,3694,5412,1131,1581,790],"news-destination":[3944],"news-source":[475],"is_homepage":[],"ta_other":[],"class_list":["post-40231","post","type-post","status-publish","format-standard","has-post-thumbnail","hentry","category-accueil-merge","category-accueil-third","category-justice","category-societe","tag-arrete","tag-bouches-du-rhone","tag-cote","tag-la-ciotat","tag-maritime","tag-plage","tag-plages-privees","tag-prefecture","tag-privatisation","tag-tribunal-administratif","news-destination-homepage","news-source-website"],"_links":{"self":[{"href":"https:\/\/euapp01.newsmemory.com\/lamarseillaise\/news\/wp-json\/wp\/v2\/posts\/40231","targetHints":{"allow":["GET"]}}],"collection":[{"href":"https:\/\/euapp01.newsmemory.com\/lamarseillaise\/news\/wp-json\/wp\/v2\/posts"}],"about":[{"href":"https:\/\/euapp01.newsmemory.com\/lamarseillaise\/news\/wp-json\/wp\/v2\/types\/post"}],"author":[{"embeddable":true,"href":"https:\/\/euapp01.newsmemory.com\/lamarseillaise\/news\/wp-json\/wp\/v2\/users\/1"}],"replies":[{"embeddable":true,"href":"https:\/\/euapp01.newsmemory.com\/lamarseillaise\/news\/wp-json\/wp\/v2\/comments?post=40231"}],"version-history":[{"count":1,"href":"https:\/\/euapp01.newsmemory.com\/lamarseillaise\/news\/wp-json\/wp\/v2\/posts\/40231\/revisions"}],"predecessor-version":[{"id":40233,"href":"https:\/\/euapp01.newsmemory.com\/lamarseillaise\/news\/wp-json\/wp\/v2\/posts\/40231\/revisions\/40233"}],"wp:featuredmedia":[{"embeddable":true,"href":"https:\/\/euapp01.newsmemory.com\/lamarseillaise\/news\/wp-json\/wp\/v2\/media\/40232"}],"wp:attachment":[{"href":"https:\/\/euapp01.newsmemory.com\/lamarseillaise\/news\/wp-json\/wp\/v2\/media?parent=40231"}],"wp:term":[{"taxonomy":"category","embeddable":true,"href":"https:\/\/euapp01.newsmemory.com\/lamarseillaise\/news\/wp-json\/wp\/v2\/categories?post=40231"},{"taxonomy":"post_tag","embeddable":true,"href":"https:\/\/euapp01.newsmemory.com\/lamarseillaise\/news\/wp-json\/wp\/v2\/tags?post=40231"},{"taxonomy":"news-destination","embeddable":true,"href":"https:\/\/euapp01.newsmemory.com\/lamarseillaise\/news\/wp-json\/wp\/v2\/news-destination?post=40231"},{"taxonomy":"news-source","embeddable":true,"href":"https:\/\/euapp01.newsmemory.com\/lamarseillaise\/news\/wp-json\/wp\/v2\/news-source?post=40231"},{"taxonomy":"is_homepage","embeddable":true,"href":"https:\/\/euapp01.newsmemory.com\/lamarseillaise\/news\/wp-json\/wp\/v2\/is_homepage?post=40231"},{"taxonomy":"ta_other","embeddable":true,"href":"https:\/\/euapp01.newsmemory.com\/lamarseillaise\/news\/wp-json\/wp\/v2\/ta_other?post=40231"}],"curies":[{"name":"wp","href":"https:\/\/api.w.org\/{rel}","templated":true}]}}